{"id":1013,"date":"2023-07-12T16:25:47","date_gmt":"2023-07-12T14:25:47","guid":{"rendered":"https:\/\/regbu.com\/?p=1013"},"modified":"2025-09-05T07:41:16","modified_gmt":"2025-09-05T05:41:16","slug":"zanet-slepeho-streva-pozor-na-nej","status":"publish","type":"post","link":"https:\/\/regbu.com\/es\/infestacion-de-arboles-ciegos-atencion\/","title":{"rendered":"Apendicitis - Cuidado con ella"},"content":{"rendered":"<p>La apendicitis es sin duda una enfermedad poco envidiable. Adem\u00e1s de <strong><a href=\"https:\/\/regbu.com\/es\/enema-encefalitis-es-una-enfermedad-de-fondo\/\">encefalitis transmitida por garrapatas<\/a><\/strong>. En este caso, sin embargo, el culpable no es la garrapata, sino la propia persona. De hecho, hay varias causas de la aparici\u00f3n de esta enfermedad. Algunas de ellas son culpa nuestra, otras no.<\/p>\n\n\n\n<ul class=\"wp-block-list\">\n<li>Malos h\u00e1bitos alimenticios<\/li>\n\n\n\n<li>Par\u00e1sitos en forma de asc\u00e1rides<\/li>\n\n\n\n<li>Objeto extra\u00f1o en el cuerpo<\/li>\n<\/ul>\n\n\n\n<p>Este tipo de inflamaci\u00f3n es dolorosa y, si no se trata, puede incluso poner en peligro la vida de una persona. Por eso conviene saber cu\u00e1les son los s\u00edntomas de la enfermedad, c\u00f3mo puede tratarse, etc.<\/p>\n\n\n\n<h2 class=\"wp-block-heading\">Informaci\u00f3n importante sobre la apendicitis<\/h2>\n\n\n\n<p>La apendicitis suele denominarse <strong>apendicitis<\/strong>. Este t\u00e9rmino t\u00e9cnico presenta dolor en la zona del ombligo, que se desplaza gradualmente a la parte inferior del abdomen. Desde el punto de vista de la inflamaci\u00f3n, encontrar\u00e1 dos variantes. Se trata de la inflamaci\u00f3n aguda y la inflamaci\u00f3n cr\u00f3nica. Consulte la tabla para obtener m\u00e1s detalles.<\/p>\n\n\n\n<figure class=\"wp-block-table\"><table><tbody><tr><td><strong>Asunto<\/strong><\/td><td><strong>Informaci\u00f3n<\/strong><\/td><\/tr><tr><td>Inflamaci\u00f3n aguda<\/td><td>Inicio r\u00e1pido<\/td><\/tr><tr><td>Inflamaci\u00f3n cr\u00f3nica<\/td><td>Dolor a largo plazo<\/td><\/tr><tr><td>Donde no hay enfermedad<\/td><td>\u00c1frica y Asia<\/td><\/tr><tr><td>Otra causa<\/td><td>Atasco con un trozo de heces<\/td><\/tr><\/tbody><\/table><figcaption class=\"wp-element-caption\">Informaci\u00f3n adicional sobre la apendicitis<\/figcaption><\/figure>\n\n\n\n<p>Si cree que padece esta enfermedad, es aconsejable que acuda al m\u00e9dico lo antes posible. Uno de los s\u00edntomas ser\u00e1, entre otros, un abdomen sensible al tacto en la zona del bajo vientre del lado derecho.<\/p>\n\n\n\n<h3 class=\"wp-block-heading\">Apendicitis y otros s\u00edntomas<\/h3>\n\n\n\n<p>Por supuesto, los s\u00edntomas de esta enfermedad son m\u00e1s que suficientes. A los mencionados dolores abdominales, se a\u00f1aden con mucha frecuencia v\u00f3mitos y diarrea. Adem\u00e1s, es <em>estre\u00f1imiento, falta de apetito, pero tambi\u00e9n un pulso muy r\u00e1pido<\/em>. Como resultado, puede sentir bastante malestar. En tal caso, debe ponerse r\u00e1pidamente en alerta y acudir a un centro m\u00e9dico.<\/p>\n\n\n\n<p>La apendicitis propiamente dicha se trata en funci\u00f3n del alcance de la enfermedad. En algunas situaciones, la cl\u00e1sica aplicaci\u00f3n de hielo ayuda. Si se trata de una enfermedad m\u00e1s extensa, en la mayor\u00eda de los casos se termina con una intervenci\u00f3n quir\u00fargica, respectivamente la extirpaci\u00f3n del ap\u00e9ndice. Si se subestima la enfermedad <strong>puede causar una inflamaci\u00f3n no deseada<\/strong>que amenaza el peritoneo.<\/p>\n\n\n\n<p>Puedes contar con llevar una vida plena sin restricciones tras la extirpaci\u00f3n del ap\u00e9ndice. Si quieres prevenir posibles enfermedades, incluye m\u00e1s fibra en tu dieta habitual.<\/p>","protected":false},"excerpt":{"rendered":"<p>La apendicitis es, sin duda, una enfermedad poco envidiable. Igual que la encefalitis transmitida por garrapatas. En este caso, sin embargo, el culpable no es la garrapata, sino el propio hombre. Hay varias causas de esta enfermedad. Algunas de ellas son culpa nuestra, otras no. Este tipo de inflamaci\u00f3n es dolorosa y, si no se trata, puede incluso poner en peligro la vida de una persona. Es ... <\/p>","protected":false},"author":2,"featured_media":1014,"comment_status":"closed","ping_status":"closed","sticky":false,"template":"","format":"standard","meta":{"footnotes":""},"categories":[197],"tags":[1039,1037,1026,1027,1034,1038,168,1035,1033,1036],"class_list":["post-1013","post","type-post","status-publish","format-standard","has-post-thumbnail","hentry","category-lidske-zdravi","tag-apendicita","tag-apendix","tag-nemoc","tag-onemocneni","tag-slepe-strevo","tag-stolice","tag-stravovani","tag-strevo","tag-zanet","tag-zanet-slepeho-streva"],"yoast_head":"<!-- This site is optimized with the Yoast SEO plugin v27.5 - https:\/\/yoast.com\/product\/yoast-seo-wordpress\/ -->\n<title>Z\u00e1n\u011bt slep\u00e9ho st\u0159eva \u2013 Pozor na n\u011bj - REGBU.COM<\/title>\n<meta name=\"description\" content=\"Z\u00e1n\u011bt slep\u00e9ho st\u0159eva nen\u00ed radno za \u017e\u00e1dn\u00fdch okolnost\u00ed podce\u0148ovat. Zn\u00e1te p\u0159\u00ed\u010diny a z\u00e1rove\u0148 l\u00e9\u010dbu tohoto onemocn\u011bn\u00ed?\" \/>\n<meta name=\"robots\" content=\"index, follow, max-snippet:-1, max-image-preview:large, max-video-preview:-1\" \/>\n<link rel=\"canonical\" href=\"https:\/\/regbu.com\/es\/infestacion-de-arboles-ciegos-atencion\/\" \/>\n<meta property=\"og:locale\" content=\"es_ES\" \/>\n<meta property=\"og:type\" content=\"article\" \/>\n<meta property=\"og:title\" content=\"Z\u00e1n\u011bt slep\u00e9ho st\u0159eva \u2013 Pozor na n\u011bj - REGBU.COM\" \/>\n<meta property=\"og:description\" content=\"Z\u00e1n\u011bt slep\u00e9ho st\u0159eva nen\u00ed radno za \u017e\u00e1dn\u00fdch okolnost\u00ed podce\u0148ovat. Zn\u00e1te p\u0159\u00ed\u010diny a z\u00e1rove\u0148 l\u00e9\u010dbu tohoto onemocn\u011bn\u00ed?\" \/>\n<meta property=\"og:url\" content=\"https:\/\/regbu.com\/es\/infestacion-de-arboles-ciegos-atencion\/\" \/>\n<meta property=\"og:site_name\" content=\"REGBU.COM\" \/>\n<meta property=\"article:published_time\" content=\"2023-07-12T14:25:47+00:00\" \/>\n<meta property=\"article:modified_time\" content=\"2025-09-05T05:41:16+00:00\" \/>\n<meta property=\"og:image\" content=\"https:\/\/regbu.com\/wp-content\/uploads\/2023\/07\/zanet-slepeho-streva-pozor-na-nej.jpg\" \/>\n\t<meta property=\"og:image:width\" content=\"1200\" \/>\n\t<meta property=\"og:image:height\" content=\"679\" \/>\n\t<meta property=\"og:image:type\" content=\"image\/jpeg\" \/>\n<meta name=\"author\" content=\"George Martin\" \/>\n<meta name=\"twitter:card\" content=\"summary_large_image\" \/>\n<meta name=\"twitter:label1\" content=\"Escrito por\" \/>\n\t<meta name=\"twitter:data1\" content=\"George Martin\" \/>\n\t<meta name=\"twitter:label2\" content=\"Tiempo de lectura\" \/>\n\t<meta name=\"twitter:data2\" content=\"2 minutos\" \/>\n<script type=\"application\/ld+json\" class=\"yoast-schema-graph\">{\"@context\":\"https:\\\/\\\/schema.org\",\"@graph\":[{\"@type\":\"Article\",\"@id\":\"https:\\\/\\\/regbu.com\\\/es\\\/infestacion-de-arboles-ciegos-atencion\\\/#article\",\"isPartOf\":{\"@id\":\"https:\\\/\\\/regbu.com\\\/es\\\/infestacion-de-arboles-ciegos-atencion\\\/\"},\"author\":{\"name\":\"George Martin\",\"@id\":\"https:\\\/\\\/regbu.com\\\/en\\\/#\\\/schema\\\/person\\\/94ea9deda2629771b8a9ced002f6784e\"},\"headline\":\"Z\u00e1n\u011bt slep\u00e9ho st\u0159eva \u2013 Pozor na n\u011bj\",\"datePublished\":\"2023-07-12T14:25:47+00:00\",\"dateModified\":\"2025-09-05T05:41:16+00:00\",\"mainEntityOfPage\":{\"@id\":\"https:\\\/\\\/regbu.com\\\/es\\\/infestacion-de-arboles-ciegos-atencion\\\/\"},\"wordCount\":493,\"image\":{\"@id\":\"https:\\\/\\\/regbu.com\\\/es\\\/infestacion-de-arboles-ciegos-atencion\\\/#primaryimage\"},\"thumbnailUrl\":\"https:\\\/\\\/regbu.com\\\/wp-content\\\/uploads\\\/2023\\\/07\\\/zanet-slepeho-streva-pozor-na-nej.jpg\",\"keywords\":[\"apendicita\",\"apendix\",\"nemoc\",\"onemocn\u011bn\u00ed\",\"slep\u00e9 st\u0159evo\",\"stolice\",\"stravov\u00e1n\u00ed\",\"st\u0159evo\",\"z\u00e1n\u011bt\",\"z\u00e1n\u011bt slep\u00e9ho st\u0159eva\"],\"articleSection\":[\"Lidsk\u00e9 Zdrav\u00ed\"],\"inLanguage\":\"es\"},{\"@type\":\"WebPage\",\"@id\":\"https:\\\/\\\/regbu.com\\\/es\\\/infestacion-de-arboles-ciegos-atencion\\\/\",\"url\":\"https:\\\/\\\/regbu.com\\\/es\\\/infestacion-de-arboles-ciegos-atencion\\\/\",\"name\":\"Z\u00e1n\u011bt slep\u00e9ho st\u0159eva \u2013 Pozor na n\u011bj - REGBU.COM\",\"isPartOf\":{\"@id\":\"https:\\\/\\\/regbu.com\\\/en\\\/#website\"},\"primaryImageOfPage\":{\"@id\":\"https:\\\/\\\/regbu.com\\\/es\\\/infestacion-de-arboles-ciegos-atencion\\\/#primaryimage\"},\"image\":{\"@id\":\"https:\\\/\\\/regbu.com\\\/es\\\/infestacion-de-arboles-ciegos-atencion\\\/#primaryimage\"},\"thumbnailUrl\":\"https:\\\/\\\/regbu.com\\\/wp-content\\\/uploads\\\/2023\\\/07\\\/zanet-slepeho-streva-pozor-na-nej.jpg\",\"datePublished\":\"2023-07-12T14:25:47+00:00\",\"dateModified\":\"2025-09-05T05:41:16+00:00\",\"author\":{\"@id\":\"https:\\\/\\\/regbu.com\\\/en\\\/#\\\/schema\\\/person\\\/94ea9deda2629771b8a9ced002f6784e\"},\"description\":\"Z\u00e1n\u011bt slep\u00e9ho st\u0159eva nen\u00ed radno za \u017e\u00e1dn\u00fdch okolnost\u00ed podce\u0148ovat. Zn\u00e1te p\u0159\u00ed\u010diny a z\u00e1rove\u0148 l\u00e9\u010dbu tohoto onemocn\u011bn\u00ed?\",\"breadcrumb\":{\"@id\":\"https:\\\/\\\/regbu.com\\\/es\\\/infestacion-de-arboles-ciegos-atencion\\\/#breadcrumb\"},\"inLanguage\":\"es\",\"potentialAction\":[{\"@type\":\"ReadAction\",\"target\":[\"https:\\\/\\\/regbu.com\\\/es\\\/infestacion-de-arboles-ciegos-atencion\\\/\"]}]},{\"@type\":\"ImageObject\",\"inLanguage\":\"es\",\"@id\":\"https:\\\/\\\/regbu.com\\\/es\\\/infestacion-de-arboles-ciegos-atencion\\\/#primaryimage\",\"url\":\"https:\\\/\\\/regbu.com\\\/wp-content\\\/uploads\\\/2023\\\/07\\\/zanet-slepeho-streva-pozor-na-nej.jpg\",\"contentUrl\":\"https:\\\/\\\/regbu.com\\\/wp-content\\\/uploads\\\/2023\\\/07\\\/zanet-slepeho-streva-pozor-na-nej.jpg\",\"width\":1200,\"height\":679,\"caption\":\"Z\u00e1n\u011bt slep\u00e9ho st\u0159eva \u2013 Pozor na n\u011bj\"},{\"@type\":\"BreadcrumbList\",\"@id\":\"https:\\\/\\\/regbu.com\\\/es\\\/infestacion-de-arboles-ciegos-atencion\\\/#breadcrumb\",\"itemListElement\":[{\"@type\":\"ListItem\",\"position\":1,\"name\":\"Home\",\"item\":\"https:\\\/\\\/regbu.com\\\/en\\\/\"},{\"@type\":\"ListItem\",\"position\":2,\"name\":\"Z\u00e1n\u011bt slep\u00e9ho st\u0159eva \u2013 Pozor na n\u011bj\"}]},{\"@type\":\"WebSite\",\"@id\":\"https:\\\/\\\/regbu.com\\\/en\\\/#website\",\"url\":\"https:\\\/\\\/regbu.com\\\/en\\\/\",\"name\":\"REGBU.COM\",\"description\":\"\",\"potentialAction\":[{\"@type\":\"SearchAction\",\"target\":{\"@type\":\"EntryPoint\",\"urlTemplate\":\"https:\\\/\\\/regbu.com\\\/en\\\/?s={search_term_string}\"},\"query-input\":{\"@type\":\"PropertyValueSpecification\",\"valueRequired\":true,\"valueName\":\"search_term_string\"}}],\"inLanguage\":\"es\"},{\"@type\":\"Person\",\"@id\":\"https:\\\/\\\/regbu.com\\\/en\\\/#\\\/schema\\\/person\\\/94ea9deda2629771b8a9ced002f6784e\",\"name\":\"George Martin\",\"url\":\"https:\\\/\\\/regbu.com\\\/es\\\/author\\\/george-martin\\\/\"}]}<\/script>\n<!-- \/ Yoast SEO plugin. -->","yoast_head_json":{"title":"Apendicitis - Cuidado con ella - REGBU.COM","description":"La apendicitis no debe subestimarse bajo ning\u00fan concepto. Conoce las causas y el tratamiento de esta enfermedad?","robots":{"index":"index","follow":"follow","max-snippet":"max-snippet:-1","max-image-preview":"max-image-preview:large","max-video-preview":"max-video-preview:-1"},"canonical":"https:\/\/regbu.com\/es\/infestacion-de-arboles-ciegos-atencion\/","og_locale":"es_ES","og_type":"article","og_title":"Z\u00e1n\u011bt slep\u00e9ho st\u0159eva \u2013 Pozor na n\u011bj - REGBU.COM","og_description":"Z\u00e1n\u011bt slep\u00e9ho st\u0159eva nen\u00ed radno za \u017e\u00e1dn\u00fdch okolnost\u00ed podce\u0148ovat. Zn\u00e1te p\u0159\u00ed\u010diny a z\u00e1rove\u0148 l\u00e9\u010dbu tohoto onemocn\u011bn\u00ed?","og_url":"https:\/\/regbu.com\/es\/infestacion-de-arboles-ciegos-atencion\/","og_site_name":"REGBU.COM","article_published_time":"2023-07-12T14:25:47+00:00","article_modified_time":"2025-09-05T05:41:16+00:00","og_image":[{"width":1200,"height":679,"url":"https:\/\/regbu.com\/wp-content\/uploads\/2023\/07\/zanet-slepeho-streva-pozor-na-nej.jpg","type":"image\/jpeg"}],"author":"George Martin","twitter_card":"summary_large_image","twitter_misc":{"Escrito por":"George Martin","Tiempo de lectura":"2 minutos"},"schema":{"@context":"https:\/\/schema.org","@graph":[{"@type":"Article","@id":"https:\/\/regbu.com\/es\/infestacion-de-arboles-ciegos-atencion\/#article","isPartOf":{"@id":"https:\/\/regbu.com\/es\/infestacion-de-arboles-ciegos-atencion\/"},"author":{"name":"George Martin","@id":"https:\/\/regbu.com\/en\/#\/schema\/person\/94ea9deda2629771b8a9ced002f6784e"},"headline":"Z\u00e1n\u011bt slep\u00e9ho st\u0159eva \u2013 Pozor na n\u011bj","datePublished":"2023-07-12T14:25:47+00:00","dateModified":"2025-09-05T05:41:16+00:00","mainEntityOfPage":{"@id":"https:\/\/regbu.com\/es\/infestacion-de-arboles-ciegos-atencion\/"},"wordCount":493,"image":{"@id":"https:\/\/regbu.com\/es\/infestacion-de-arboles-ciegos-atencion\/#primaryimage"},"thumbnailUrl":"https:\/\/regbu.com\/wp-content\/uploads\/2023\/07\/zanet-slepeho-streva-pozor-na-nej.jpg","keywords":["apendicita","apendix","nemoc","onemocn\u011bn\u00ed","slep\u00e9 st\u0159evo","stolice","stravov\u00e1n\u00ed","st\u0159evo","z\u00e1n\u011bt","z\u00e1n\u011bt slep\u00e9ho st\u0159eva"],"articleSection":["Lidsk\u00e9 Zdrav\u00ed"],"inLanguage":"es"},{"@type":"WebPage","@id":"https:\/\/regbu.com\/es\/infestacion-de-arboles-ciegos-atencion\/","url":"https:\/\/regbu.com\/es\/infestacion-de-arboles-ciegos-atencion\/","name":"Apendicitis - Cuidado con ella - REGBU.COM","isPartOf":{"@id":"https:\/\/regbu.com\/en\/#website"},"primaryImageOfPage":{"@id":"https:\/\/regbu.com\/es\/infestacion-de-arboles-ciegos-atencion\/#primaryimage"},"image":{"@id":"https:\/\/regbu.com\/es\/infestacion-de-arboles-ciegos-atencion\/#primaryimage"},"thumbnailUrl":"https:\/\/regbu.com\/wp-content\/uploads\/2023\/07\/zanet-slepeho-streva-pozor-na-nej.jpg","datePublished":"2023-07-12T14:25:47+00:00","dateModified":"2025-09-05T05:41:16+00:00","author":{"@id":"https:\/\/regbu.com\/en\/#\/schema\/person\/94ea9deda2629771b8a9ced002f6784e"},"description":"La apendicitis no debe subestimarse bajo ning\u00fan concepto. Conoce las causas y el tratamiento de esta enfermedad?","breadcrumb":{"@id":"https:\/\/regbu.com\/es\/infestacion-de-arboles-ciegos-atencion\/#breadcrumb"},"inLanguage":"es","potentialAction":[{"@type":"ReadAction","target":["https:\/\/regbu.com\/es\/infestacion-de-arboles-ciegos-atencion\/"]}]},{"@type":"ImageObject","inLanguage":"es","@id":"https:\/\/regbu.com\/es\/infestacion-de-arboles-ciegos-atencion\/#primaryimage","url":"https:\/\/regbu.com\/wp-content\/uploads\/2023\/07\/zanet-slepeho-streva-pozor-na-nej.jpg","contentUrl":"https:\/\/regbu.com\/wp-content\/uploads\/2023\/07\/zanet-slepeho-streva-pozor-na-nej.jpg","width":1200,"height":679,"caption":"Z\u00e1n\u011bt slep\u00e9ho st\u0159eva \u2013 Pozor na n\u011bj"},{"@type":"BreadcrumbList","@id":"https:\/\/regbu.com\/es\/infestacion-de-arboles-ciegos-atencion\/#breadcrumb","itemListElement":[{"@type":"ListItem","position":1,"name":"Home","item":"https:\/\/regbu.com\/en\/"},{"@type":"ListItem","position":2,"name":"Z\u00e1n\u011bt slep\u00e9ho st\u0159eva \u2013 Pozor na n\u011bj"}]},{"@type":"WebSite","@id":"https:\/\/regbu.com\/en\/#website","url":"https:\/\/regbu.com\/en\/","name":"REGBU.COM","description":"","potentialAction":[{"@type":"SearchAction","target":{"@type":"EntryPoint","urlTemplate":"https:\/\/regbu.com\/en\/?s={search_term_string}"},"query-input":{"@type":"PropertyValueSpecification","valueRequired":true,"valueName":"search_term_string"}}],"inLanguage":"es"},{"@type":"Person","@id":"https:\/\/regbu.com\/en\/#\/schema\/person\/94ea9deda2629771b8a9ced002f6784e","name":"George Martin","url":"https:\/\/regbu.com\/es\/author\/george-martin\/"}]}},"_links":{"self":[{"href":"https:\/\/regbu.com\/es\/wp-json\/wp\/v2\/posts\/1013","targetHints":{"allow":["GET"]}}],"collection":[{"href":"https:\/\/regbu.com\/es\/wp-json\/wp\/v2\/posts"}],"about":[{"href":"https:\/\/regbu.com\/es\/wp-json\/wp\/v2\/types\/post"}],"author":[{"embeddable":true,"href":"https:\/\/regbu.com\/es\/wp-json\/wp\/v2\/users\/2"}],"replies":[{"embeddable":true,"href":"https:\/\/regbu.com\/es\/wp-json\/wp\/v2\/comments?post=1013"}],"version-history":[{"count":2,"href":"https:\/\/regbu.com\/es\/wp-json\/wp\/v2\/posts\/1013\/revisions"}],"predecessor-version":[{"id":1026,"href":"https:\/\/regbu.com\/es\/wp-json\/wp\/v2\/posts\/1013\/revisions\/1026"}],"wp:featuredmedia":[{"embeddable":true,"href":"https:\/\/regbu.com\/es\/wp-json\/wp\/v2\/media\/1014"}],"wp:attachment":[{"href":"https:\/\/regbu.com\/es\/wp-json\/wp\/v2\/media?parent=1013"}],"wp:term":[{"taxonomy":"category","embeddable":true,"href":"https:\/\/regbu.com\/es\/wp-json\/wp\/v2\/categories?post=1013"},{"taxonomy":"post_tag","embeddable":true,"href":"https:\/\/regbu.com\/es\/wp-json\/wp\/v2\/tags?post=1013"}],"curies":[{"name":"wp","href":"https:\/\/api.w.org\/{rel}","templated":true}]}}