{"id":1010,"date":"2023-07-12T16:23:21","date_gmt":"2023-07-12T14:23:21","guid":{"rendered":"https:\/\/regbu.com\/?p=1010"},"modified":"2025-09-05T07:41:18","modified_gmt":"2025-09-05T05:41:18","slug":"klistova-encefalitida-je-zakernou-nemoci","status":"publish","type":"post","link":"https:\/\/regbu.com\/es\/enema-encefalitis-es-una-enfermedad-de-fondo\/","title":{"rendered":"La encefalitis transmitida por garrapatas es una enfermedad insidiosa"},"content":{"rendered":"<p>La encefalitis transmitida por garrapatas no es lo mismo que la <strong><a href=\"https:\/\/regbu.com\/es\/la-obesidad-es-una-obesidad-de-adultos-y-ninos\/\">Obesidad<\/a><\/strong>que muchas personas se han provocado a s\u00ed mismas. Como revela el nombre de la enfermedad, el origen es una garrapata infectada que supone un riesgo importante para la salud humana. Adem\u00e1s de la encefalitis transmitida por garrapatas, \u00e9stas son capaces de transmitir otras enfermedades.<\/p>\n\n\n\n<ul class=\"wp-block-list\">\n<li>Enfermedad de Lyme<\/li>\n\n\n\n<li>Anaplasmosis<\/li>\n\n\n\n<li>Tularemia<\/li>\n<\/ul>\n\n\n\n<p>Cabe se\u00f1alar que una garrapata adherida puede no ser el germen de la enfermedad. La infecciosidad de las garrapatas ronda entre el tres y el cinco por ciento, dependiendo del destino concreto.<\/p>\n\n\n\n<h2 class=\"wp-block-heading\">Encefalitis transmitida por garrapatas y sus fases<\/h2>\n\n\n\n<p>La encefalitis tiene esencialmente dos fases. La primera va acompa\u00f1ada de n\u00e1useas, dolores musculares, articulares y de cabeza. Estos s\u00edntomas se <strong>a\u00f1adir fiebres<\/strong>. Lo peor es que con la encefalitis no se encuentra la proverbial mancha en la piel como con la enfermedad de Lyme. \u00bfY qu\u00e9 hay de la propagaci\u00f3n de esta enfermedad en la Rep\u00fablica Checa?<\/p>\n\n\n\n<figure class=\"wp-block-table\"><table><tbody><tr><td><strong>A\u00f1o<\/strong><\/td><td><strong>N\u00famero de pacientes<\/strong><\/td><\/tr><tr><td>2008<\/td><td>631<\/td><\/tr><tr><td>2011<\/td><td>861<\/td><\/tr><tr><td>2018<\/td><td>715<\/td><\/tr><tr><td>2022<\/td><td>697<\/td><\/tr><\/tbody><\/table><figcaption class=\"wp-element-caption\">Evoluci\u00f3n de la encefalitis transmitida por garrapatas a partir de datos hist\u00f3ricos en la Rep\u00fablica Checa.<\/figcaption><\/figure>\n\n\n\n<p>Tras la primera fase, por supuesto, llega la segunda, que es mucho peor. La persona infectada empieza a sentir somnolencia, hipersensibilidad a la luz y dolores de cabeza insoportables. Esto suele ir acompa\u00f1ado de v\u00f3mitos, par\u00e1lisis de las extremidades inferiores y superiores o rigidez completa del cuello.<\/p>\n\n\n\n<h3 class=\"wp-block-heading\">Tratamiento limitado y secuelas permanentes<\/h3>\n\n\n\n<p>La encefalitis transmitida por garrapatas se asocia con&nbsp;<em>opciones de tratamiento limitadas<\/em>. Un buen sistema inmunitario de la persona infectada desempe\u00f1a un papel crucial en todo el curso del tratamiento. La vacunaci\u00f3n es un cap\u00edtulo en s\u00ed mismo, que no debe subestimarse. La enfermedad es entonces un largo recorrido.<\/p>\n\n\n\n<p>Aunque la encefalitis transmitida por garrapatas se cure, algunos individuos pueden seguir experimentando efectos permanentes que hacen inc\u00f3moda la vida cotidiana. Los dolores de cabeza recurrentes son un ejemplo t\u00edpico. Pueden aparecer <strong>problemas auditivos y de memoria<\/strong>. Puede dificultar la concentraci\u00f3n y la propia enfermedad puede alterar el sue\u00f1o. En el peor de los casos, experimentar\u00e1 par\u00e1lisis de las extremidades y un estr\u00e9s desagradable.<\/p>\n\n\n\n<p>Si decide vacunarse contra la encefalitis transmitida por garrapatas, prevea al menos tres dosis. Cada dosis de refuerzo adicional se administra con un intervalo aproximado de una vez cada cinco a\u00f1os.<\/p>","protected":false},"excerpt":{"rendered":"<p>La encefalitis transmitida por garrapatas no es lo mismo que la obesidad, de la que mucha gente se culpa. Como revela el nombre de la enfermedad, el origen es una garrapata infectada que supone un riesgo importante para la salud humana. Adem\u00e1s de la encefalitis transmitida por garrapatas, \u00e9stas son capaces de transmitir otras enfermedades. Cabe se\u00f1alar que una garrapata puede no ser inmediatamente el germen de esta ... <\/p>","protected":false},"author":2,"featured_media":1011,"comment_status":"closed","ping_status":"closed","sticky":false,"template":"","format":"standard","meta":{"footnotes":""},"categories":[197],"tags":[1032,1029,1024,1025,1023,1028,1030,1026,1027,1031],"class_list":["post-1010","post","type-post","status-publish","format-standard","has-post-thumbnail","hentry","category-lidske-zdravi","tag-bolest","tag-borelioza","tag-encefalitida","tag-kliste","tag-klistova-encefalitida","tag-lecba","tag-naslecky","tag-nemoc","tag-onemocneni","tag-zvraceni"],"yoast_head":"<!-- This site is optimized with the Yoast SEO plugin v27.4 - https:\/\/yoast.com\/product\/yoast-seo-wordpress\/ -->\n<title>Kl\u00ed\u0161\u0165ov\u00e1 encefalitida je z\u00e1ke\u0159nou nemoc\u00ed - REGBU.COM<\/title>\n<meta name=\"description\" content=\"V\u00edte, co si p\u0159edstavit pod pojmem kl\u00ed\u0161\u0165ov\u00e1 encefalitida? Jde o pom\u011brn\u011b z\u00e1va\u017en\u00e9 onemocn\u011bn\u00ed, kter\u00e9 V\u00e1m podrovn\u011bji p\u0159ibl\u00ed\u017e\u00edme.\" \/>\n<meta name=\"robots\" content=\"index, follow, max-snippet:-1, max-image-preview:large, max-video-preview:-1\" \/>\n<link rel=\"canonical\" href=\"https:\/\/regbu.com\/es\/enema-encefalitis-es-una-enfermedad-de-fondo\/\" \/>\n<meta property=\"og:locale\" content=\"es_ES\" \/>\n<meta property=\"og:type\" content=\"article\" \/>\n<meta property=\"og:title\" content=\"Kl\u00ed\u0161\u0165ov\u00e1 encefalitida je z\u00e1ke\u0159nou nemoc\u00ed - REGBU.COM\" \/>\n<meta property=\"og:description\" content=\"V\u00edte, co si p\u0159edstavit pod pojmem kl\u00ed\u0161\u0165ov\u00e1 encefalitida? Jde o pom\u011brn\u011b z\u00e1va\u017en\u00e9 onemocn\u011bn\u00ed, kter\u00e9 V\u00e1m podrovn\u011bji p\u0159ibl\u00ed\u017e\u00edme.\" \/>\n<meta property=\"og:url\" content=\"https:\/\/regbu.com\/es\/enema-encefalitis-es-una-enfermedad-de-fondo\/\" \/>\n<meta property=\"og:site_name\" content=\"REGBU.COM\" \/>\n<meta property=\"article:published_time\" content=\"2023-07-12T14:23:21+00:00\" \/>\n<meta property=\"article:modified_time\" content=\"2025-09-05T05:41:18+00:00\" \/>\n<meta property=\"og:image\" content=\"https:\/\/regbu.com\/wp-content\/uploads\/2023\/07\/klistova-encefalitida-je-zakernou-nemoci.jpg\" \/>\n\t<meta property=\"og:image:width\" content=\"1200\" \/>\n\t<meta property=\"og:image:height\" content=\"679\" \/>\n\t<meta property=\"og:image:type\" content=\"image\/jpeg\" \/>\n<meta name=\"author\" content=\"George Martin\" \/>\n<meta name=\"twitter:card\" content=\"summary_large_image\" \/>\n<meta name=\"twitter:label1\" content=\"Escrito por\" \/>\n\t<meta name=\"twitter:data1\" content=\"George Martin\" \/>\n\t<meta name=\"twitter:label2\" content=\"Tiempo de lectura\" \/>\n\t<meta name=\"twitter:data2\" content=\"2 minutos\" \/>\n<script type=\"application\/ld+json\" class=\"yoast-schema-graph\">{\"@context\":\"https:\\\/\\\/schema.org\",\"@graph\":[{\"@type\":\"Article\",\"@id\":\"https:\\\/\\\/regbu.com\\\/es\\\/enema-encefalitis-es-una-enfermedad-de-fondo\\\/#article\",\"isPartOf\":{\"@id\":\"https:\\\/\\\/regbu.com\\\/es\\\/enema-encefalitis-es-una-enfermedad-de-fondo\\\/\"},\"author\":{\"name\":\"George Martin\",\"@id\":\"https:\\\/\\\/regbu.com\\\/en\\\/#\\\/schema\\\/person\\\/94ea9deda2629771b8a9ced002f6784e\"},\"headline\":\"Kl\u00ed\u0161\u0165ov\u00e1 encefalitida je z\u00e1ke\u0159nou nemoc\u00ed\",\"datePublished\":\"2023-07-12T14:23:21+00:00\",\"dateModified\":\"2025-09-05T05:41:18+00:00\",\"mainEntityOfPage\":{\"@id\":\"https:\\\/\\\/regbu.com\\\/es\\\/enema-encefalitis-es-una-enfermedad-de-fondo\\\/\"},\"wordCount\":443,\"image\":{\"@id\":\"https:\\\/\\\/regbu.com\\\/es\\\/enema-encefalitis-es-una-enfermedad-de-fondo\\\/#primaryimage\"},\"thumbnailUrl\":\"https:\\\/\\\/regbu.com\\\/wp-content\\\/uploads\\\/2023\\\/07\\\/klistova-encefalitida-je-zakernou-nemoci.jpg\",\"keywords\":[\"bolest\",\"boreli\u00f3za\",\"encefalitida\",\"kl\u00ed\u0161t\u011b\",\"kl\u00ed\u0161\u0165ov\u00e1 encefalitida\",\"l\u00e9\u010dba\",\"n\u00e1sle\u010dky\",\"nemoc\",\"onemocn\u011bn\u00ed\",\"zvracen\u00ed\"],\"articleSection\":[\"Lidsk\u00e9 Zdrav\u00ed\"],\"inLanguage\":\"es\"},{\"@type\":\"WebPage\",\"@id\":\"https:\\\/\\\/regbu.com\\\/es\\\/enema-encefalitis-es-una-enfermedad-de-fondo\\\/\",\"url\":\"https:\\\/\\\/regbu.com\\\/es\\\/enema-encefalitis-es-una-enfermedad-de-fondo\\\/\",\"name\":\"Kl\u00ed\u0161\u0165ov\u00e1 encefalitida je z\u00e1ke\u0159nou nemoc\u00ed - REGBU.COM\",\"isPartOf\":{\"@id\":\"https:\\\/\\\/regbu.com\\\/en\\\/#website\"},\"primaryImageOfPage\":{\"@id\":\"https:\\\/\\\/regbu.com\\\/es\\\/enema-encefalitis-es-una-enfermedad-de-fondo\\\/#primaryimage\"},\"image\":{\"@id\":\"https:\\\/\\\/regbu.com\\\/es\\\/enema-encefalitis-es-una-enfermedad-de-fondo\\\/#primaryimage\"},\"thumbnailUrl\":\"https:\\\/\\\/regbu.com\\\/wp-content\\\/uploads\\\/2023\\\/07\\\/klistova-encefalitida-je-zakernou-nemoci.jpg\",\"datePublished\":\"2023-07-12T14:23:21+00:00\",\"dateModified\":\"2025-09-05T05:41:18+00:00\",\"author\":{\"@id\":\"https:\\\/\\\/regbu.com\\\/en\\\/#\\\/schema\\\/person\\\/94ea9deda2629771b8a9ced002f6784e\"},\"description\":\"V\u00edte, co si p\u0159edstavit pod pojmem kl\u00ed\u0161\u0165ov\u00e1 encefalitida? Jde o pom\u011brn\u011b z\u00e1va\u017en\u00e9 onemocn\u011bn\u00ed, kter\u00e9 V\u00e1m podrovn\u011bji p\u0159ibl\u00ed\u017e\u00edme.\",\"breadcrumb\":{\"@id\":\"https:\\\/\\\/regbu.com\\\/es\\\/enema-encefalitis-es-una-enfermedad-de-fondo\\\/#breadcrumb\"},\"inLanguage\":\"es\",\"potentialAction\":[{\"@type\":\"ReadAction\",\"target\":[\"https:\\\/\\\/regbu.com\\\/es\\\/enema-encefalitis-es-una-enfermedad-de-fondo\\\/\"]}]},{\"@type\":\"ImageObject\",\"inLanguage\":\"es\",\"@id\":\"https:\\\/\\\/regbu.com\\\/es\\\/enema-encefalitis-es-una-enfermedad-de-fondo\\\/#primaryimage\",\"url\":\"https:\\\/\\\/regbu.com\\\/wp-content\\\/uploads\\\/2023\\\/07\\\/klistova-encefalitida-je-zakernou-nemoci.jpg\",\"contentUrl\":\"https:\\\/\\\/regbu.com\\\/wp-content\\\/uploads\\\/2023\\\/07\\\/klistova-encefalitida-je-zakernou-nemoci.jpg\",\"width\":1200,\"height\":679,\"caption\":\"Kl\u00ed\u0161\u0165ov\u00e1 encefalitida je z\u00e1ke\u0159nou nemoc\u00ed\"},{\"@type\":\"BreadcrumbList\",\"@id\":\"https:\\\/\\\/regbu.com\\\/es\\\/enema-encefalitis-es-una-enfermedad-de-fondo\\\/#breadcrumb\",\"itemListElement\":[{\"@type\":\"ListItem\",\"position\":1,\"name\":\"Home\",\"item\":\"https:\\\/\\\/regbu.com\\\/en\\\/\"},{\"@type\":\"ListItem\",\"position\":2,\"name\":\"Kl\u00ed\u0161\u0165ov\u00e1 encefalitida je z\u00e1ke\u0159nou nemoc\u00ed\"}]},{\"@type\":\"WebSite\",\"@id\":\"https:\\\/\\\/regbu.com\\\/en\\\/#website\",\"url\":\"https:\\\/\\\/regbu.com\\\/en\\\/\",\"name\":\"REGBU.COM\",\"description\":\"\",\"potentialAction\":[{\"@type\":\"SearchAction\",\"target\":{\"@type\":\"EntryPoint\",\"urlTemplate\":\"https:\\\/\\\/regbu.com\\\/en\\\/?s={search_term_string}\"},\"query-input\":{\"@type\":\"PropertyValueSpecification\",\"valueRequired\":true,\"valueName\":\"search_term_string\"}}],\"inLanguage\":\"es\"},{\"@type\":\"Person\",\"@id\":\"https:\\\/\\\/regbu.com\\\/en\\\/#\\\/schema\\\/person\\\/94ea9deda2629771b8a9ced002f6784e\",\"name\":\"George Martin\",\"url\":\"https:\\\/\\\/regbu.com\\\/es\\\/author\\\/george-martin\\\/\"}]}<\/script>\n<!-- \/ Yoast SEO plugin. -->","yoast_head_json":{"title":"La encefalitis transmitida por garrapatas es una enfermedad insidiosa - REGBU.COM","description":"\u00bfSabe qu\u00e9 se entiende por encefalitis transmitida por garrapatas? Se trata de una enfermedad bastante grave, que explicaremos con m\u00e1s detalle.","robots":{"index":"index","follow":"follow","max-snippet":"max-snippet:-1","max-image-preview":"max-image-preview:large","max-video-preview":"max-video-preview:-1"},"canonical":"https:\/\/regbu.com\/es\/enema-encefalitis-es-una-enfermedad-de-fondo\/","og_locale":"es_ES","og_type":"article","og_title":"Kl\u00ed\u0161\u0165ov\u00e1 encefalitida je z\u00e1ke\u0159nou nemoc\u00ed - REGBU.COM","og_description":"V\u00edte, co si p\u0159edstavit pod pojmem kl\u00ed\u0161\u0165ov\u00e1 encefalitida? Jde o pom\u011brn\u011b z\u00e1va\u017en\u00e9 onemocn\u011bn\u00ed, kter\u00e9 V\u00e1m podrovn\u011bji p\u0159ibl\u00ed\u017e\u00edme.","og_url":"https:\/\/regbu.com\/es\/enema-encefalitis-es-una-enfermedad-de-fondo\/","og_site_name":"REGBU.COM","article_published_time":"2023-07-12T14:23:21+00:00","article_modified_time":"2025-09-05T05:41:18+00:00","og_image":[{"width":1200,"height":679,"url":"https:\/\/regbu.com\/wp-content\/uploads\/2023\/07\/klistova-encefalitida-je-zakernou-nemoci.jpg","type":"image\/jpeg"}],"author":"George Martin","twitter_card":"summary_large_image","twitter_misc":{"Escrito por":"George Martin","Tiempo de lectura":"2 minutos"},"schema":{"@context":"https:\/\/schema.org","@graph":[{"@type":"Article","@id":"https:\/\/regbu.com\/es\/enema-encefalitis-es-una-enfermedad-de-fondo\/#article","isPartOf":{"@id":"https:\/\/regbu.com\/es\/enema-encefalitis-es-una-enfermedad-de-fondo\/"},"author":{"name":"George Martin","@id":"https:\/\/regbu.com\/en\/#\/schema\/person\/94ea9deda2629771b8a9ced002f6784e"},"headline":"Kl\u00ed\u0161\u0165ov\u00e1 encefalitida je z\u00e1ke\u0159nou nemoc\u00ed","datePublished":"2023-07-12T14:23:21+00:00","dateModified":"2025-09-05T05:41:18+00:00","mainEntityOfPage":{"@id":"https:\/\/regbu.com\/es\/enema-encefalitis-es-una-enfermedad-de-fondo\/"},"wordCount":443,"image":{"@id":"https:\/\/regbu.com\/es\/enema-encefalitis-es-una-enfermedad-de-fondo\/#primaryimage"},"thumbnailUrl":"https:\/\/regbu.com\/wp-content\/uploads\/2023\/07\/klistova-encefalitida-je-zakernou-nemoci.jpg","keywords":["bolest","boreli\u00f3za","encefalitida","kl\u00ed\u0161t\u011b","kl\u00ed\u0161\u0165ov\u00e1 encefalitida","l\u00e9\u010dba","n\u00e1sle\u010dky","nemoc","onemocn\u011bn\u00ed","zvracen\u00ed"],"articleSection":["Lidsk\u00e9 Zdrav\u00ed"],"inLanguage":"es"},{"@type":"WebPage","@id":"https:\/\/regbu.com\/es\/enema-encefalitis-es-una-enfermedad-de-fondo\/","url":"https:\/\/regbu.com\/es\/enema-encefalitis-es-una-enfermedad-de-fondo\/","name":"La encefalitis transmitida por garrapatas es una enfermedad insidiosa - REGBU.COM","isPartOf":{"@id":"https:\/\/regbu.com\/en\/#website"},"primaryImageOfPage":{"@id":"https:\/\/regbu.com\/es\/enema-encefalitis-es-una-enfermedad-de-fondo\/#primaryimage"},"image":{"@id":"https:\/\/regbu.com\/es\/enema-encefalitis-es-una-enfermedad-de-fondo\/#primaryimage"},"thumbnailUrl":"https:\/\/regbu.com\/wp-content\/uploads\/2023\/07\/klistova-encefalitida-je-zakernou-nemoci.jpg","datePublished":"2023-07-12T14:23:21+00:00","dateModified":"2025-09-05T05:41:18+00:00","author":{"@id":"https:\/\/regbu.com\/en\/#\/schema\/person\/94ea9deda2629771b8a9ced002f6784e"},"description":"\u00bfSabe qu\u00e9 se entiende por encefalitis transmitida por garrapatas? Se trata de una enfermedad bastante grave, que explicaremos con m\u00e1s detalle.","breadcrumb":{"@id":"https:\/\/regbu.com\/es\/enema-encefalitis-es-una-enfermedad-de-fondo\/#breadcrumb"},"inLanguage":"es","potentialAction":[{"@type":"ReadAction","target":["https:\/\/regbu.com\/es\/enema-encefalitis-es-una-enfermedad-de-fondo\/"]}]},{"@type":"ImageObject","inLanguage":"es","@id":"https:\/\/regbu.com\/es\/enema-encefalitis-es-una-enfermedad-de-fondo\/#primaryimage","url":"https:\/\/regbu.com\/wp-content\/uploads\/2023\/07\/klistova-encefalitida-je-zakernou-nemoci.jpg","contentUrl":"https:\/\/regbu.com\/wp-content\/uploads\/2023\/07\/klistova-encefalitida-je-zakernou-nemoci.jpg","width":1200,"height":679,"caption":"Kl\u00ed\u0161\u0165ov\u00e1 encefalitida je z\u00e1ke\u0159nou nemoc\u00ed"},{"@type":"BreadcrumbList","@id":"https:\/\/regbu.com\/es\/enema-encefalitis-es-una-enfermedad-de-fondo\/#breadcrumb","itemListElement":[{"@type":"ListItem","position":1,"name":"Home","item":"https:\/\/regbu.com\/en\/"},{"@type":"ListItem","position":2,"name":"Kl\u00ed\u0161\u0165ov\u00e1 encefalitida je z\u00e1ke\u0159nou nemoc\u00ed"}]},{"@type":"WebSite","@id":"https:\/\/regbu.com\/en\/#website","url":"https:\/\/regbu.com\/en\/","name":"REGBU.COM","description":"","potentialAction":[{"@type":"SearchAction","target":{"@type":"EntryPoint","urlTemplate":"https:\/\/regbu.com\/en\/?s={search_term_string}"},"query-input":{"@type":"PropertyValueSpecification","valueRequired":true,"valueName":"search_term_string"}}],"inLanguage":"es"},{"@type":"Person","@id":"https:\/\/regbu.com\/en\/#\/schema\/person\/94ea9deda2629771b8a9ced002f6784e","name":"George Martin","url":"https:\/\/regbu.com\/es\/author\/george-martin\/"}]}},"_links":{"self":[{"href":"https:\/\/regbu.com\/es\/wp-json\/wp\/v2\/posts\/1010","targetHints":{"allow":["GET"]}}],"collection":[{"href":"https:\/\/regbu.com\/es\/wp-json\/wp\/v2\/posts"}],"about":[{"href":"https:\/\/regbu.com\/es\/wp-json\/wp\/v2\/types\/post"}],"author":[{"embeddable":true,"href":"https:\/\/regbu.com\/es\/wp-json\/wp\/v2\/users\/2"}],"replies":[{"embeddable":true,"href":"https:\/\/regbu.com\/es\/wp-json\/wp\/v2\/comments?post=1010"}],"version-history":[{"count":2,"href":"https:\/\/regbu.com\/es\/wp-json\/wp\/v2\/posts\/1010\/revisions"}],"predecessor-version":[{"id":1025,"href":"https:\/\/regbu.com\/es\/wp-json\/wp\/v2\/posts\/1010\/revisions\/1025"}],"wp:featuredmedia":[{"embeddable":true,"href":"https:\/\/regbu.com\/es\/wp-json\/wp\/v2\/media\/1011"}],"wp:attachment":[{"href":"https:\/\/regbu.com\/es\/wp-json\/wp\/v2\/media?parent=1010"}],"wp:term":[{"taxonomy":"category","embeddable":true,"href":"https:\/\/regbu.com\/es\/wp-json\/wp\/v2\/categories?post=1010"},{"taxonomy":"post_tag","embeddable":true,"href":"https:\/\/regbu.com\/es\/wp-json\/wp\/v2\/tags?post=1010"}],"curies":[{"name":"wp","href":"https:\/\/api.w.org\/{rel}","templated":true}]}}