{"id":101,"date":"2022-01-03T07:44:22","date_gmt":"2022-01-03T06:44:22","guid":{"rendered":"https:\/\/regbu.com\/?p=101"},"modified":"2025-09-05T07:43:13","modified_gmt":"2025-09-05T05:43:13","slug":"jablecny-strudl-je-vynikajici-dezert-ke-kave","status":"publish","type":"post","link":"https:\/\/regbu.com\/es\/el-strudel-de-manzana-es-un-excelente-postre-con-cafe\/","title":{"rendered":"El strudel de manzana es un delicioso postre con caf\u00e9"},"content":{"rendered":"<p>\u00bfLe apetece algo dulce? \u00bfQuiere preparar una delicia de caf\u00e9 casera y puramente tradicional? Entonces tendr\u00e1s una gran oportunidad <strong>strudel de manzana<\/strong>. Es m\u00e1s o menos un cl\u00e1sico checo. Tal vez porque su preparaci\u00f3n no es demasiado exigente e incluso en t\u00e9rminos de tiempo de cocci\u00f3n esta bondad no le robar\u00e1 mucho tiempo precioso.<\/p>\n\n\n\n<h2 class=\"wp-block-heading\">\u00bfQu\u00e9 necesitas para el strudel de manzana?<\/h2>\n\n\n\n<p>El strudel de manzana requiere ciertos ingredientes, por supuesto. Los enumeramos en la siguiente tabla. La lista de ingredientes corresponde a unas ocho raciones, por lo que podr\u00e1 agasajar a su familia y amigos con el strudel de manzana.<\/p>\n\n\n\n<figure class=\"wp-block-table\"><table><tbody><tr><td><strong>Materia prima<\/strong><\/td><td><strong>Cantidad<\/strong><\/td><\/tr><tr><td>Manzanas<\/td><td>4 piezas<\/td><\/tr><tr><td>Paquete de hojaldre<\/td><td>1 pieza<\/td><\/tr><tr><td>Pasas de uva<\/td><td>1 pu\u00f1ado<\/td><\/tr><tr><td>Canela molida<\/td><td>1 cucharadita<\/td><\/tr><tr><td>Nueces sin c\u00e1scara<\/td><td>1 pu\u00f1ado<\/td><\/tr><tr><td>Huevos<\/td><td>1 pieza<\/td><\/tr><tr><td>Strouhanka<\/td><td>1 pu\u00f1ado<\/td><\/tr><\/tbody><\/table><figcaption>Prepare todo lo necesario para preparar el strudel de manzana.<\/figcaption><\/figure>\n\n\n\n<p>Tambi\u00e9n hay muchas otras recetas de strudel de manzana que requieren a\u00fan m\u00e1s ingredientes. Este, sin embargo, es un cl\u00e1sico checo, ya que la mayor\u00eda de nuestras abuelas lo preparaban hace tiempo.<\/p>\n\n\n\n<h3 class=\"wp-block-heading\">Empezar a preparar el strudel de manzana<\/h3>\n\n\n\n<p>Si ha comprado <strong>hojaldre envasado<\/strong>simplemente sacarlo de la nevera y desenvolverlo. Si la masa es de una sola pieza, hay que extenderla. El grosor de la torta debe ser de unos tres mil\u00edmetros. Ahora viene la preparaci\u00f3n de la mezcla del strudel de manzana en s\u00ed.<\/p>\n\n\n\n<p>Coge manzanas, que lavas a conciencia, pelas y rallas groseramente. A continuaci\u00f3n, a\u00f1ada la canela, las nueces y las pasas en un bol. Mezclar todo bien y empezar a extender sobre el hojaldre. Espolvorear un poco de pan rallado sobre las manzanas y enrollar poco a poco la tortita en forma de rect\u00e1ngulo o cuadrado. Coloque el strudel preparado en una bandeja de horno y <strong>cepillar con huevo batido<\/strong>. El tiempo de cocci\u00f3n del strudel de manzana es de aproximadamente media hora en un horno calentado a 210 \u00b0C.<\/p>\n\n\n\n<p>Cuando el strudel de manzana se haya enfriado, c\u00f3rtalo y empieza a servirlo. Se suele espolvorear con m\u00e1s az\u00facar glas al gusto, lo que a\u00f1ade un toque de dulzura. Por supuesto, no hay que comer el strudel solo. Por ejemplo, puede servirse con nata montada o con helado de vainilla.<\/p>","protected":false},"excerpt":{"rendered":"<p>\u00bfLe apetece algo dulce? \u00bfQuiere preparar una delicia de caf\u00e9 casera y puramente tradicional? Entonces el strudel de manzana tendr\u00e1 una gran oportunidad contigo. Es m\u00e1s o menos un cl\u00e1sico checo. Tal vez porque su preparaci\u00f3n no es demasiado dif\u00edcil e incluso en t\u00e9rminos de tiempo de cocci\u00f3n esta bondad no le robar\u00e1 mucho ... <\/p>","protected":false},"author":2,"featured_media":102,"comment_status":"closed","ping_status":"closed","sticky":false,"template":"","format":"standard","meta":{"footnotes":""},"categories":[12],"tags":[77,78,79,80,17,81,21,22,82,83],"class_list":["post-101","post","type-post","status-publish","format-standard","has-post-thumbnail","hentry","category-vareni","tag-dezert","tag-jablecny-strudl","tag-jablka","tag-jablko","tag-jidlo","tag-listove-testo","tag-pokrm","tag-recept","tag-sladke-jidlo","tag-strudl"],"yoast_head":"<!-- This site is optimized with the Yoast SEO plugin v27.5 - https:\/\/yoast.com\/product\/yoast-seo-wordpress\/ -->\n<title>Jable\u010dn\u00fd \u0161tr\u016fdl je vynikaj\u00edc\u00ed dezert ke k\u00e1v\u011b - REGBU.COM<\/title>\n<meta name=\"description\" content=\"P\u0159em\u00fd\u0161l\u00edte, jak\u00fd p\u0159ipravit rychl\u00fd a nen\u00e1ro\u010dn\u00fd dezert? Vsa\u010fte na tradi\u010dn\u00ed \u010deskou klasiku, kterou je jable\u010dn\u00fd \u0161tr\u016fdl. M\u00e1me pro V\u00e1s recept.\" \/>\n<meta name=\"robots\" content=\"index, follow, max-snippet:-1, max-image-preview:large, max-video-preview:-1\" \/>\n<link rel=\"canonical\" href=\"https:\/\/regbu.com\/es\/el-strudel-de-manzana-es-un-excelente-postre-con-cafe\/\" \/>\n<meta property=\"og:locale\" content=\"es_ES\" \/>\n<meta property=\"og:type\" content=\"article\" \/>\n<meta property=\"og:title\" content=\"Jable\u010dn\u00fd \u0161tr\u016fdl je vynikaj\u00edc\u00ed dezert ke k\u00e1v\u011b - REGBU.COM\" \/>\n<meta property=\"og:description\" content=\"P\u0159em\u00fd\u0161l\u00edte, jak\u00fd p\u0159ipravit rychl\u00fd a nen\u00e1ro\u010dn\u00fd dezert? Vsa\u010fte na tradi\u010dn\u00ed \u010deskou klasiku, kterou je jable\u010dn\u00fd \u0161tr\u016fdl. M\u00e1me pro V\u00e1s recept.\" \/>\n<meta property=\"og:url\" content=\"https:\/\/regbu.com\/es\/el-strudel-de-manzana-es-un-excelente-postre-con-cafe\/\" \/>\n<meta property=\"og:site_name\" content=\"REGBU.COM\" \/>\n<meta property=\"article:published_time\" content=\"2022-01-03T06:44:22+00:00\" \/>\n<meta property=\"article:modified_time\" content=\"2025-09-05T05:43:13+00:00\" \/>\n<meta property=\"og:image\" content=\"https:\/\/regbu.com\/wp-content\/uploads\/2022\/01\/jablecny-strudl-je-vynikajici-dezert-ke-kave.jpg\" \/>\n\t<meta property=\"og:image:width\" content=\"1200\" \/>\n\t<meta property=\"og:image:height\" content=\"679\" \/>\n\t<meta property=\"og:image:type\" content=\"image\/jpeg\" \/>\n<meta name=\"author\" content=\"George Martin\" \/>\n<meta name=\"twitter:card\" content=\"summary_large_image\" \/>\n<meta name=\"twitter:label1\" content=\"Escrito por\" \/>\n\t<meta name=\"twitter:data1\" content=\"George Martin\" \/>\n\t<meta name=\"twitter:label2\" content=\"Tiempo de lectura\" \/>\n\t<meta name=\"twitter:data2\" content=\"2 minutos\" \/>\n<script type=\"application\/ld+json\" class=\"yoast-schema-graph\">{\"@context\":\"https:\\\/\\\/schema.org\",\"@graph\":[{\"@type\":\"Article\",\"@id\":\"https:\\\/\\\/regbu.com\\\/jablecny-strudl-je-vynikajici-dezert-ke-kave\\\/#article\",\"isPartOf\":{\"@id\":\"https:\\\/\\\/regbu.com\\\/jablecny-strudl-je-vynikajici-dezert-ke-kave\\\/\"},\"author\":{\"name\":\"George Martin\",\"@id\":\"https:\\\/\\\/regbu.com\\\/en\\\/#\\\/schema\\\/person\\\/94ea9deda2629771b8a9ced002f6784e\"},\"headline\":\"Jable\u010dn\u00fd \u0161tr\u016fdl je vynikaj\u00edc\u00ed dezert ke k\u00e1v\u011b\",\"datePublished\":\"2022-01-03T06:44:22+00:00\",\"dateModified\":\"2025-09-05T05:43:13+00:00\",\"mainEntityOfPage\":{\"@id\":\"https:\\\/\\\/regbu.com\\\/jablecny-strudl-je-vynikajici-dezert-ke-kave\\\/\"},\"wordCount\":467,\"image\":{\"@id\":\"https:\\\/\\\/regbu.com\\\/jablecny-strudl-je-vynikajici-dezert-ke-kave\\\/#primaryimage\"},\"thumbnailUrl\":\"https:\\\/\\\/regbu.com\\\/wp-content\\\/uploads\\\/2022\\\/01\\\/jablecny-strudl-je-vynikajici-dezert-ke-kave.jpg\",\"keywords\":[\"dezert\",\"jable\u010dn\u00fd \u0161tr\u016fdl\",\"jablka\",\"jablko\",\"j\u00eddlo\",\"listov\u00e9 t\u011bsto\",\"pokrm\",\"recept\",\"sladk\u00e9 j\u00eddlo\",\"\u0161tr\u016fdl\"],\"articleSection\":[\"Va\u0159en\u00ed\"],\"inLanguage\":\"es\"},{\"@type\":\"WebPage\",\"@id\":\"https:\\\/\\\/regbu.com\\\/jablecny-strudl-je-vynikajici-dezert-ke-kave\\\/\",\"url\":\"https:\\\/\\\/regbu.com\\\/jablecny-strudl-je-vynikajici-dezert-ke-kave\\\/\",\"name\":\"Jable\u010dn\u00fd \u0161tr\u016fdl je vynikaj\u00edc\u00ed dezert ke k\u00e1v\u011b - REGBU.COM\",\"isPartOf\":{\"@id\":\"https:\\\/\\\/regbu.com\\\/en\\\/#website\"},\"primaryImageOfPage\":{\"@id\":\"https:\\\/\\\/regbu.com\\\/jablecny-strudl-je-vynikajici-dezert-ke-kave\\\/#primaryimage\"},\"image\":{\"@id\":\"https:\\\/\\\/regbu.com\\\/jablecny-strudl-je-vynikajici-dezert-ke-kave\\\/#primaryimage\"},\"thumbnailUrl\":\"https:\\\/\\\/regbu.com\\\/wp-content\\\/uploads\\\/2022\\\/01\\\/jablecny-strudl-je-vynikajici-dezert-ke-kave.jpg\",\"datePublished\":\"2022-01-03T06:44:22+00:00\",\"dateModified\":\"2025-09-05T05:43:13+00:00\",\"author\":{\"@id\":\"https:\\\/\\\/regbu.com\\\/en\\\/#\\\/schema\\\/person\\\/94ea9deda2629771b8a9ced002f6784e\"},\"description\":\"P\u0159em\u00fd\u0161l\u00edte, jak\u00fd p\u0159ipravit rychl\u00fd a nen\u00e1ro\u010dn\u00fd dezert? Vsa\u010fte na tradi\u010dn\u00ed \u010deskou klasiku, kterou je jable\u010dn\u00fd \u0161tr\u016fdl. M\u00e1me pro V\u00e1s recept.\",\"breadcrumb\":{\"@id\":\"https:\\\/\\\/regbu.com\\\/jablecny-strudl-je-vynikajici-dezert-ke-kave\\\/#breadcrumb\"},\"inLanguage\":\"es\",\"potentialAction\":[{\"@type\":\"ReadAction\",\"target\":[\"https:\\\/\\\/regbu.com\\\/jablecny-strudl-je-vynikajici-dezert-ke-kave\\\/\"]}]},{\"@type\":\"ImageObject\",\"inLanguage\":\"es\",\"@id\":\"https:\\\/\\\/regbu.com\\\/jablecny-strudl-je-vynikajici-dezert-ke-kave\\\/#primaryimage\",\"url\":\"https:\\\/\\\/regbu.com\\\/wp-content\\\/uploads\\\/2022\\\/01\\\/jablecny-strudl-je-vynikajici-dezert-ke-kave.jpg\",\"contentUrl\":\"https:\\\/\\\/regbu.com\\\/wp-content\\\/uploads\\\/2022\\\/01\\\/jablecny-strudl-je-vynikajici-dezert-ke-kave.jpg\",\"width\":1200,\"height\":679,\"caption\":\"Jable\u010dn\u00fd \u0161tr\u016fdl je vynikaj\u00edc\u00ed dezert ke k\u00e1v\u011b\"},{\"@type\":\"BreadcrumbList\",\"@id\":\"https:\\\/\\\/regbu.com\\\/jablecny-strudl-je-vynikajici-dezert-ke-kave\\\/#breadcrumb\",\"itemListElement\":[{\"@type\":\"ListItem\",\"position\":1,\"name\":\"Home\",\"item\":\"https:\\\/\\\/regbu.com\\\/en\\\/\"},{\"@type\":\"ListItem\",\"position\":2,\"name\":\"Jable\u010dn\u00fd \u0161tr\u016fdl je vynikaj\u00edc\u00ed dezert ke k\u00e1v\u011b\"}]},{\"@type\":\"WebSite\",\"@id\":\"https:\\\/\\\/regbu.com\\\/en\\\/#website\",\"url\":\"https:\\\/\\\/regbu.com\\\/en\\\/\",\"name\":\"REGBU.COM\",\"description\":\"\",\"potentialAction\":[{\"@type\":\"SearchAction\",\"target\":{\"@type\":\"EntryPoint\",\"urlTemplate\":\"https:\\\/\\\/regbu.com\\\/en\\\/?s={search_term_string}\"},\"query-input\":{\"@type\":\"PropertyValueSpecification\",\"valueRequired\":true,\"valueName\":\"search_term_string\"}}],\"inLanguage\":\"es\"},{\"@type\":\"Person\",\"@id\":\"https:\\\/\\\/regbu.com\\\/en\\\/#\\\/schema\\\/person\\\/94ea9deda2629771b8a9ced002f6784e\",\"name\":\"George Martin\",\"url\":\"https:\\\/\\\/regbu.com\\\/es\\\/author\\\/george-martin\\\/\"}]}<\/script>\n<!-- \/ Yoast SEO plugin. -->","yoast_head_json":{"title":"El strudel de manzana es un postre delicioso con caf\u00e9 - REGBU.COM","description":"\u00bfSe pregunta c\u00f3mo preparar un postre r\u00e1pido y f\u00e1cil? Apuesta por el cl\u00e1sico checo tradicional, que es el strudel de manzana. Tenemos una receta para ti.","robots":{"index":"index","follow":"follow","max-snippet":"max-snippet:-1","max-image-preview":"max-image-preview:large","max-video-preview":"max-video-preview:-1"},"canonical":"https:\/\/regbu.com\/es\/el-strudel-de-manzana-es-un-excelente-postre-con-cafe\/","og_locale":"es_ES","og_type":"article","og_title":"Jable\u010dn\u00fd \u0161tr\u016fdl je vynikaj\u00edc\u00ed dezert ke k\u00e1v\u011b - REGBU.COM","og_description":"P\u0159em\u00fd\u0161l\u00edte, jak\u00fd p\u0159ipravit rychl\u00fd a nen\u00e1ro\u010dn\u00fd dezert? Vsa\u010fte na tradi\u010dn\u00ed \u010deskou klasiku, kterou je jable\u010dn\u00fd \u0161tr\u016fdl. M\u00e1me pro V\u00e1s recept.","og_url":"https:\/\/regbu.com\/es\/el-strudel-de-manzana-es-un-excelente-postre-con-cafe\/","og_site_name":"REGBU.COM","article_published_time":"2022-01-03T06:44:22+00:00","article_modified_time":"2025-09-05T05:43:13+00:00","og_image":[{"width":1200,"height":679,"url":"https:\/\/regbu.com\/wp-content\/uploads\/2022\/01\/jablecny-strudl-je-vynikajici-dezert-ke-kave.jpg","type":"image\/jpeg"}],"author":"George Martin","twitter_card":"summary_large_image","twitter_misc":{"Escrito por":"George Martin","Tiempo de lectura":"2 minutos"},"schema":{"@context":"https:\/\/schema.org","@graph":[{"@type":"Article","@id":"https:\/\/regbu.com\/jablecny-strudl-je-vynikajici-dezert-ke-kave\/#article","isPartOf":{"@id":"https:\/\/regbu.com\/jablecny-strudl-je-vynikajici-dezert-ke-kave\/"},"author":{"name":"George Martin","@id":"https:\/\/regbu.com\/en\/#\/schema\/person\/94ea9deda2629771b8a9ced002f6784e"},"headline":"Jable\u010dn\u00fd \u0161tr\u016fdl je vynikaj\u00edc\u00ed dezert ke k\u00e1v\u011b","datePublished":"2022-01-03T06:44:22+00:00","dateModified":"2025-09-05T05:43:13+00:00","mainEntityOfPage":{"@id":"https:\/\/regbu.com\/jablecny-strudl-je-vynikajici-dezert-ke-kave\/"},"wordCount":467,"image":{"@id":"https:\/\/regbu.com\/jablecny-strudl-je-vynikajici-dezert-ke-kave\/#primaryimage"},"thumbnailUrl":"https:\/\/regbu.com\/wp-content\/uploads\/2022\/01\/jablecny-strudl-je-vynikajici-dezert-ke-kave.jpg","keywords":["dezert","jable\u010dn\u00fd \u0161tr\u016fdl","jablka","jablko","j\u00eddlo","listov\u00e9 t\u011bsto","pokrm","recept","sladk\u00e9 j\u00eddlo","\u0161tr\u016fdl"],"articleSection":["Va\u0159en\u00ed"],"inLanguage":"es"},{"@type":"WebPage","@id":"https:\/\/regbu.com\/jablecny-strudl-je-vynikajici-dezert-ke-kave\/","url":"https:\/\/regbu.com\/jablecny-strudl-je-vynikajici-dezert-ke-kave\/","name":"El strudel de manzana es un postre delicioso con caf\u00e9 - REGBU.COM","isPartOf":{"@id":"https:\/\/regbu.com\/en\/#website"},"primaryImageOfPage":{"@id":"https:\/\/regbu.com\/jablecny-strudl-je-vynikajici-dezert-ke-kave\/#primaryimage"},"image":{"@id":"https:\/\/regbu.com\/jablecny-strudl-je-vynikajici-dezert-ke-kave\/#primaryimage"},"thumbnailUrl":"https:\/\/regbu.com\/wp-content\/uploads\/2022\/01\/jablecny-strudl-je-vynikajici-dezert-ke-kave.jpg","datePublished":"2022-01-03T06:44:22+00:00","dateModified":"2025-09-05T05:43:13+00:00","author":{"@id":"https:\/\/regbu.com\/en\/#\/schema\/person\/94ea9deda2629771b8a9ced002f6784e"},"description":"\u00bfSe pregunta c\u00f3mo preparar un postre r\u00e1pido y f\u00e1cil? Apuesta por el cl\u00e1sico checo tradicional, que es el strudel de manzana. Tenemos una receta para ti.","breadcrumb":{"@id":"https:\/\/regbu.com\/jablecny-strudl-je-vynikajici-dezert-ke-kave\/#breadcrumb"},"inLanguage":"es","potentialAction":[{"@type":"ReadAction","target":["https:\/\/regbu.com\/jablecny-strudl-je-vynikajici-dezert-ke-kave\/"]}]},{"@type":"ImageObject","inLanguage":"es","@id":"https:\/\/regbu.com\/jablecny-strudl-je-vynikajici-dezert-ke-kave\/#primaryimage","url":"https:\/\/regbu.com\/wp-content\/uploads\/2022\/01\/jablecny-strudl-je-vynikajici-dezert-ke-kave.jpg","contentUrl":"https:\/\/regbu.com\/wp-content\/uploads\/2022\/01\/jablecny-strudl-je-vynikajici-dezert-ke-kave.jpg","width":1200,"height":679,"caption":"Jable\u010dn\u00fd \u0161tr\u016fdl je vynikaj\u00edc\u00ed dezert ke k\u00e1v\u011b"},{"@type":"BreadcrumbList","@id":"https:\/\/regbu.com\/jablecny-strudl-je-vynikajici-dezert-ke-kave\/#breadcrumb","itemListElement":[{"@type":"ListItem","position":1,"name":"Home","item":"https:\/\/regbu.com\/en\/"},{"@type":"ListItem","position":2,"name":"Jable\u010dn\u00fd \u0161tr\u016fdl je vynikaj\u00edc\u00ed dezert ke k\u00e1v\u011b"}]},{"@type":"WebSite","@id":"https:\/\/regbu.com\/en\/#website","url":"https:\/\/regbu.com\/en\/","name":"REGBU.COM","description":"","potentialAction":[{"@type":"SearchAction","target":{"@type":"EntryPoint","urlTemplate":"https:\/\/regbu.com\/en\/?s={search_term_string}"},"query-input":{"@type":"PropertyValueSpecification","valueRequired":true,"valueName":"search_term_string"}}],"inLanguage":"es"},{"@type":"Person","@id":"https:\/\/regbu.com\/en\/#\/schema\/person\/94ea9deda2629771b8a9ced002f6784e","name":"George Martin","url":"https:\/\/regbu.com\/es\/author\/george-martin\/"}]}},"_links":{"self":[{"href":"https:\/\/regbu.com\/es\/wp-json\/wp\/v2\/posts\/101","targetHints":{"allow":["GET"]}}],"collection":[{"href":"https:\/\/regbu.com\/es\/wp-json\/wp\/v2\/posts"}],"about":[{"href":"https:\/\/regbu.com\/es\/wp-json\/wp\/v2\/types\/post"}],"author":[{"embeddable":true,"href":"https:\/\/regbu.com\/es\/wp-json\/wp\/v2\/users\/2"}],"replies":[{"embeddable":true,"href":"https:\/\/regbu.com\/es\/wp-json\/wp\/v2\/comments?post=101"}],"version-history":[{"count":2,"href":"https:\/\/regbu.com\/es\/wp-json\/wp\/v2\/posts\/101\/revisions"}],"predecessor-version":[{"id":124,"href":"https:\/\/regbu.com\/es\/wp-json\/wp\/v2\/posts\/101\/revisions\/124"}],"wp:featuredmedia":[{"embeddable":true,"href":"https:\/\/regbu.com\/es\/wp-json\/wp\/v2\/media\/102"}],"wp:attachment":[{"href":"https:\/\/regbu.com\/es\/wp-json\/wp\/v2\/media?parent=101"}],"wp:term":[{"taxonomy":"category","embeddable":true,"href":"https:\/\/regbu.com\/es\/wp-json\/wp\/v2\/categories?post=101"},{"taxonomy":"post_tag","embeddable":true,"href":"https:\/\/regbu.com\/es\/wp-json\/wp\/v2\/tags?post=101"}],"curies":[{"name":"wp","href":"https:\/\/api.w.org\/{rel}","templated":true}]}}