{"id":996,"date":"2023-07-10T16:38:57","date_gmt":"2023-07-10T14:38:57","guid":{"rendered":"https:\/\/regbu.com\/?p=996"},"modified":"2025-09-05T07:41:23","modified_gmt":"2025-09-05T05:41:23","slug":"motylek-jako-ikona-spolecenskeho-odevu","status":"publish","type":"post","link":"https:\/\/regbu.com\/de\/hoe-als-ikone-der-solarkleidung\/","title":{"rendered":"Die Fliege als Ikone der formellen Kleidung"},"content":{"rendered":"<p>Die Fliege ist ein fester Bestandteil der <strong><a href=\"https:\/\/regbu.com\/de\/social-suit-select-now\/\">Gesellschaftsanzug<\/a><\/strong>Ich glaube nicht, dass es sich lohnt, dar\u00fcber zu diskutieren. Viele tragen es sogar zu formellerer Kleidung. Meistens ist es ein Teil der M\u00e4nnerkleidung, obwohl der Extravaganz und Kreativit\u00e4t keine Grenzen gesetzt sind.<\/p>\n\n\n\n<ul class=\"wp-block-list\">\n<li>Es wird um den Kragen gebunden<\/li>\n\n\n\n<li>Es wird seit mehr als vier Jahrhunderten verwendet.<\/li>\n\n\n\n<li>Eine Ausnahme sind nicht Fliegen f\u00fcr Kinder<\/li>\n<\/ul>\n\n\n\n<p>Nur wenige Menschen wissen, dass es auch ein Gadget gibt, das mit der Fliege als solcher zusammenh\u00e4ngt, n\u00e4mlich ihre L\u00e4nge. Sie sollte weitgehend dem Abstand zwischen Ihren Augenbrauen entsprechen.<\/p>\n\n\n\n<h2 class=\"wp-block-heading\">Schmetterling und seine Produktionsmaterialien<\/h2>\n\n\n\n<p>Wenn Sie zum ersten Mal eine Fliege sehen, werden Sie sich wahrscheinlich fragen, woraus sie besteht. Jeder vermutet wahrscheinlich richtig, dass <em>das beliebteste Material ist Textil<\/em>...und dann der Stoff. Neben der klassischen Baumwolle k\u00f6nnen Sie auch eine Vielzahl anderer Stoffe finden.<\/p>\n\n\n\n<figure class=\"wp-block-table\"><table><tbody><tr><td><strong>Substanz<\/strong><\/td><td><strong>Informationen<\/strong><\/td><\/tr><tr><td>Polyester<\/td><td>G\u00fcnstigere Option<\/td><\/tr><tr><td>Satin<\/td><td>\u00dcberlegene L\u00f6sungen<\/td><\/tr><tr><td>Seide<\/td><td>Eine etwas festlichere Version<\/td><\/tr><tr><td>Wolle<\/td><td>Weniger g\u00e4ngiges Material<\/td><\/tr><\/tbody><\/table><figcaption class=\"wp-element-caption\">Das gebr\u00e4uchlichste Material zur Herstellung von Gesellschaftsfliegen.<\/figcaption><\/figure>\n\n\n\n<p>Nat\u00fcrlich kann man auch auf weniger traditionelle Produktionsmaterialien sto\u00dfen. Als Beispiel seien hier die in letzter Zeit sehr beliebten Holzschleifen genannt. Papier, Glas und Metall sind keine Ausnahme. Bei all diesen Materialien geht es in erster Linie um Originalit\u00e4t und Extravaganz.<\/p>\n\n\n\n<h3 class=\"wp-block-heading\">Unterschiedliches Binden der Fliege<\/h3>\n\n\n\n<p>Die Fliege wird an der Basis nach der Art des Bindens unterteilt. Eine der Varianten ist <strong>vorgebundene Fliege<\/strong>. Eine viel \u00e4ltere Version ist die geknotete Fliege. Sie ist etwa sieben Zentimeter breit und drei Zentimeter hoch und wird aus einem einzigen St\u00fcck Stoff gefertigt. Im Vergleich zur vorgebundenen Version braucht man eine gewisse Geschicklichkeit, um sie zu binden. Diese muss nur um den Hals gebunden werden. Die klassische Fliege kann auf verschiedene Arten gebunden werden.<\/p>\n\n\n\n<p>Neben der klassischen Fliege, die als Bow-tie bekannt ist, gibt es auch hohe Versionen, die als <strong>Schmetterling<\/strong>. Sie machen einen buchst\u00e4blich un\u00fcbersehbaren Eindruck am Hals eines Mannes. Das Gegenteil davon sind niedrige Fliegen, die sogenannten Bat-Wings. Vor allem in den Vereinigten Staaten von Amerika und in Mexiko findet man Schleifen, die ebenfalls ein verl\u00e4ngertes Ende haben. Diese werden String-Ties genannt. F\u00fcr welche Fliege Sie sich auch entscheiden, Sie werden immer elegant aussehen.<\/p>","protected":false},"excerpt":{"rendered":"<p>Eine Fliege ist ein fester Bestandteil eines formellen Anzugs, dar\u00fcber braucht man wohl nicht zu diskutieren. Viele tragen sie sogar zu formelleren Outfits. Meistens ist sie ein Teil der M\u00e4nnerkleidung, wobei der Extravaganz und Kreativit\u00e4t sicherlich keine Grenzen gesetzt sind. Nur wenige wissen auch, dass die Fliege als solche mit einem Gadget verbunden ist, das mit ihrer L\u00e4nge zu tun hat. ... <\/p>","protected":false},"author":2,"featured_media":997,"comment_status":"closed","ping_status":"closed","sticky":false,"template":"","format":"standard","meta":{"footnotes":""},"categories":[671],"tags":[998,685,995,996,1000,1001,997,1002,1003,999],"class_list":["post-996","post","type-post","status-publish","format-standard","has-post-thumbnail","hentry","category-moda","tag-hedvabi","tag-limecek","tag-motylek","tag-polyester","tag-predvazany","tag-predvazany-motylek","tag-saten","tag-vazany","tag-vazany-motylek","tag-vlna"],"yoast_head":"<!-- This site is optimized with the Yoast SEO plugin v27.5 - https:\/\/yoast.com\/product\/yoast-seo-wordpress\/ -->\n<title>Mot\u00fdlek jako ikona spole\u010densk\u00e9ho od\u011bvu - REGBU.COM<\/title>\n<meta name=\"description\" content=\"Mot\u00fdlek je d\u016fle\u017eitou sou\u010d\u00e1st\u00ed spole\u010densk\u00e9ho od\u011bvu. Zjist\u011bte o tomto elegantn\u00edm dopl\u0148ku v\u00edce praktick\u00fdch informac\u00ed.\" \/>\n<meta name=\"robots\" content=\"index, follow, max-snippet:-1, max-image-preview:large, max-video-preview:-1\" \/>\n<link rel=\"canonical\" href=\"https:\/\/regbu.com\/de\/hoe-als-ikone-der-solarkleidung\/\" \/>\n<meta property=\"og:locale\" content=\"de_DE\" \/>\n<meta property=\"og:type\" content=\"article\" \/>\n<meta property=\"og:title\" content=\"Mot\u00fdlek jako ikona spole\u010densk\u00e9ho od\u011bvu - REGBU.COM\" \/>\n<meta property=\"og:description\" content=\"Mot\u00fdlek je d\u016fle\u017eitou sou\u010d\u00e1st\u00ed spole\u010densk\u00e9ho od\u011bvu. Zjist\u011bte o tomto elegantn\u00edm dopl\u0148ku v\u00edce praktick\u00fdch informac\u00ed.\" \/>\n<meta property=\"og:url\" content=\"https:\/\/regbu.com\/de\/hoe-als-ikone-der-solarkleidung\/\" \/>\n<meta property=\"og:site_name\" content=\"REGBU.COM\" \/>\n<meta property=\"article:published_time\" content=\"2023-07-10T14:38:57+00:00\" \/>\n<meta property=\"article:modified_time\" content=\"2025-09-05T05:41:23+00:00\" \/>\n<meta property=\"og:image\" content=\"https:\/\/regbu.com\/wp-content\/uploads\/2023\/07\/motylek-jako-ikona-spolecenskeho-odevu.jpg\" \/>\n\t<meta property=\"og:image:width\" content=\"1200\" \/>\n\t<meta property=\"og:image:height\" content=\"676\" \/>\n\t<meta property=\"og:image:type\" content=\"image\/jpeg\" \/>\n<meta name=\"author\" content=\"George Martin\" \/>\n<meta name=\"twitter:card\" content=\"summary_large_image\" \/>\n<meta name=\"twitter:label1\" content=\"Verfasst von\" \/>\n\t<meta name=\"twitter:data1\" content=\"George Martin\" \/>\n\t<meta name=\"twitter:label2\" content=\"Gesch\u00e4tzte Lesezeit\" \/>\n\t<meta name=\"twitter:data2\" content=\"2\u00a0Minuten\" \/>\n<script type=\"application\/ld+json\" class=\"yoast-schema-graph\">{\"@context\":\"https:\\\/\\\/schema.org\",\"@graph\":[{\"@type\":\"Article\",\"@id\":\"https:\\\/\\\/regbu.com\\\/de\\\/hoe-als-ikone-der-solarkleidung\\\/#article\",\"isPartOf\":{\"@id\":\"https:\\\/\\\/regbu.com\\\/de\\\/hoe-als-ikone-der-solarkleidung\\\/\"},\"author\":{\"name\":\"George Martin\",\"@id\":\"https:\\\/\\\/regbu.com\\\/en\\\/#\\\/schema\\\/person\\\/94ea9deda2629771b8a9ced002f6784e\"},\"headline\":\"Mot\u00fdlek jako ikona spole\u010densk\u00e9ho od\u011bvu\",\"datePublished\":\"2023-07-10T14:38:57+00:00\",\"dateModified\":\"2025-09-05T05:41:23+00:00\",\"mainEntityOfPage\":{\"@id\":\"https:\\\/\\\/regbu.com\\\/de\\\/hoe-als-ikone-der-solarkleidung\\\/\"},\"wordCount\":482,\"image\":{\"@id\":\"https:\\\/\\\/regbu.com\\\/de\\\/hoe-als-ikone-der-solarkleidung\\\/#primaryimage\"},\"thumbnailUrl\":\"https:\\\/\\\/regbu.com\\\/wp-content\\\/uploads\\\/2023\\\/07\\\/motylek-jako-ikona-spolecenskeho-odevu.jpg\",\"keywords\":[\"hedv\u00e1b\u00ed\",\"l\u00edme\u010dek\",\"mot\u00fdlek\",\"polyester\",\"p\u0159edv\u00e1zan\u00fd\",\"p\u0159edv\u00e1zan\u00fd mot\u00fdlek\",\"sat\u00e9n\",\"v\u00e1zan\u00fd\",\"v\u00e1zan\u00fd mot\u00fdlek\",\"vlna\"],\"articleSection\":[\"M\u00f3da\"],\"inLanguage\":\"de\"},{\"@type\":\"WebPage\",\"@id\":\"https:\\\/\\\/regbu.com\\\/de\\\/hoe-als-ikone-der-solarkleidung\\\/\",\"url\":\"https:\\\/\\\/regbu.com\\\/de\\\/hoe-als-ikone-der-solarkleidung\\\/\",\"name\":\"Mot\u00fdlek jako ikona spole\u010densk\u00e9ho od\u011bvu - REGBU.COM\",\"isPartOf\":{\"@id\":\"https:\\\/\\\/regbu.com\\\/en\\\/#website\"},\"primaryImageOfPage\":{\"@id\":\"https:\\\/\\\/regbu.com\\\/de\\\/hoe-als-ikone-der-solarkleidung\\\/#primaryimage\"},\"image\":{\"@id\":\"https:\\\/\\\/regbu.com\\\/de\\\/hoe-als-ikone-der-solarkleidung\\\/#primaryimage\"},\"thumbnailUrl\":\"https:\\\/\\\/regbu.com\\\/wp-content\\\/uploads\\\/2023\\\/07\\\/motylek-jako-ikona-spolecenskeho-odevu.jpg\",\"datePublished\":\"2023-07-10T14:38:57+00:00\",\"dateModified\":\"2025-09-05T05:41:23+00:00\",\"author\":{\"@id\":\"https:\\\/\\\/regbu.com\\\/en\\\/#\\\/schema\\\/person\\\/94ea9deda2629771b8a9ced002f6784e\"},\"description\":\"Mot\u00fdlek je d\u016fle\u017eitou sou\u010d\u00e1st\u00ed spole\u010densk\u00e9ho od\u011bvu. Zjist\u011bte o tomto elegantn\u00edm dopl\u0148ku v\u00edce praktick\u00fdch informac\u00ed.\",\"breadcrumb\":{\"@id\":\"https:\\\/\\\/regbu.com\\\/de\\\/hoe-als-ikone-der-solarkleidung\\\/#breadcrumb\"},\"inLanguage\":\"de\",\"potentialAction\":[{\"@type\":\"ReadAction\",\"target\":[\"https:\\\/\\\/regbu.com\\\/de\\\/hoe-als-ikone-der-solarkleidung\\\/\"]}]},{\"@type\":\"ImageObject\",\"inLanguage\":\"de\",\"@id\":\"https:\\\/\\\/regbu.com\\\/de\\\/hoe-als-ikone-der-solarkleidung\\\/#primaryimage\",\"url\":\"https:\\\/\\\/regbu.com\\\/wp-content\\\/uploads\\\/2023\\\/07\\\/motylek-jako-ikona-spolecenskeho-odevu.jpg\",\"contentUrl\":\"https:\\\/\\\/regbu.com\\\/wp-content\\\/uploads\\\/2023\\\/07\\\/motylek-jako-ikona-spolecenskeho-odevu.jpg\",\"width\":1200,\"height\":676,\"caption\":\"Mot\u00fdlek jako ikona spole\u010densk\u00e9ho od\u011bvu\"},{\"@type\":\"BreadcrumbList\",\"@id\":\"https:\\\/\\\/regbu.com\\\/de\\\/hoe-als-ikone-der-solarkleidung\\\/#breadcrumb\",\"itemListElement\":[{\"@type\":\"ListItem\",\"position\":1,\"name\":\"Home\",\"item\":\"https:\\\/\\\/regbu.com\\\/en\\\/\"},{\"@type\":\"ListItem\",\"position\":2,\"name\":\"Mot\u00fdlek jako ikona spole\u010densk\u00e9ho od\u011bvu\"}]},{\"@type\":\"WebSite\",\"@id\":\"https:\\\/\\\/regbu.com\\\/en\\\/#website\",\"url\":\"https:\\\/\\\/regbu.com\\\/en\\\/\",\"name\":\"REGBU.COM\",\"description\":\"\",\"potentialAction\":[{\"@type\":\"SearchAction\",\"target\":{\"@type\":\"EntryPoint\",\"urlTemplate\":\"https:\\\/\\\/regbu.com\\\/en\\\/?s={search_term_string}\"},\"query-input\":{\"@type\":\"PropertyValueSpecification\",\"valueRequired\":true,\"valueName\":\"search_term_string\"}}],\"inLanguage\":\"de\"},{\"@type\":\"Person\",\"@id\":\"https:\\\/\\\/regbu.com\\\/en\\\/#\\\/schema\\\/person\\\/94ea9deda2629771b8a9ced002f6784e\",\"name\":\"George Martin\",\"url\":\"https:\\\/\\\/regbu.com\\\/de\\\/author\\\/george-martin\\\/\"}]}<\/script>\n<!-- \/ Yoast SEO plugin. -->","yoast_head_json":{"title":"Die Fliege als Symbol f\u00fcr formelle Kleidung - REGBU.COM","description":"Die Fliege ist ein wichtiger Bestandteil der formellen Kleidung. Hier finden Sie weitere praktische Informationen \u00fcber dieses elegante Accessoire.","robots":{"index":"index","follow":"follow","max-snippet":"max-snippet:-1","max-image-preview":"max-image-preview:large","max-video-preview":"max-video-preview:-1"},"canonical":"https:\/\/regbu.com\/de\/hoe-als-ikone-der-solarkleidung\/","og_locale":"de_DE","og_type":"article","og_title":"Mot\u00fdlek jako ikona spole\u010densk\u00e9ho od\u011bvu - REGBU.COM","og_description":"Mot\u00fdlek je d\u016fle\u017eitou sou\u010d\u00e1st\u00ed spole\u010densk\u00e9ho od\u011bvu. Zjist\u011bte o tomto elegantn\u00edm dopl\u0148ku v\u00edce praktick\u00fdch informac\u00ed.","og_url":"https:\/\/regbu.com\/de\/hoe-als-ikone-der-solarkleidung\/","og_site_name":"REGBU.COM","article_published_time":"2023-07-10T14:38:57+00:00","article_modified_time":"2025-09-05T05:41:23+00:00","og_image":[{"width":1200,"height":676,"url":"https:\/\/regbu.com\/wp-content\/uploads\/2023\/07\/motylek-jako-ikona-spolecenskeho-odevu.jpg","type":"image\/jpeg"}],"author":"George Martin","twitter_card":"summary_large_image","twitter_misc":{"Verfasst von":"George Martin","Gesch\u00e4tzte Lesezeit":"2\u00a0Minuten"},"schema":{"@context":"https:\/\/schema.org","@graph":[{"@type":"Article","@id":"https:\/\/regbu.com\/de\/hoe-als-ikone-der-solarkleidung\/#article","isPartOf":{"@id":"https:\/\/regbu.com\/de\/hoe-als-ikone-der-solarkleidung\/"},"author":{"name":"George Martin","@id":"https:\/\/regbu.com\/en\/#\/schema\/person\/94ea9deda2629771b8a9ced002f6784e"},"headline":"Mot\u00fdlek jako ikona spole\u010densk\u00e9ho od\u011bvu","datePublished":"2023-07-10T14:38:57+00:00","dateModified":"2025-09-05T05:41:23+00:00","mainEntityOfPage":{"@id":"https:\/\/regbu.com\/de\/hoe-als-ikone-der-solarkleidung\/"},"wordCount":482,"image":{"@id":"https:\/\/regbu.com\/de\/hoe-als-ikone-der-solarkleidung\/#primaryimage"},"thumbnailUrl":"https:\/\/regbu.com\/wp-content\/uploads\/2023\/07\/motylek-jako-ikona-spolecenskeho-odevu.jpg","keywords":["hedv\u00e1b\u00ed","l\u00edme\u010dek","mot\u00fdlek","polyester","p\u0159edv\u00e1zan\u00fd","p\u0159edv\u00e1zan\u00fd mot\u00fdlek","sat\u00e9n","v\u00e1zan\u00fd","v\u00e1zan\u00fd mot\u00fdlek","vlna"],"articleSection":["M\u00f3da"],"inLanguage":"de"},{"@type":"WebPage","@id":"https:\/\/regbu.com\/de\/hoe-als-ikone-der-solarkleidung\/","url":"https:\/\/regbu.com\/de\/hoe-als-ikone-der-solarkleidung\/","name":"Die Fliege als Symbol f\u00fcr formelle Kleidung - REGBU.COM","isPartOf":{"@id":"https:\/\/regbu.com\/en\/#website"},"primaryImageOfPage":{"@id":"https:\/\/regbu.com\/de\/hoe-als-ikone-der-solarkleidung\/#primaryimage"},"image":{"@id":"https:\/\/regbu.com\/de\/hoe-als-ikone-der-solarkleidung\/#primaryimage"},"thumbnailUrl":"https:\/\/regbu.com\/wp-content\/uploads\/2023\/07\/motylek-jako-ikona-spolecenskeho-odevu.jpg","datePublished":"2023-07-10T14:38:57+00:00","dateModified":"2025-09-05T05:41:23+00:00","author":{"@id":"https:\/\/regbu.com\/en\/#\/schema\/person\/94ea9deda2629771b8a9ced002f6784e"},"description":"Die Fliege ist ein wichtiger Bestandteil der formellen Kleidung. Hier finden Sie weitere praktische Informationen \u00fcber dieses elegante Accessoire.","breadcrumb":{"@id":"https:\/\/regbu.com\/de\/hoe-als-ikone-der-solarkleidung\/#breadcrumb"},"inLanguage":"de","potentialAction":[{"@type":"ReadAction","target":["https:\/\/regbu.com\/de\/hoe-als-ikone-der-solarkleidung\/"]}]},{"@type":"ImageObject","inLanguage":"de","@id":"https:\/\/regbu.com\/de\/hoe-als-ikone-der-solarkleidung\/#primaryimage","url":"https:\/\/regbu.com\/wp-content\/uploads\/2023\/07\/motylek-jako-ikona-spolecenskeho-odevu.jpg","contentUrl":"https:\/\/regbu.com\/wp-content\/uploads\/2023\/07\/motylek-jako-ikona-spolecenskeho-odevu.jpg","width":1200,"height":676,"caption":"Mot\u00fdlek jako ikona spole\u010densk\u00e9ho od\u011bvu"},{"@type":"BreadcrumbList","@id":"https:\/\/regbu.com\/de\/hoe-als-ikone-der-solarkleidung\/#breadcrumb","itemListElement":[{"@type":"ListItem","position":1,"name":"Home","item":"https:\/\/regbu.com\/en\/"},{"@type":"ListItem","position":2,"name":"Mot\u00fdlek jako ikona spole\u010densk\u00e9ho od\u011bvu"}]},{"@type":"WebSite","@id":"https:\/\/regbu.com\/en\/#website","url":"https:\/\/regbu.com\/en\/","name":"REGBU.COM","description":"","potentialAction":[{"@type":"SearchAction","target":{"@type":"EntryPoint","urlTemplate":"https:\/\/regbu.com\/en\/?s={search_term_string}"},"query-input":{"@type":"PropertyValueSpecification","valueRequired":true,"valueName":"search_term_string"}}],"inLanguage":"de"},{"@type":"Person","@id":"https:\/\/regbu.com\/en\/#\/schema\/person\/94ea9deda2629771b8a9ced002f6784e","name":"George Martin","url":"https:\/\/regbu.com\/de\/author\/george-martin\/"}]}},"_links":{"self":[{"href":"https:\/\/regbu.com\/de\/wp-json\/wp\/v2\/posts\/996","targetHints":{"allow":["GET"]}}],"collection":[{"href":"https:\/\/regbu.com\/de\/wp-json\/wp\/v2\/posts"}],"about":[{"href":"https:\/\/regbu.com\/de\/wp-json\/wp\/v2\/types\/post"}],"author":[{"embeddable":true,"href":"https:\/\/regbu.com\/de\/wp-json\/wp\/v2\/users\/2"}],"replies":[{"embeddable":true,"href":"https:\/\/regbu.com\/de\/wp-json\/wp\/v2\/comments?post=996"}],"version-history":[{"count":2,"href":"https:\/\/regbu.com\/de\/wp-json\/wp\/v2\/posts\/996\/revisions"}],"predecessor-version":[{"id":1007,"href":"https:\/\/regbu.com\/de\/wp-json\/wp\/v2\/posts\/996\/revisions\/1007"}],"wp:featuredmedia":[{"embeddable":true,"href":"https:\/\/regbu.com\/de\/wp-json\/wp\/v2\/media\/997"}],"wp:attachment":[{"href":"https:\/\/regbu.com\/de\/wp-json\/wp\/v2\/media?parent=996"}],"wp:term":[{"taxonomy":"category","embeddable":true,"href":"https:\/\/regbu.com\/de\/wp-json\/wp\/v2\/categories?post=996"},{"taxonomy":"post_tag","embeddable":true,"href":"https:\/\/regbu.com\/de\/wp-json\/wp\/v2\/tags?post=996"}],"curies":[{"name":"wp","href":"https:\/\/api.w.org\/{rel}","templated":true}]}}