{"id":1499,"date":"2023-08-09T16:09:02","date_gmt":"2023-08-09T14:09:02","guid":{"rendered":"https:\/\/regbu.com\/?p=1499"},"modified":"2025-09-05T07:39:50","modified_gmt":"2025-09-05T05:39:50","slug":"elektromobilita-ma-sveho-krale","status":"publish","type":"post","link":"https:\/\/regbu.com\/de\/elektromobilitat-ist-eigener-kreis\/","title":{"rendered":"Die Elektromobilit\u00e4t hat ihren K\u00f6nig"},"content":{"rendered":"<p>Elektromobilit\u00e4t ist ein hei\u00dfes Thema und in gewisser Weise die Musik der Zukunft. Das beweist \u00fcbrigens auch einer der bekanntesten Hersteller dieser Autos, Tesla. Er ist unter anderem im Besitz von Elon Musk.<strong>,<\/strong> der auch das ber\u00fchmte <strong><a href=\"https:\/\/regbu.com\/de\/konzept-raum-x-vevodi-versmirnym-letum\/\">Space X Konzept<\/a><\/strong>. Dieses Automobilunternehmen ist ein Pionier auf diesem Gebiet geworden.<\/p>\n\n\n\n<ul class=\"wp-block-list\">\n<li>Tesla Model S<\/li>\n\n\n\n<li>Tesla Model X<\/li>\n\n\n\n<li>Tesla Model 3<\/li>\n<\/ul>\n\n\n\n<p>Dies ist nur ein kleiner Vorgeschmack auf das, was aus den Produktionslinien dieser ber\u00fchmten Autofirma hervorgegangen ist. Dabei handelt es sich haupts\u00e4chlich um Limousinenmodelle. Diese sind nicht nur f\u00fcr das Unternehmenssegment, sondern auch f\u00fcr den privaten Gebrauch bestimmt.<\/p>\n\n\n\n<h2 class=\"wp-block-heading\">Geschichte von Tesla<\/h2>\n\n\n\n<p>Schauen wir uns zun\u00e4chst an, wie die Elektromobilit\u00e4t \u00fcberhaupt in die K\u00f6pfe der Menschen kam. Tesla, das Unternehmen, das Elektroautos entwickelt, herstellt und verkauft, war daf\u00fcr verantwortlich. Wenn Sie denken, dass der Gr\u00fcnder des Unternehmens <strong>Elon Musk<\/strong>Sie irren sich gewaltig. Er kam erst danach dazu.<\/p>\n\n\n\n<figure class=\"wp-block-table\"><table><tbody><tr><td><strong>Thema<\/strong><\/td><td><strong>Informationen<\/strong><\/td><\/tr><tr><td>Jahr der Gr\u00fcndung<\/td><td>2003<\/td><\/tr><tr><td>Die Gr\u00fcnder von<\/td><td>Martin Eberhard und Marc Tarpenning<\/td><\/tr><tr><td>Hauptsitz<\/td><td>Austin, Texas<\/td><\/tr><tr><td>Fabriken<\/td><td>Freemont, Shanghai und andere<\/td><\/tr><\/tbody><\/table><figcaption class=\"wp-element-caption\">Informationen im Zusammenhang mit der Gr\u00fcndung von Tesla.<\/figcaption><\/figure>\n\n\n\n<p>Kurz nach der Gr\u00fcndung von Tesla wurde das Unternehmen von <a href=\"https:\/\/cs.wikipedia.org\/wiki\/Elon_Musk\">Elon Musk<\/a>, JB Straubel und Ian Wright. Die Erfolge lie\u00dfen nicht lange auf sich warten und der Tesla Roadster gab 2008 den Startschuss.<\/p>\n\n\n\n<h3 class=\"wp-block-heading\">Elektromobilit\u00e4t und alles Wichtige<\/h3>\n\n\n\n<p>Wir k\u00f6nnen nat\u00fcrlich den Erfolg und die Entwicklung der Elektroautos von Tesla fortsetzen. Es gibt viel dar\u00fcber zu schreiben. Alle drei erfolgreichen Automodelle aus der Einleitung dieses Artikels wurden von anderen Modellen abgel\u00f6st. Wir k\u00f6nnen zum Beispiel erw\u00e4hnen, dass der <strong>Tesla Model Y<\/strong>. Die Elektrozugmaschine Tesla Semi ist ein Kapitel f\u00fcr sich.<\/p>\n\n\n\n<p>Neben der Entwicklung der Elektromobilit\u00e4t unter der F\u00fchrung des ber\u00fchmten Unternehmens wird auch der Ausbau der Supercharger-Schnellladestationen vorangetrieben. Tesla hat sich auch auf Haushaltsbatterien, Solardachziegel und viele andere Projekte konzentriert. Mit der wachsenden Nachfrage steigt nat\u00fcrlich auch der Bedarf, gro\u00dfe Mengen an Batterien zu produzieren, was sich in neuen und <em>neue Gigafactories nicht nur in den Vereinigten Staaten, sondern auch in anderen L\u00e4ndern der Welt<\/em>.<\/p>","protected":false},"excerpt":{"rendered":"<p>Elektromobilit\u00e4t ist ein hei\u00dfes Thema und in gewisser Weise die Musik der Zukunft. Das beweist \u00fcbrigens auch einer der bekanntesten Hersteller dieser Autos, Tesla. Dessen Eigent\u00fcmer ist unter anderem Elon Musk, der auch das ber\u00fchmte Space-X-Konzept auf dem Kasten hat. Diese Autofirma hat sich zu einem imagin\u00e4ren Pionier auf diesem Gebiet entwickelt. Dies ist nur ein kleiner Vorgeschmack ... <\/p>","protected":false},"author":2,"featured_media":1500,"comment_status":"closed","ping_status":"closed","sticky":false,"template":"","format":"standard","meta":{"footnotes":""},"categories":[6],"tags":[1847,1849,1830,1856,1850,1854,1851,1852,1855,1848,1853],"class_list":["post-1499","post","type-post","status-publish","format-standard","has-post-thumbnail","hentry","category-technologie","tag-elektromobilita","tag-elektromobily","tag-elon-musk","tag-gigafactory","tag-model","tag-model-3","tag-model-s","tag-model-y","tag-supercharger","tag-tesla","tag-tesla-roadster"],"yoast_head":"<!-- This site is optimized with the Yoast SEO plugin v27.5 - https:\/\/yoast.com\/product\/yoast-seo-wordpress\/ -->\n<title>Elektromobilita m\u00e1 sv\u00e9ho kr\u00e1le - REGBU.COM<\/title>\n<meta name=\"description\" content=\"V\u00edte, co si p\u0159edstavit pod pojmem elektromobilita? A zn\u00e1te jednoho z pr\u016fkopn\u00edk\u016f tohoto novodob\u00e9ho segmentu?\" \/>\n<meta name=\"robots\" content=\"index, follow, max-snippet:-1, max-image-preview:large, max-video-preview:-1\" \/>\n<link rel=\"canonical\" href=\"https:\/\/regbu.com\/de\/elektromobilitat-ist-eigener-kreis\/\" \/>\n<meta property=\"og:locale\" content=\"de_DE\" \/>\n<meta property=\"og:type\" content=\"article\" \/>\n<meta property=\"og:title\" content=\"Elektromobilita m\u00e1 sv\u00e9ho kr\u00e1le - REGBU.COM\" \/>\n<meta property=\"og:description\" content=\"V\u00edte, co si p\u0159edstavit pod pojmem elektromobilita? A zn\u00e1te jednoho z pr\u016fkopn\u00edk\u016f tohoto novodob\u00e9ho segmentu?\" \/>\n<meta property=\"og:url\" content=\"https:\/\/regbu.com\/de\/elektromobilitat-ist-eigener-kreis\/\" \/>\n<meta property=\"og:site_name\" content=\"REGBU.COM\" \/>\n<meta property=\"article:published_time\" content=\"2023-08-09T14:09:02+00:00\" \/>\n<meta property=\"article:modified_time\" content=\"2025-09-05T05:39:50+00:00\" \/>\n<meta property=\"og:image\" content=\"https:\/\/regbu.com\/wp-content\/uploads\/2023\/08\/elektromobilita-ma-sveho-krale.jpg\" \/>\n\t<meta property=\"og:image:width\" content=\"1200\" \/>\n\t<meta property=\"og:image:height\" content=\"676\" \/>\n\t<meta property=\"og:image:type\" content=\"image\/jpeg\" \/>\n<meta name=\"author\" content=\"George Martin\" \/>\n<meta name=\"twitter:card\" content=\"summary_large_image\" \/>\n<meta name=\"twitter:label1\" content=\"Verfasst von\" \/>\n\t<meta name=\"twitter:data1\" content=\"George Martin\" \/>\n\t<meta name=\"twitter:label2\" content=\"Gesch\u00e4tzte Lesezeit\" \/>\n\t<meta name=\"twitter:data2\" content=\"2\u00a0Minuten\" \/>\n<script type=\"application\/ld+json\" class=\"yoast-schema-graph\">{\"@context\":\"https:\\\/\\\/schema.org\",\"@graph\":[{\"@type\":\"Article\",\"@id\":\"https:\\\/\\\/regbu.com\\\/de\\\/elektromobilitat-ist-eigener-kreis\\\/#article\",\"isPartOf\":{\"@id\":\"https:\\\/\\\/regbu.com\\\/de\\\/elektromobilitat-ist-eigener-kreis\\\/\"},\"author\":{\"name\":\"George Martin\",\"@id\":\"https:\\\/\\\/regbu.com\\\/en\\\/#\\\/schema\\\/person\\\/94ea9deda2629771b8a9ced002f6784e\"},\"headline\":\"Elektromobilita m\u00e1 sv\u00e9ho kr\u00e1le\",\"datePublished\":\"2023-08-09T14:09:02+00:00\",\"dateModified\":\"2025-09-05T05:39:50+00:00\",\"mainEntityOfPage\":{\"@id\":\"https:\\\/\\\/regbu.com\\\/de\\\/elektromobilitat-ist-eigener-kreis\\\/\"},\"wordCount\":409,\"image\":{\"@id\":\"https:\\\/\\\/regbu.com\\\/de\\\/elektromobilitat-ist-eigener-kreis\\\/#primaryimage\"},\"thumbnailUrl\":\"https:\\\/\\\/regbu.com\\\/wp-content\\\/uploads\\\/2023\\\/08\\\/elektromobilita-ma-sveho-krale.jpg\",\"keywords\":[\"elektromobilita\",\"elektromobily\",\"elon musk\",\"gigafactory\",\"model\",\"model 3\",\"model s\",\"model y\",\"Supercharger\",\"tesla\",\"tesla roadster\"],\"articleSection\":[\"Technologie\"],\"inLanguage\":\"de\"},{\"@type\":\"WebPage\",\"@id\":\"https:\\\/\\\/regbu.com\\\/de\\\/elektromobilitat-ist-eigener-kreis\\\/\",\"url\":\"https:\\\/\\\/regbu.com\\\/de\\\/elektromobilitat-ist-eigener-kreis\\\/\",\"name\":\"Elektromobilita m\u00e1 sv\u00e9ho kr\u00e1le - REGBU.COM\",\"isPartOf\":{\"@id\":\"https:\\\/\\\/regbu.com\\\/en\\\/#website\"},\"primaryImageOfPage\":{\"@id\":\"https:\\\/\\\/regbu.com\\\/de\\\/elektromobilitat-ist-eigener-kreis\\\/#primaryimage\"},\"image\":{\"@id\":\"https:\\\/\\\/regbu.com\\\/de\\\/elektromobilitat-ist-eigener-kreis\\\/#primaryimage\"},\"thumbnailUrl\":\"https:\\\/\\\/regbu.com\\\/wp-content\\\/uploads\\\/2023\\\/08\\\/elektromobilita-ma-sveho-krale.jpg\",\"datePublished\":\"2023-08-09T14:09:02+00:00\",\"dateModified\":\"2025-09-05T05:39:50+00:00\",\"author\":{\"@id\":\"https:\\\/\\\/regbu.com\\\/en\\\/#\\\/schema\\\/person\\\/94ea9deda2629771b8a9ced002f6784e\"},\"description\":\"V\u00edte, co si p\u0159edstavit pod pojmem elektromobilita? A zn\u00e1te jednoho z pr\u016fkopn\u00edk\u016f tohoto novodob\u00e9ho segmentu?\",\"breadcrumb\":{\"@id\":\"https:\\\/\\\/regbu.com\\\/de\\\/elektromobilitat-ist-eigener-kreis\\\/#breadcrumb\"},\"inLanguage\":\"de\",\"potentialAction\":[{\"@type\":\"ReadAction\",\"target\":[\"https:\\\/\\\/regbu.com\\\/de\\\/elektromobilitat-ist-eigener-kreis\\\/\"]}]},{\"@type\":\"ImageObject\",\"inLanguage\":\"de\",\"@id\":\"https:\\\/\\\/regbu.com\\\/de\\\/elektromobilitat-ist-eigener-kreis\\\/#primaryimage\",\"url\":\"https:\\\/\\\/regbu.com\\\/wp-content\\\/uploads\\\/2023\\\/08\\\/elektromobilita-ma-sveho-krale.jpg\",\"contentUrl\":\"https:\\\/\\\/regbu.com\\\/wp-content\\\/uploads\\\/2023\\\/08\\\/elektromobilita-ma-sveho-krale.jpg\",\"width\":1200,\"height\":676,\"caption\":\"Elektromobilita m\u00e1 sv\u00e9ho kr\u00e1le\"},{\"@type\":\"BreadcrumbList\",\"@id\":\"https:\\\/\\\/regbu.com\\\/de\\\/elektromobilitat-ist-eigener-kreis\\\/#breadcrumb\",\"itemListElement\":[{\"@type\":\"ListItem\",\"position\":1,\"name\":\"Home\",\"item\":\"https:\\\/\\\/regbu.com\\\/en\\\/\"},{\"@type\":\"ListItem\",\"position\":2,\"name\":\"Elektromobilita m\u00e1 sv\u00e9ho kr\u00e1le\"}]},{\"@type\":\"WebSite\",\"@id\":\"https:\\\/\\\/regbu.com\\\/en\\\/#website\",\"url\":\"https:\\\/\\\/regbu.com\\\/en\\\/\",\"name\":\"REGBU.COM\",\"description\":\"\",\"potentialAction\":[{\"@type\":\"SearchAction\",\"target\":{\"@type\":\"EntryPoint\",\"urlTemplate\":\"https:\\\/\\\/regbu.com\\\/en\\\/?s={search_term_string}\"},\"query-input\":{\"@type\":\"PropertyValueSpecification\",\"valueRequired\":true,\"valueName\":\"search_term_string\"}}],\"inLanguage\":\"de\"},{\"@type\":\"Person\",\"@id\":\"https:\\\/\\\/regbu.com\\\/en\\\/#\\\/schema\\\/person\\\/94ea9deda2629771b8a9ced002f6784e\",\"name\":\"George Martin\",\"url\":\"https:\\\/\\\/regbu.com\\\/de\\\/author\\\/george-martin\\\/\"}]}<\/script>\n<!-- \/ Yoast SEO plugin. -->","yoast_head_json":{"title":"Die Elektromobilit\u00e4t hat ihren K\u00f6nig - REGBU.COM","description":"Wissen Sie, was unter Elektromobilit\u00e4t zu verstehen ist? Und kennen Sie einen der Pioniere in diesem neuen Segment?","robots":{"index":"index","follow":"follow","max-snippet":"max-snippet:-1","max-image-preview":"max-image-preview:large","max-video-preview":"max-video-preview:-1"},"canonical":"https:\/\/regbu.com\/de\/elektromobilitat-ist-eigener-kreis\/","og_locale":"de_DE","og_type":"article","og_title":"Elektromobilita m\u00e1 sv\u00e9ho kr\u00e1le - REGBU.COM","og_description":"V\u00edte, co si p\u0159edstavit pod pojmem elektromobilita? A zn\u00e1te jednoho z pr\u016fkopn\u00edk\u016f tohoto novodob\u00e9ho segmentu?","og_url":"https:\/\/regbu.com\/de\/elektromobilitat-ist-eigener-kreis\/","og_site_name":"REGBU.COM","article_published_time":"2023-08-09T14:09:02+00:00","article_modified_time":"2025-09-05T05:39:50+00:00","og_image":[{"width":1200,"height":676,"url":"https:\/\/regbu.com\/wp-content\/uploads\/2023\/08\/elektromobilita-ma-sveho-krale.jpg","type":"image\/jpeg"}],"author":"George Martin","twitter_card":"summary_large_image","twitter_misc":{"Verfasst von":"George Martin","Gesch\u00e4tzte Lesezeit":"2\u00a0Minuten"},"schema":{"@context":"https:\/\/schema.org","@graph":[{"@type":"Article","@id":"https:\/\/regbu.com\/de\/elektromobilitat-ist-eigener-kreis\/#article","isPartOf":{"@id":"https:\/\/regbu.com\/de\/elektromobilitat-ist-eigener-kreis\/"},"author":{"name":"George Martin","@id":"https:\/\/regbu.com\/en\/#\/schema\/person\/94ea9deda2629771b8a9ced002f6784e"},"headline":"Elektromobilita m\u00e1 sv\u00e9ho kr\u00e1le","datePublished":"2023-08-09T14:09:02+00:00","dateModified":"2025-09-05T05:39:50+00:00","mainEntityOfPage":{"@id":"https:\/\/regbu.com\/de\/elektromobilitat-ist-eigener-kreis\/"},"wordCount":409,"image":{"@id":"https:\/\/regbu.com\/de\/elektromobilitat-ist-eigener-kreis\/#primaryimage"},"thumbnailUrl":"https:\/\/regbu.com\/wp-content\/uploads\/2023\/08\/elektromobilita-ma-sveho-krale.jpg","keywords":["elektromobilita","elektromobily","elon musk","gigafactory","model","model 3","model s","model y","Supercharger","tesla","tesla roadster"],"articleSection":["Technologie"],"inLanguage":"de"},{"@type":"WebPage","@id":"https:\/\/regbu.com\/de\/elektromobilitat-ist-eigener-kreis\/","url":"https:\/\/regbu.com\/de\/elektromobilitat-ist-eigener-kreis\/","name":"Die Elektromobilit\u00e4t hat ihren K\u00f6nig - REGBU.COM","isPartOf":{"@id":"https:\/\/regbu.com\/en\/#website"},"primaryImageOfPage":{"@id":"https:\/\/regbu.com\/de\/elektromobilitat-ist-eigener-kreis\/#primaryimage"},"image":{"@id":"https:\/\/regbu.com\/de\/elektromobilitat-ist-eigener-kreis\/#primaryimage"},"thumbnailUrl":"https:\/\/regbu.com\/wp-content\/uploads\/2023\/08\/elektromobilita-ma-sveho-krale.jpg","datePublished":"2023-08-09T14:09:02+00:00","dateModified":"2025-09-05T05:39:50+00:00","author":{"@id":"https:\/\/regbu.com\/en\/#\/schema\/person\/94ea9deda2629771b8a9ced002f6784e"},"description":"Wissen Sie, was unter Elektromobilit\u00e4t zu verstehen ist? Und kennen Sie einen der Pioniere in diesem neuen Segment?","breadcrumb":{"@id":"https:\/\/regbu.com\/de\/elektromobilitat-ist-eigener-kreis\/#breadcrumb"},"inLanguage":"de","potentialAction":[{"@type":"ReadAction","target":["https:\/\/regbu.com\/de\/elektromobilitat-ist-eigener-kreis\/"]}]},{"@type":"ImageObject","inLanguage":"de","@id":"https:\/\/regbu.com\/de\/elektromobilitat-ist-eigener-kreis\/#primaryimage","url":"https:\/\/regbu.com\/wp-content\/uploads\/2023\/08\/elektromobilita-ma-sveho-krale.jpg","contentUrl":"https:\/\/regbu.com\/wp-content\/uploads\/2023\/08\/elektromobilita-ma-sveho-krale.jpg","width":1200,"height":676,"caption":"Elektromobilita m\u00e1 sv\u00e9ho kr\u00e1le"},{"@type":"BreadcrumbList","@id":"https:\/\/regbu.com\/de\/elektromobilitat-ist-eigener-kreis\/#breadcrumb","itemListElement":[{"@type":"ListItem","position":1,"name":"Home","item":"https:\/\/regbu.com\/en\/"},{"@type":"ListItem","position":2,"name":"Elektromobilita m\u00e1 sv\u00e9ho kr\u00e1le"}]},{"@type":"WebSite","@id":"https:\/\/regbu.com\/en\/#website","url":"https:\/\/regbu.com\/en\/","name":"REGBU.COM","description":"","potentialAction":[{"@type":"SearchAction","target":{"@type":"EntryPoint","urlTemplate":"https:\/\/regbu.com\/en\/?s={search_term_string}"},"query-input":{"@type":"PropertyValueSpecification","valueRequired":true,"valueName":"search_term_string"}}],"inLanguage":"de"},{"@type":"Person","@id":"https:\/\/regbu.com\/en\/#\/schema\/person\/94ea9deda2629771b8a9ced002f6784e","name":"George Martin","url":"https:\/\/regbu.com\/de\/author\/george-martin\/"}]}},"_links":{"self":[{"href":"https:\/\/regbu.com\/de\/wp-json\/wp\/v2\/posts\/1499","targetHints":{"allow":["GET"]}}],"collection":[{"href":"https:\/\/regbu.com\/de\/wp-json\/wp\/v2\/posts"}],"about":[{"href":"https:\/\/regbu.com\/de\/wp-json\/wp\/v2\/types\/post"}],"author":[{"embeddable":true,"href":"https:\/\/regbu.com\/de\/wp-json\/wp\/v2\/users\/2"}],"replies":[{"embeddable":true,"href":"https:\/\/regbu.com\/de\/wp-json\/wp\/v2\/comments?post=1499"}],"version-history":[{"count":3,"href":"https:\/\/regbu.com\/de\/wp-json\/wp\/v2\/posts\/1499\/revisions"}],"predecessor-version":[{"id":1510,"href":"https:\/\/regbu.com\/de\/wp-json\/wp\/v2\/posts\/1499\/revisions\/1510"}],"wp:featuredmedia":[{"embeddable":true,"href":"https:\/\/regbu.com\/de\/wp-json\/wp\/v2\/media\/1500"}],"wp:attachment":[{"href":"https:\/\/regbu.com\/de\/wp-json\/wp\/v2\/media?parent=1499"}],"wp:term":[{"taxonomy":"category","embeddable":true,"href":"https:\/\/regbu.com\/de\/wp-json\/wp\/v2\/categories?post=1499"},{"taxonomy":"post_tag","embeddable":true,"href":"https:\/\/regbu.com\/de\/wp-json\/wp\/v2\/tags?post=1499"}],"curies":[{"name":"wp","href":"https:\/\/api.w.org\/{rel}","templated":true}]}}