{"id":132,"date":"2022-01-04T08:09:00","date_gmt":"2022-01-04T07:09:00","guid":{"rendered":"https:\/\/regbu.com\/?p=132"},"modified":"2025-09-05T07:43:06","modified_gmt":"2025-09-05T05:43:06","slug":"krystof-kapela-spojena-s-richardem-krajcem","status":"publish","type":"post","link":"https:\/\/regbu.com\/de\/krystof-kapelle-verwandt-mit-richard-krait\/","title":{"rendered":"Kry\u0161tof - Band um Richard Kraj\u010d"},"content":{"rendered":"<p>In einem unserer letzten Artikel haben wir eine Ikone der tschechischen Musik vorgestellt, die <strong><a href=\"https:\/\/regbu.com\/de\/karel-muss-unschlagbar-sein-gott-kaja\/\">Karel Gott<\/a><\/strong>. Jetzt werden wir uns auf eine der sehr erfolgreichen, ber\u00fchmten und gro\u00dfartigen Bands konzentrieren. Es ist die Band Kry\u0161tof, die seit einiger Zeit die Musikszene dominiert.  Sie wurde 1993 in Hav\u00ed\u0159ov gegr\u00fcndet und hat seitdem eine wirklich solide und gro\u00dfe Fangemeinde gewonnen.<\/p>\n\n\n\n<h2 class=\"wp-block-heading\">Kry\u0161tof - Mehr \u00fcber die Band<\/h2>\n\n\n\n<p>Das bekannteste Gesicht dieser Gruppe ist nat\u00fcrlich <strong>Richard Kraj\u010do<\/strong>. Au\u00dfer ihm haben auch andere aktuelle oder ehemalige Mitglieder die Band gegr\u00fcndet. Sie waren Jarda Blahut, Nikolay Arichtev, Biser Arichtev und Pavel Studnik. In der folgenden Tabelle k\u00f6nnen Sie mehr \u00fcber die Band erfahren.<\/p>\n\n\n\n<figure class=\"wp-block-table\"><table><tbody><tr><td><strong>Thema<\/strong><\/td><td><strong>Wert<\/strong><\/td><\/tr><tr><td>Aktive Jahre<\/td><td>Seit 1994<\/td><\/tr><tr><td>Genres<\/td><td>Pop und alternativer Rock<\/td><\/tr><tr><td>Erstes Demo-Bild<\/td><td>SQELLE<\/td><\/tr><tr><td>Verlage<\/td><td>EMI, Universal Music und Richmond Records<\/td><\/tr><\/tbody><\/table><figcaption>Mehr Informationen \u00fcber die Musikgruppe Kry\u0161tof.<\/figcaption><\/figure>\n\n\n\n<p>Das zuletzt erw\u00e4hnte Label Richmond Records geh\u00f6rt Richard Kraj\u010d, nur so zum Verst\u00e4ndnis. Er konzentriert sich haupts\u00e4chlich auf Gesang, Gitarre und Gesang.<\/p>\n\n\n\n<h2 class=\"wp-block-heading\">Erfolgreiche Alben von Kry\u0161tof<\/h2>\n\n\n\n<p>Wenn Sie sich mit <strong>Diskographie der Band Kry\u0161tof<\/strong> werden Sie feststellen, dass er wirklich reichhaltig ist. Von den Studioalben sind vor allem Rubicon und Inzerat bekannt. Die Singles enthielten unvergessliche Hits, die auch heute noch klingen - Inzerat, The More I Know, Wings of Soap, \u0160n\u016fry, Hned Now, Lolita, Cesta, Ty and Me, Stay Here with Me und viele mehr. Die Band hat auch Konzertalben ver\u00f6ffentlicht, darunter \u017di(v)je, Kry\u0161tof v Opera und Kry\u0161tof na Strahov 2017. Nimmt man noch drei ausgew\u00e4hlte Alben hinzu, so hat die Band w\u00e4hrend ihres Bestehens mehr als genug getan.<\/p>\n\n\n\n<h3 class=\"wp-block-heading\">Auszeichnung f\u00fcr harte und hochwertige Arbeit<\/h3>\n\n\n\n<p>Der Erfolg dieser beliebten Musikgruppe spiegelt sich nat\u00fcrlich auch in einer Reihe von Auszeichnungen wider. Die tschechische Nachtigall\" im Jahr 2013 und die <strong>Andel Musikpreise<\/strong> in verschiedenen Kategorien seit 2001. Ob es sich um die Entdeckung des Jahres, den Song des Jahres, das Musik-Web, die Gruppe des Jahres und andere handelte. Es ist wahr, dass Richard Kraj\u010do mit seiner charismatischen Art viele Zuh\u00f6rer anzieht. Schlie\u00dflich bereitet er jedes Jahr das ber\u00fchmte Kry\u0161tof-Camp vor, und mit anderen Mitgliedern bereiten sie viele andere Veranstaltungen vor.<\/p>","protected":false},"excerpt":{"rendered":"<p>In einem unserer letzten Artikel haben wir die Ikone der tschechischen Musik, Karel Gott, vorgestellt. Jetzt werden wir uns auf eine der sehr erfolgreichen, ber\u00fchmten und gro\u00dfartigen Bands konzentrieren. Es ist die Band Kry\u0161tof, die seit einiger Zeit die Musikszene dominiert.  Es wurde 1993 in Hav\u00ed\u0159ov gegr\u00fcndet und hat sich seither zu einem echten ... <\/p>","protected":false},"author":2,"featured_media":133,"comment_status":"closed","ping_status":"closed","sticky":false,"template":"","format":"standard","meta":{"footnotes":""},"categories":[11],"tags":[106,107,108,109,110,111,112,113,114,115],"class_list":["post-132","post","type-post","status-publish","format-standard","has-post-thumbnail","hentry","category-hudba","tag-hudba","tag-hudebni-kapela","tag-hudebni-skupina","tag-krajco","tag-krystof","tag-pop","tag-richard-krajco","tag-rock","tag-skupina","tag-zpev"],"yoast_head":"<!-- This site is optimized with the Yoast SEO plugin v27.5 - https:\/\/yoast.com\/product\/yoast-seo-wordpress\/ -->\n<title>Kry\u0161tof \u2013 Kapela spojen\u00e1 s Richardem Kraj\u010dem - REGBU.COM<\/title>\n<meta name=\"description\" content=\"Poznejte jednu z nejzn\u00e1m\u011bj\u0161\u00edch \u010desk\u00fdch kapel, kterou je Kry\u0161tof. P\u0159in\u00e1\u0161\u00edme V\u00e1m d\u016fle\u017eit\u00e9 detaily o tomto hudebn\u00edm seskupen\u00ed.\" \/>\n<meta name=\"robots\" content=\"index, follow, max-snippet:-1, max-image-preview:large, max-video-preview:-1\" \/>\n<link rel=\"canonical\" href=\"https:\/\/regbu.com\/de\/krystof-kapelle-verwandt-mit-richard-krait\/\" \/>\n<meta property=\"og:locale\" content=\"de_DE\" \/>\n<meta property=\"og:type\" content=\"article\" \/>\n<meta property=\"og:title\" content=\"Kry\u0161tof \u2013 Kapela spojen\u00e1 s Richardem Kraj\u010dem - REGBU.COM\" \/>\n<meta property=\"og:description\" content=\"Poznejte jednu z nejzn\u00e1m\u011bj\u0161\u00edch \u010desk\u00fdch kapel, kterou je Kry\u0161tof. P\u0159in\u00e1\u0161\u00edme V\u00e1m d\u016fle\u017eit\u00e9 detaily o tomto hudebn\u00edm seskupen\u00ed.\" \/>\n<meta property=\"og:url\" content=\"https:\/\/regbu.com\/de\/krystof-kapelle-verwandt-mit-richard-krait\/\" \/>\n<meta property=\"og:site_name\" content=\"REGBU.COM\" \/>\n<meta property=\"article:published_time\" content=\"2022-01-04T07:09:00+00:00\" \/>\n<meta property=\"article:modified_time\" content=\"2025-09-05T05:43:06+00:00\" \/>\n<meta property=\"og:image\" content=\"https:\/\/regbu.com\/wp-content\/uploads\/2022\/01\/krystof-kapela-spojena-s-richardem-krajcem.jpg\" \/>\n\t<meta property=\"og:image:width\" content=\"1200\" \/>\n\t<meta property=\"og:image:height\" content=\"677\" \/>\n\t<meta property=\"og:image:type\" content=\"image\/jpeg\" \/>\n<meta name=\"author\" content=\"George Martin\" \/>\n<meta name=\"twitter:card\" content=\"summary_large_image\" \/>\n<meta name=\"twitter:label1\" content=\"Verfasst von\" \/>\n\t<meta name=\"twitter:data1\" content=\"George Martin\" \/>\n\t<meta name=\"twitter:label2\" content=\"Gesch\u00e4tzte Lesezeit\" \/>\n\t<meta name=\"twitter:data2\" content=\"2\u00a0Minuten\" \/>\n<script type=\"application\/ld+json\" class=\"yoast-schema-graph\">{\"@context\":\"https:\\\/\\\/schema.org\",\"@graph\":[{\"@type\":\"Article\",\"@id\":\"https:\\\/\\\/regbu.com\\\/krystof-kapela-spojena-s-richardem-krajcem\\\/#article\",\"isPartOf\":{\"@id\":\"https:\\\/\\\/regbu.com\\\/krystof-kapela-spojena-s-richardem-krajcem\\\/\"},\"author\":{\"name\":\"George Martin\",\"@id\":\"https:\\\/\\\/regbu.com\\\/en\\\/#\\\/schema\\\/person\\\/94ea9deda2629771b8a9ced002f6784e\"},\"headline\":\"Kry\u0161tof \u2013 Kapela spojen\u00e1 s Richardem Kraj\u010dem\",\"datePublished\":\"2022-01-04T07:09:00+00:00\",\"dateModified\":\"2025-09-05T05:43:06+00:00\",\"mainEntityOfPage\":{\"@id\":\"https:\\\/\\\/regbu.com\\\/krystof-kapela-spojena-s-richardem-krajcem\\\/\"},\"wordCount\":460,\"image\":{\"@id\":\"https:\\\/\\\/regbu.com\\\/krystof-kapela-spojena-s-richardem-krajcem\\\/#primaryimage\"},\"thumbnailUrl\":\"https:\\\/\\\/regbu.com\\\/wp-content\\\/uploads\\\/2022\\\/01\\\/krystof-kapela-spojena-s-richardem-krajcem.jpg\",\"keywords\":[\"hudba\",\"hudebn\u00ed kapela\",\"hudebn\u00ed skupina\",\"Kraj\u010do\",\"Kry\u0161tof\",\"pop\",\"Richard Kraj\u010do\",\"rock\",\"skupina\",\"zp\u011bv\"],\"articleSection\":[\"Hudba\"],\"inLanguage\":\"de\"},{\"@type\":\"WebPage\",\"@id\":\"https:\\\/\\\/regbu.com\\\/krystof-kapela-spojena-s-richardem-krajcem\\\/\",\"url\":\"https:\\\/\\\/regbu.com\\\/krystof-kapela-spojena-s-richardem-krajcem\\\/\",\"name\":\"Kry\u0161tof \u2013 Kapela spojen\u00e1 s Richardem Kraj\u010dem - REGBU.COM\",\"isPartOf\":{\"@id\":\"https:\\\/\\\/regbu.com\\\/en\\\/#website\"},\"primaryImageOfPage\":{\"@id\":\"https:\\\/\\\/regbu.com\\\/krystof-kapela-spojena-s-richardem-krajcem\\\/#primaryimage\"},\"image\":{\"@id\":\"https:\\\/\\\/regbu.com\\\/krystof-kapela-spojena-s-richardem-krajcem\\\/#primaryimage\"},\"thumbnailUrl\":\"https:\\\/\\\/regbu.com\\\/wp-content\\\/uploads\\\/2022\\\/01\\\/krystof-kapela-spojena-s-richardem-krajcem.jpg\",\"datePublished\":\"2022-01-04T07:09:00+00:00\",\"dateModified\":\"2025-09-05T05:43:06+00:00\",\"author\":{\"@id\":\"https:\\\/\\\/regbu.com\\\/en\\\/#\\\/schema\\\/person\\\/94ea9deda2629771b8a9ced002f6784e\"},\"description\":\"Poznejte jednu z nejzn\u00e1m\u011bj\u0161\u00edch \u010desk\u00fdch kapel, kterou je Kry\u0161tof. P\u0159in\u00e1\u0161\u00edme V\u00e1m d\u016fle\u017eit\u00e9 detaily o tomto hudebn\u00edm seskupen\u00ed.\",\"breadcrumb\":{\"@id\":\"https:\\\/\\\/regbu.com\\\/krystof-kapela-spojena-s-richardem-krajcem\\\/#breadcrumb\"},\"inLanguage\":\"de\",\"potentialAction\":[{\"@type\":\"ReadAction\",\"target\":[\"https:\\\/\\\/regbu.com\\\/krystof-kapela-spojena-s-richardem-krajcem\\\/\"]}]},{\"@type\":\"ImageObject\",\"inLanguage\":\"de\",\"@id\":\"https:\\\/\\\/regbu.com\\\/krystof-kapela-spojena-s-richardem-krajcem\\\/#primaryimage\",\"url\":\"https:\\\/\\\/regbu.com\\\/wp-content\\\/uploads\\\/2022\\\/01\\\/krystof-kapela-spojena-s-richardem-krajcem.jpg\",\"contentUrl\":\"https:\\\/\\\/regbu.com\\\/wp-content\\\/uploads\\\/2022\\\/01\\\/krystof-kapela-spojena-s-richardem-krajcem.jpg\",\"width\":1200,\"height\":677,\"caption\":\"Kry\u0161tof \u2013 Kapela spojen\u00e1 s Richardem Kraj\u010dem\"},{\"@type\":\"BreadcrumbList\",\"@id\":\"https:\\\/\\\/regbu.com\\\/krystof-kapela-spojena-s-richardem-krajcem\\\/#breadcrumb\",\"itemListElement\":[{\"@type\":\"ListItem\",\"position\":1,\"name\":\"Home\",\"item\":\"https:\\\/\\\/regbu.com\\\/en\\\/\"},{\"@type\":\"ListItem\",\"position\":2,\"name\":\"Kry\u0161tof \u2013 Kapela spojen\u00e1 s Richardem Kraj\u010dem\"}]},{\"@type\":\"WebSite\",\"@id\":\"https:\\\/\\\/regbu.com\\\/en\\\/#website\",\"url\":\"https:\\\/\\\/regbu.com\\\/en\\\/\",\"name\":\"REGBU.COM\",\"description\":\"\",\"potentialAction\":[{\"@type\":\"SearchAction\",\"target\":{\"@type\":\"EntryPoint\",\"urlTemplate\":\"https:\\\/\\\/regbu.com\\\/en\\\/?s={search_term_string}\"},\"query-input\":{\"@type\":\"PropertyValueSpecification\",\"valueRequired\":true,\"valueName\":\"search_term_string\"}}],\"inLanguage\":\"de\"},{\"@type\":\"Person\",\"@id\":\"https:\\\/\\\/regbu.com\\\/en\\\/#\\\/schema\\\/person\\\/94ea9deda2629771b8a9ced002f6784e\",\"name\":\"George Martin\",\"url\":\"https:\\\/\\\/regbu.com\\\/de\\\/author\\\/george-martin\\\/\"}]}<\/script>\n<!-- \/ Yoast SEO plugin. -->","yoast_head_json":{"title":"Kry\u0161tof - Band um Richard Kraj\u010d - REGBU.COM","description":"Lernen Sie eine der bekanntesten tschechischen Bands kennen - Kry\u0161tof. Wir bringen Ihnen wichtige Details \u00fcber diese Musikgruppe.","robots":{"index":"index","follow":"follow","max-snippet":"max-snippet:-1","max-image-preview":"max-image-preview:large","max-video-preview":"max-video-preview:-1"},"canonical":"https:\/\/regbu.com\/de\/krystof-kapelle-verwandt-mit-richard-krait\/","og_locale":"de_DE","og_type":"article","og_title":"Kry\u0161tof \u2013 Kapela spojen\u00e1 s Richardem Kraj\u010dem - REGBU.COM","og_description":"Poznejte jednu z nejzn\u00e1m\u011bj\u0161\u00edch \u010desk\u00fdch kapel, kterou je Kry\u0161tof. P\u0159in\u00e1\u0161\u00edme V\u00e1m d\u016fle\u017eit\u00e9 detaily o tomto hudebn\u00edm seskupen\u00ed.","og_url":"https:\/\/regbu.com\/de\/krystof-kapelle-verwandt-mit-richard-krait\/","og_site_name":"REGBU.COM","article_published_time":"2022-01-04T07:09:00+00:00","article_modified_time":"2025-09-05T05:43:06+00:00","og_image":[{"width":1200,"height":677,"url":"https:\/\/regbu.com\/wp-content\/uploads\/2022\/01\/krystof-kapela-spojena-s-richardem-krajcem.jpg","type":"image\/jpeg"}],"author":"George Martin","twitter_card":"summary_large_image","twitter_misc":{"Verfasst von":"George Martin","Gesch\u00e4tzte Lesezeit":"2\u00a0Minuten"},"schema":{"@context":"https:\/\/schema.org","@graph":[{"@type":"Article","@id":"https:\/\/regbu.com\/krystof-kapela-spojena-s-richardem-krajcem\/#article","isPartOf":{"@id":"https:\/\/regbu.com\/krystof-kapela-spojena-s-richardem-krajcem\/"},"author":{"name":"George Martin","@id":"https:\/\/regbu.com\/en\/#\/schema\/person\/94ea9deda2629771b8a9ced002f6784e"},"headline":"Kry\u0161tof \u2013 Kapela spojen\u00e1 s Richardem Kraj\u010dem","datePublished":"2022-01-04T07:09:00+00:00","dateModified":"2025-09-05T05:43:06+00:00","mainEntityOfPage":{"@id":"https:\/\/regbu.com\/krystof-kapela-spojena-s-richardem-krajcem\/"},"wordCount":460,"image":{"@id":"https:\/\/regbu.com\/krystof-kapela-spojena-s-richardem-krajcem\/#primaryimage"},"thumbnailUrl":"https:\/\/regbu.com\/wp-content\/uploads\/2022\/01\/krystof-kapela-spojena-s-richardem-krajcem.jpg","keywords":["hudba","hudebn\u00ed kapela","hudebn\u00ed skupina","Kraj\u010do","Kry\u0161tof","pop","Richard Kraj\u010do","rock","skupina","zp\u011bv"],"articleSection":["Hudba"],"inLanguage":"de"},{"@type":"WebPage","@id":"https:\/\/regbu.com\/krystof-kapela-spojena-s-richardem-krajcem\/","url":"https:\/\/regbu.com\/krystof-kapela-spojena-s-richardem-krajcem\/","name":"Kry\u0161tof - Band um Richard Kraj\u010d - REGBU.COM","isPartOf":{"@id":"https:\/\/regbu.com\/en\/#website"},"primaryImageOfPage":{"@id":"https:\/\/regbu.com\/krystof-kapela-spojena-s-richardem-krajcem\/#primaryimage"},"image":{"@id":"https:\/\/regbu.com\/krystof-kapela-spojena-s-richardem-krajcem\/#primaryimage"},"thumbnailUrl":"https:\/\/regbu.com\/wp-content\/uploads\/2022\/01\/krystof-kapela-spojena-s-richardem-krajcem.jpg","datePublished":"2022-01-04T07:09:00+00:00","dateModified":"2025-09-05T05:43:06+00:00","author":{"@id":"https:\/\/regbu.com\/en\/#\/schema\/person\/94ea9deda2629771b8a9ced002f6784e"},"description":"Lernen Sie eine der bekanntesten tschechischen Bands kennen - Kry\u0161tof. Wir bringen Ihnen wichtige Details \u00fcber diese Musikgruppe.","breadcrumb":{"@id":"https:\/\/regbu.com\/krystof-kapela-spojena-s-richardem-krajcem\/#breadcrumb"},"inLanguage":"de","potentialAction":[{"@type":"ReadAction","target":["https:\/\/regbu.com\/krystof-kapela-spojena-s-richardem-krajcem\/"]}]},{"@type":"ImageObject","inLanguage":"de","@id":"https:\/\/regbu.com\/krystof-kapela-spojena-s-richardem-krajcem\/#primaryimage","url":"https:\/\/regbu.com\/wp-content\/uploads\/2022\/01\/krystof-kapela-spojena-s-richardem-krajcem.jpg","contentUrl":"https:\/\/regbu.com\/wp-content\/uploads\/2022\/01\/krystof-kapela-spojena-s-richardem-krajcem.jpg","width":1200,"height":677,"caption":"Kry\u0161tof \u2013 Kapela spojen\u00e1 s Richardem Kraj\u010dem"},{"@type":"BreadcrumbList","@id":"https:\/\/regbu.com\/krystof-kapela-spojena-s-richardem-krajcem\/#breadcrumb","itemListElement":[{"@type":"ListItem","position":1,"name":"Home","item":"https:\/\/regbu.com\/en\/"},{"@type":"ListItem","position":2,"name":"Kry\u0161tof \u2013 Kapela spojen\u00e1 s Richardem Kraj\u010dem"}]},{"@type":"WebSite","@id":"https:\/\/regbu.com\/en\/#website","url":"https:\/\/regbu.com\/en\/","name":"REGBU.COM","description":"","potentialAction":[{"@type":"SearchAction","target":{"@type":"EntryPoint","urlTemplate":"https:\/\/regbu.com\/en\/?s={search_term_string}"},"query-input":{"@type":"PropertyValueSpecification","valueRequired":true,"valueName":"search_term_string"}}],"inLanguage":"de"},{"@type":"Person","@id":"https:\/\/regbu.com\/en\/#\/schema\/person\/94ea9deda2629771b8a9ced002f6784e","name":"George Martin","url":"https:\/\/regbu.com\/de\/author\/george-martin\/"}]}},"_links":{"self":[{"href":"https:\/\/regbu.com\/de\/wp-json\/wp\/v2\/posts\/132","targetHints":{"allow":["GET"]}}],"collection":[{"href":"https:\/\/regbu.com\/de\/wp-json\/wp\/v2\/posts"}],"about":[{"href":"https:\/\/regbu.com\/de\/wp-json\/wp\/v2\/types\/post"}],"author":[{"embeddable":true,"href":"https:\/\/regbu.com\/de\/wp-json\/wp\/v2\/users\/2"}],"replies":[{"embeddable":true,"href":"https:\/\/regbu.com\/de\/wp-json\/wp\/v2\/comments?post=132"}],"version-history":[{"count":3,"href":"https:\/\/regbu.com\/de\/wp-json\/wp\/v2\/posts\/132\/revisions"}],"predecessor-version":[{"id":152,"href":"https:\/\/regbu.com\/de\/wp-json\/wp\/v2\/posts\/132\/revisions\/152"}],"wp:featuredmedia":[{"embeddable":true,"href":"https:\/\/regbu.com\/de\/wp-json\/wp\/v2\/media\/133"}],"wp:attachment":[{"href":"https:\/\/regbu.com\/de\/wp-json\/wp\/v2\/media?parent=132"}],"wp:term":[{"taxonomy":"category","embeddable":true,"href":"https:\/\/regbu.com\/de\/wp-json\/wp\/v2\/categories?post=132"},{"taxonomy":"post_tag","embeddable":true,"href":"https:\/\/regbu.com\/de\/wp-json\/wp\/v2\/tags?post=132"}],"curies":[{"name":"wp","href":"https:\/\/api.w.org\/{rel}","templated":true}]}}