{"id":1224,"date":"2023-07-23T16:02:57","date_gmt":"2023-07-23T14:02:57","guid":{"rendered":"https:\/\/regbu.com\/?p=1224"},"modified":"2025-09-05T07:40:47","modified_gmt":"2025-09-05T05:40:47","slug":"styl-bryli-musi-ladit-s-vasim-oblicejem","status":"publish","type":"post","link":"https:\/\/regbu.com\/de\/style-bryli-muss-mit-deinem-gesicht-passen\/","title":{"rendered":"Der Stil der Brille muss zu Ihrem Gesicht passen"},"content":{"rendered":"<p>Sie k\u00f6nnen den Stil der Brille nach verschiedenen Gesichtspunkten ausw\u00e4hlen. Es ist \u00e4hnlich wie <strong><a href=\"https:\/\/regbu.com\/de\/uhrentypen-nach-bekleidungsart\/\">Arten von Uhren<\/a><\/strong>die man zum Beispiel je nach gesellschaftlichem Anlass ausw\u00e4hlen kann. Bei Brillen ist es ein bisschen anders, denn sie sollten auch zu Ihrem Gesicht passen. Jeder Mensch hat eine etwas andere Form und eine andere Brille passt zu ihm. Erst dann kann man sich auf die anderen Dinge konzentrieren.<\/p>\n\n\n\n<ul class=\"wp-block-list\">\n<li>Materialbearbeitung von Rahmen<\/li>\n\n\n\n<li>T\u00f6nung von Brillengl\u00e4sern<\/li>\n\n\n\n<li>Auswahl einer geeigneten Brille<\/li>\n<\/ul>\n\n\n\n<h2 class=\"wp-block-heading\">Welche Art von Gesicht haben Sie?<\/h2>\n\n\n\n<p>Wenn Sie herausfinden wollen, welche Art von Brille f\u00fcr Sie ideal ist, sollten Sie sich zun\u00e4chst informieren, <strong>welche Art von Gesicht Sie haben<\/strong>. Dazu gen\u00fcgt ein einfaches Hilfsmittel. Schauen Sie in den Spiegel oder machen Sie ein Foto von sich und vergleichen Sie Ihr Gesicht mit anderen nach einem der Musterseiten im Internet. Dann k\u00f6nnen Sie Ihre Brille ausw\u00e4hlen.<\/p>\n\n\n\n<figure class=\"wp-block-table\"><table><tbody><tr><td><strong>Gesichtsform<\/strong><\/td><td><strong>Stil der Brille<\/strong><\/td><\/tr><tr><td>Das Oval<\/td><td>Fast alle Formen<\/td><\/tr><tr><td>Herz<\/td><td>Katze und Vollreife<\/td><\/tr><tr><td>Rund<\/td><td>Quadratische Felgen<\/td><\/tr><tr><td>L\u00e4nglich<\/td><td>Ovale und runde Gl\u00e4ser<\/td><\/tr><\/tbody><\/table><figcaption class=\"wp-element-caption\">W\u00e4hlen Sie die richtige Brille f\u00fcr Ihre Gesichtsform.<\/figcaption><\/figure>\n\n\n\n<p>Wenn Sie ein dreieckiges Gesicht haben, sollten Sie mit der Brille den oberen Teil Ihres Gesichts betonen. Versuchen Sie breitere Rahmen. Alternativ sind Farbverl\u00e4ufe zwischen dem oberen und dem unteren Teil des Rahmens eine Option.<\/p>\n\n\n\n<h3 class=\"wp-block-heading\">Brillenstil je nach Hautfarbe<\/h3>\n\n\n\n<p>Nat\u00fcrlich sagt die Hautfarbe nichts dar\u00fcber aus, welche Form der Brillenfassung Sie w\u00e4hlen sollten. Die oben erw\u00e4hnte Gesichtsform wird Ihnen dabei gute Dienste leisten. <strong>Hautfarbe<\/strong> ist jedoch eine n\u00fctzliche Orientierungshilfe bei der Wahl der idealen Rahmenfarbe. Wenn Sie zu den Wintertypen geh\u00f6ren, w\u00e4hlen Sie Schwarz, Grau, Blau oder Wei\u00df. Geh\u00f6ren Sie zu den Fr\u00fchlingstypen, dann sind hellere Fassungen eindeutig die bessere Wahl. Bronze, Braun und Gold sind ein klarer Beweis daf\u00fcr.<\/p>\n\n\n\n<p>Nicht zu vergessen sind die Sommertypen, bei denen kr\u00e4ftige Farben gewinnen. Was w\u00fcrden Sie zu Violett, Rot, Silbergrau oder einer Kombination aus Blau und Grau sagen? Und welchen Brillentyp sollten Frauen mit eher herbstlichen Hautt\u00f6nen w\u00e4hlen? Hier gibt es nichts zu diskutieren. Nehmen Sie den Weg der erdigen Farben. Dazu geh\u00f6ren <em>dunkel<\/em> <em>Gr\u00fcn, Orange, Braun, aber auch tiefe Vanille<\/em>. Wenn Sie die oben genannten Ratschl\u00e4ge befolgen, k\u00f6nnen Sie Ihr Outfit mit einer Brille stark beeinflussen.<\/p>","protected":false},"excerpt":{"rendered":"<p>Sie k\u00f6nnen den Stil der Brille nach verschiedenen Gesichtspunkten ausw\u00e4hlen. Das ist \u00e4hnlich wie bei den Uhren, die man je nach gesellschaftlichem Anlass ausw\u00e4hlt. Bei Brillen ist es ein wenig anders, denn sie sollten auch zu Ihrem Gesicht passen. Jeder hat eine etwas andere Form, und dazu passen verschiedene Gl\u00e4ser. Nur dann ... <\/p>","protected":false},"author":2,"featured_media":1225,"comment_status":"closed","ping_status":"closed","sticky":false,"template":"","format":"standard","meta":{"footnotes":""},"categories":[671],"tags":[740,1068,1437,979,1436,1433,981,1438,1431,1434,993,1435],"class_list":["post-1224","post","type-post","status-publish","format-standard","has-post-thumbnail","hentry","category-moda","tag-barva","tag-bryle","tag-kulaty","tag-oblicej","tag-obroucek","tag-obroucky","tag-ovalny","tag-srdce","tag-styl-bryli","tag-tvar","tag-tvar-obliceje","tag-zabarveni"],"yoast_head":"<!-- This site is optimized with the Yoast SEO plugin v27.4 - https:\/\/yoast.com\/product\/yoast-seo-wordpress\/ -->\n<title>Styl br\u00fdl\u00ed mus\u00ed ladit s Va\u0161\u00edm obli\u010dejem - REGBU.COM<\/title>\n<meta name=\"description\" content=\"Styl br\u00fdl\u00ed je nekone\u010dnou z\u00e1le\u017eitost\u00ed. Zjist\u011bte, jak\u00e9 obrou\u010dky V\u00e1m padnou jako ulit\u00e9 pr\u00e1v\u011b na z\u00e1klad\u011b tvaru obli\u010deje.\" \/>\n<meta name=\"robots\" content=\"index, follow, max-snippet:-1, max-image-preview:large, max-video-preview:-1\" \/>\n<link rel=\"canonical\" href=\"https:\/\/regbu.com\/de\/style-bryli-muss-mit-deinem-gesicht-passen\/\" \/>\n<meta property=\"og:locale\" content=\"de_DE\" \/>\n<meta property=\"og:type\" content=\"article\" \/>\n<meta property=\"og:title\" content=\"Styl br\u00fdl\u00ed mus\u00ed ladit s Va\u0161\u00edm obli\u010dejem - REGBU.COM\" \/>\n<meta property=\"og:description\" content=\"Styl br\u00fdl\u00ed je nekone\u010dnou z\u00e1le\u017eitost\u00ed. Zjist\u011bte, jak\u00e9 obrou\u010dky V\u00e1m padnou jako ulit\u00e9 pr\u00e1v\u011b na z\u00e1klad\u011b tvaru obli\u010deje.\" \/>\n<meta property=\"og:url\" content=\"https:\/\/regbu.com\/de\/style-bryli-muss-mit-deinem-gesicht-passen\/\" \/>\n<meta property=\"og:site_name\" content=\"REGBU.COM\" \/>\n<meta property=\"article:published_time\" content=\"2023-07-23T14:02:57+00:00\" \/>\n<meta property=\"article:modified_time\" content=\"2025-09-05T05:40:47+00:00\" \/>\n<meta property=\"og:image\" content=\"https:\/\/regbu.com\/wp-content\/uploads\/2023\/07\/styl-bryly-musi-ladit-s-vasim-oblicejem.jpg\" \/>\n\t<meta property=\"og:image:width\" content=\"1200\" \/>\n\t<meta property=\"og:image:height\" content=\"679\" \/>\n\t<meta property=\"og:image:type\" content=\"image\/jpeg\" \/>\n<meta name=\"author\" content=\"George Martin\" \/>\n<meta name=\"twitter:card\" content=\"summary_large_image\" \/>\n<meta name=\"twitter:label1\" content=\"Verfasst von\" \/>\n\t<meta name=\"twitter:data1\" content=\"George Martin\" \/>\n\t<meta name=\"twitter:label2\" content=\"Gesch\u00e4tzte Lesezeit\" \/>\n\t<meta name=\"twitter:data2\" content=\"2\u00a0Minuten\" \/>\n<script type=\"application\/ld+json\" class=\"yoast-schema-graph\">{\"@context\":\"https:\\\/\\\/schema.org\",\"@graph\":[{\"@type\":\"Article\",\"@id\":\"https:\\\/\\\/regbu.com\\\/de\\\/style-bryli-muss-mit-deinem-gesicht-passen\\\/#article\",\"isPartOf\":{\"@id\":\"https:\\\/\\\/regbu.com\\\/de\\\/style-bryli-muss-mit-deinem-gesicht-passen\\\/\"},\"author\":{\"name\":\"George Martin\",\"@id\":\"https:\\\/\\\/regbu.com\\\/en\\\/#\\\/schema\\\/person\\\/94ea9deda2629771b8a9ced002f6784e\"},\"headline\":\"Styl br\u00fdl\u00ed mus\u00ed ladit s Va\u0161\u00edm obli\u010dejem\",\"datePublished\":\"2023-07-23T14:02:57+00:00\",\"dateModified\":\"2025-09-05T05:40:47+00:00\",\"mainEntityOfPage\":{\"@id\":\"https:\\\/\\\/regbu.com\\\/de\\\/style-bryli-muss-mit-deinem-gesicht-passen\\\/\"},\"wordCount\":455,\"image\":{\"@id\":\"https:\\\/\\\/regbu.com\\\/de\\\/style-bryli-muss-mit-deinem-gesicht-passen\\\/#primaryimage\"},\"thumbnailUrl\":\"https:\\\/\\\/regbu.com\\\/wp-content\\\/uploads\\\/2023\\\/07\\\/styl-bryly-musi-ladit-s-vasim-oblicejem.jpg\",\"keywords\":[\"barva\",\"br\u00fdle\",\"kulat\u00fd\",\"obli\u010dej\",\"obrou\u010dek\",\"obrou\u010dky\",\"ov\u00e1ln\u00fd\",\"srdce\",\"styl br\u00fdl\u00ed\",\"tvar\",\"tvar obli\u010deje\",\"zabarven\u00ed\"],\"articleSection\":[\"M\u00f3da\"],\"inLanguage\":\"de\"},{\"@type\":\"WebPage\",\"@id\":\"https:\\\/\\\/regbu.com\\\/de\\\/style-bryli-muss-mit-deinem-gesicht-passen\\\/\",\"url\":\"https:\\\/\\\/regbu.com\\\/de\\\/style-bryli-muss-mit-deinem-gesicht-passen\\\/\",\"name\":\"Styl br\u00fdl\u00ed mus\u00ed ladit s Va\u0161\u00edm obli\u010dejem - REGBU.COM\",\"isPartOf\":{\"@id\":\"https:\\\/\\\/regbu.com\\\/en\\\/#website\"},\"primaryImageOfPage\":{\"@id\":\"https:\\\/\\\/regbu.com\\\/de\\\/style-bryli-muss-mit-deinem-gesicht-passen\\\/#primaryimage\"},\"image\":{\"@id\":\"https:\\\/\\\/regbu.com\\\/de\\\/style-bryli-muss-mit-deinem-gesicht-passen\\\/#primaryimage\"},\"thumbnailUrl\":\"https:\\\/\\\/regbu.com\\\/wp-content\\\/uploads\\\/2023\\\/07\\\/styl-bryly-musi-ladit-s-vasim-oblicejem.jpg\",\"datePublished\":\"2023-07-23T14:02:57+00:00\",\"dateModified\":\"2025-09-05T05:40:47+00:00\",\"author\":{\"@id\":\"https:\\\/\\\/regbu.com\\\/en\\\/#\\\/schema\\\/person\\\/94ea9deda2629771b8a9ced002f6784e\"},\"description\":\"Styl br\u00fdl\u00ed je nekone\u010dnou z\u00e1le\u017eitost\u00ed. Zjist\u011bte, jak\u00e9 obrou\u010dky V\u00e1m padnou jako ulit\u00e9 pr\u00e1v\u011b na z\u00e1klad\u011b tvaru obli\u010deje.\",\"breadcrumb\":{\"@id\":\"https:\\\/\\\/regbu.com\\\/de\\\/style-bryli-muss-mit-deinem-gesicht-passen\\\/#breadcrumb\"},\"inLanguage\":\"de\",\"potentialAction\":[{\"@type\":\"ReadAction\",\"target\":[\"https:\\\/\\\/regbu.com\\\/de\\\/style-bryli-muss-mit-deinem-gesicht-passen\\\/\"]}]},{\"@type\":\"ImageObject\",\"inLanguage\":\"de\",\"@id\":\"https:\\\/\\\/regbu.com\\\/de\\\/style-bryli-muss-mit-deinem-gesicht-passen\\\/#primaryimage\",\"url\":\"https:\\\/\\\/regbu.com\\\/wp-content\\\/uploads\\\/2023\\\/07\\\/styl-bryly-musi-ladit-s-vasim-oblicejem.jpg\",\"contentUrl\":\"https:\\\/\\\/regbu.com\\\/wp-content\\\/uploads\\\/2023\\\/07\\\/styl-bryly-musi-ladit-s-vasim-oblicejem.jpg\",\"width\":1200,\"height\":679,\"caption\":\"Styl br\u00fdl\u00ed mus\u00ed ladit s Va\u0161\u00edm obli\u010dejem\"},{\"@type\":\"BreadcrumbList\",\"@id\":\"https:\\\/\\\/regbu.com\\\/de\\\/style-bryli-muss-mit-deinem-gesicht-passen\\\/#breadcrumb\",\"itemListElement\":[{\"@type\":\"ListItem\",\"position\":1,\"name\":\"Home\",\"item\":\"https:\\\/\\\/regbu.com\\\/en\\\/\"},{\"@type\":\"ListItem\",\"position\":2,\"name\":\"Styl br\u00fdl\u00ed mus\u00ed ladit s Va\u0161\u00edm obli\u010dejem\"}]},{\"@type\":\"WebSite\",\"@id\":\"https:\\\/\\\/regbu.com\\\/en\\\/#website\",\"url\":\"https:\\\/\\\/regbu.com\\\/en\\\/\",\"name\":\"REGBU.COM\",\"description\":\"\",\"potentialAction\":[{\"@type\":\"SearchAction\",\"target\":{\"@type\":\"EntryPoint\",\"urlTemplate\":\"https:\\\/\\\/regbu.com\\\/en\\\/?s={search_term_string}\"},\"query-input\":{\"@type\":\"PropertyValueSpecification\",\"valueRequired\":true,\"valueName\":\"search_term_string\"}}],\"inLanguage\":\"de\"},{\"@type\":\"Person\",\"@id\":\"https:\\\/\\\/regbu.com\\\/en\\\/#\\\/schema\\\/person\\\/94ea9deda2629771b8a9ced002f6784e\",\"name\":\"George Martin\",\"url\":\"https:\\\/\\\/regbu.com\\\/de\\\/author\\\/george-martin\\\/\"}]}<\/script>\n<!-- \/ Yoast SEO plugin. -->","yoast_head_json":{"title":"Der Stil der Brille muss zu Ihrem Gesicht passen - REGBU.COM","description":"Der Stil einer Brille ist eine endlose Angelegenheit. Finden Sie heraus, welche Brillenfassungen Ihnen aufgrund Ihrer Gesichtsform wie angegossen passen.","robots":{"index":"index","follow":"follow","max-snippet":"max-snippet:-1","max-image-preview":"max-image-preview:large","max-video-preview":"max-video-preview:-1"},"canonical":"https:\/\/regbu.com\/de\/style-bryli-muss-mit-deinem-gesicht-passen\/","og_locale":"de_DE","og_type":"article","og_title":"Styl br\u00fdl\u00ed mus\u00ed ladit s Va\u0161\u00edm obli\u010dejem - REGBU.COM","og_description":"Styl br\u00fdl\u00ed je nekone\u010dnou z\u00e1le\u017eitost\u00ed. Zjist\u011bte, jak\u00e9 obrou\u010dky V\u00e1m padnou jako ulit\u00e9 pr\u00e1v\u011b na z\u00e1klad\u011b tvaru obli\u010deje.","og_url":"https:\/\/regbu.com\/de\/style-bryli-muss-mit-deinem-gesicht-passen\/","og_site_name":"REGBU.COM","article_published_time":"2023-07-23T14:02:57+00:00","article_modified_time":"2025-09-05T05:40:47+00:00","og_image":[{"width":1200,"height":679,"url":"https:\/\/regbu.com\/wp-content\/uploads\/2023\/07\/styl-bryly-musi-ladit-s-vasim-oblicejem.jpg","type":"image\/jpeg"}],"author":"George Martin","twitter_card":"summary_large_image","twitter_misc":{"Verfasst von":"George Martin","Gesch\u00e4tzte Lesezeit":"2\u00a0Minuten"},"schema":{"@context":"https:\/\/schema.org","@graph":[{"@type":"Article","@id":"https:\/\/regbu.com\/de\/style-bryli-muss-mit-deinem-gesicht-passen\/#article","isPartOf":{"@id":"https:\/\/regbu.com\/de\/style-bryli-muss-mit-deinem-gesicht-passen\/"},"author":{"name":"George Martin","@id":"https:\/\/regbu.com\/en\/#\/schema\/person\/94ea9deda2629771b8a9ced002f6784e"},"headline":"Styl br\u00fdl\u00ed mus\u00ed ladit s Va\u0161\u00edm obli\u010dejem","datePublished":"2023-07-23T14:02:57+00:00","dateModified":"2025-09-05T05:40:47+00:00","mainEntityOfPage":{"@id":"https:\/\/regbu.com\/de\/style-bryli-muss-mit-deinem-gesicht-passen\/"},"wordCount":455,"image":{"@id":"https:\/\/regbu.com\/de\/style-bryli-muss-mit-deinem-gesicht-passen\/#primaryimage"},"thumbnailUrl":"https:\/\/regbu.com\/wp-content\/uploads\/2023\/07\/styl-bryly-musi-ladit-s-vasim-oblicejem.jpg","keywords":["barva","br\u00fdle","kulat\u00fd","obli\u010dej","obrou\u010dek","obrou\u010dky","ov\u00e1ln\u00fd","srdce","styl br\u00fdl\u00ed","tvar","tvar obli\u010deje","zabarven\u00ed"],"articleSection":["M\u00f3da"],"inLanguage":"de"},{"@type":"WebPage","@id":"https:\/\/regbu.com\/de\/style-bryli-muss-mit-deinem-gesicht-passen\/","url":"https:\/\/regbu.com\/de\/style-bryli-muss-mit-deinem-gesicht-passen\/","name":"Der Stil der Brille muss zu Ihrem Gesicht passen - REGBU.COM","isPartOf":{"@id":"https:\/\/regbu.com\/en\/#website"},"primaryImageOfPage":{"@id":"https:\/\/regbu.com\/de\/style-bryli-muss-mit-deinem-gesicht-passen\/#primaryimage"},"image":{"@id":"https:\/\/regbu.com\/de\/style-bryli-muss-mit-deinem-gesicht-passen\/#primaryimage"},"thumbnailUrl":"https:\/\/regbu.com\/wp-content\/uploads\/2023\/07\/styl-bryly-musi-ladit-s-vasim-oblicejem.jpg","datePublished":"2023-07-23T14:02:57+00:00","dateModified":"2025-09-05T05:40:47+00:00","author":{"@id":"https:\/\/regbu.com\/en\/#\/schema\/person\/94ea9deda2629771b8a9ced002f6784e"},"description":"Der Stil einer Brille ist eine endlose Angelegenheit. Finden Sie heraus, welche Brillenfassungen Ihnen aufgrund Ihrer Gesichtsform wie angegossen passen.","breadcrumb":{"@id":"https:\/\/regbu.com\/de\/style-bryli-muss-mit-deinem-gesicht-passen\/#breadcrumb"},"inLanguage":"de","potentialAction":[{"@type":"ReadAction","target":["https:\/\/regbu.com\/de\/style-bryli-muss-mit-deinem-gesicht-passen\/"]}]},{"@type":"ImageObject","inLanguage":"de","@id":"https:\/\/regbu.com\/de\/style-bryli-muss-mit-deinem-gesicht-passen\/#primaryimage","url":"https:\/\/regbu.com\/wp-content\/uploads\/2023\/07\/styl-bryly-musi-ladit-s-vasim-oblicejem.jpg","contentUrl":"https:\/\/regbu.com\/wp-content\/uploads\/2023\/07\/styl-bryly-musi-ladit-s-vasim-oblicejem.jpg","width":1200,"height":679,"caption":"Styl br\u00fdl\u00ed mus\u00ed ladit s Va\u0161\u00edm obli\u010dejem"},{"@type":"BreadcrumbList","@id":"https:\/\/regbu.com\/de\/style-bryli-muss-mit-deinem-gesicht-passen\/#breadcrumb","itemListElement":[{"@type":"ListItem","position":1,"name":"Home","item":"https:\/\/regbu.com\/en\/"},{"@type":"ListItem","position":2,"name":"Styl br\u00fdl\u00ed mus\u00ed ladit s Va\u0161\u00edm obli\u010dejem"}]},{"@type":"WebSite","@id":"https:\/\/regbu.com\/en\/#website","url":"https:\/\/regbu.com\/en\/","name":"REGBU.COM","description":"","potentialAction":[{"@type":"SearchAction","target":{"@type":"EntryPoint","urlTemplate":"https:\/\/regbu.com\/en\/?s={search_term_string}"},"query-input":{"@type":"PropertyValueSpecification","valueRequired":true,"valueName":"search_term_string"}}],"inLanguage":"de"},{"@type":"Person","@id":"https:\/\/regbu.com\/en\/#\/schema\/person\/94ea9deda2629771b8a9ced002f6784e","name":"George Martin","url":"https:\/\/regbu.com\/de\/author\/george-martin\/"}]}},"_links":{"self":[{"href":"https:\/\/regbu.com\/de\/wp-json\/wp\/v2\/posts\/1224","targetHints":{"allow":["GET"]}}],"collection":[{"href":"https:\/\/regbu.com\/de\/wp-json\/wp\/v2\/posts"}],"about":[{"href":"https:\/\/regbu.com\/de\/wp-json\/wp\/v2\/types\/post"}],"author":[{"embeddable":true,"href":"https:\/\/regbu.com\/de\/wp-json\/wp\/v2\/users\/2"}],"replies":[{"embeddable":true,"href":"https:\/\/regbu.com\/de\/wp-json\/wp\/v2\/comments?post=1224"}],"version-history":[{"count":2,"href":"https:\/\/regbu.com\/de\/wp-json\/wp\/v2\/posts\/1224\/revisions"}],"predecessor-version":[{"id":1233,"href":"https:\/\/regbu.com\/de\/wp-json\/wp\/v2\/posts\/1224\/revisions\/1233"}],"wp:featuredmedia":[{"embeddable":true,"href":"https:\/\/regbu.com\/de\/wp-json\/wp\/v2\/media\/1225"}],"wp:attachment":[{"href":"https:\/\/regbu.com\/de\/wp-json\/wp\/v2\/media?parent=1224"}],"wp:term":[{"taxonomy":"category","embeddable":true,"href":"https:\/\/regbu.com\/de\/wp-json\/wp\/v2\/categories?post=1224"},{"taxonomy":"post_tag","embeddable":true,"href":"https:\/\/regbu.com\/de\/wp-json\/wp\/v2\/tags?post=1224"}],"curies":[{"name":"wp","href":"https:\/\/api.w.org\/{rel}","templated":true}]}}