{"id":1221,"date":"2023-07-23T15:59:52","date_gmt":"2023-07-23T13:59:52","guid":{"rendered":"https:\/\/regbu.com\/?p=1221"},"modified":"2025-09-05T07:40:49","modified_gmt":"2025-09-05T05:40:49","slug":"pansky-opasek-musi-byt-spravne-dlouhy","status":"publish","type":"post","link":"https:\/\/regbu.com\/de\/herren-gurtel-muss-richtige-lange-sein\/","title":{"rendered":"Der G\u00fcrtel f\u00fcr M\u00e4nner muss die richtige L\u00e4nge haben."},"content":{"rendered":"<p>Ein Herreng\u00fcrtel ist ein beliebter Bestandteil von Herrenhosen, wie zum Beispiel <strong><a href=\"https:\/\/regbu.com\/de\/frauen-sweatshirts-konnen-vielfach-getragen-werden\/\">Damenschals<\/a><\/strong> f\u00fcr Sommerkleider. Manche m\u00f6gen denken, dass die Wahl des G\u00fcrtels nicht sehr wichtig ist, aber das Gegenteil ist der Fall. Das gilt erst recht f\u00fcr formelle Kleidung, bei der Sie dieses Element sichtbar zur Geltung bringen.<\/p>\n\n\n\n<ul class=\"wp-block-list\">\n<li>Praktische Anwendung<\/li>\n\n\n\n<li>\u00c4sthetische Verwendung<\/li>\n<\/ul>\n\n\n\n<p>Bei der Auswahl eines Herreng\u00fcrtels sollten Sie mehrere wichtige Parameter ber\u00fccksichtigen. Dazu geh\u00f6rt sicherlich die Wahl des Materials, aus dem der G\u00fcrtel gefertigt ist. Der andere wesentliche Teil ist <strong>Schnalle<\/strong>. Vergessen Sie schlie\u00dflich nicht die richtige L\u00e4nge.<\/p>\n\n\n\n<h2 class=\"wp-block-heading\">Materialverarbeitung je nach Anlass<\/h2>\n\n\n\n<p>Eine entscheidende Sache m\u00fcssen wir unseren Lesern wahrscheinlich nicht erkl\u00e4ren. Je formeller der gesellschaftliche Anlass, desto formeller die Wahl des G\u00fcrtels. Und damit auch das verwendete Material. Ein Gentleman-G\u00fcrtel f\u00fcr eine glamour\u00f6se Gesellschaft sollte <strong>aus Kunstleder<\/strong>. Das ist eine sichere Sache. Das Gegenteil davon sind weniger formelle Anl\u00e4sse, bei denen man auf ein legeres Outfit setzen kann. Dann kommen Wildleder- oder sogar Stoffg\u00fcrtel zum Einsatz.<\/p>\n\n\n\n<h3 class=\"wp-block-heading\">M\u00e4nnerg\u00fcrtel - Fragen und Antworten<\/h3>\n\n\n\n<p>Die Auswahl eines neuen Herreng\u00fcrtels endet jedoch nicht mit den oben genannten Informationen, sondern beginnt erst. Achten Sie darauf, dass Sie <em>mehrere verschiedene Zeichen<\/em> <em>G\u00fcrtel<\/em> je nachdem, in welchen gesellschaftlichen Kreisen Sie verkehren. Die folgenden Zeilen k\u00f6nnen Ihnen dabei helfen.<\/p>\n\n\n\n<div class=\"schema-faq wp-block-yoast-faq-block\"><div class=\"schema-faq-section\" id=\"faq-question-1690207207819\"><strong class=\"schema-faq-question\">Welche Farbe des G\u00fcrtels soll ich w\u00e4hlen?<\/strong> <p class=\"schema-faq-answer\">Die Farbe des Herreng\u00fcrtels sollte zu den anderen Lederaccessoires Ihres Outfits passen. Ein typisches Beispiel ist eine \u00e4hnliche Farbe f\u00fcr Anzugschuhe.<\/p> <\/div> <div class=\"schema-faq-section\" id=\"faq-question-1690207213888\"><strong class=\"schema-faq-question\">Was ist mit der Farbe der G\u00fcrtelschnalle?<\/strong> <p class=\"schema-faq-answer\">Achten Sie auf eine Sache bei der Schlie\u00dfe. Ihre Farbe sollte identisch sein mit anderen Accessoires in Form von Metallarmb\u00e4ndern, Ketten und Armb\u00e4ndern.<\/p> <\/div> <div class=\"schema-faq-section\" id=\"faq-question-1690207221535\"><strong class=\"schema-faq-question\">Wie stanzt man den Originalg\u00fcrtel aus?<\/strong> <p class=\"schema-faq-answer\">Kombinieren Sie die ungew\u00f6hnliche Farbe mit einem einfarbigen Hemd und einer schlichten Hose.<\/p> <\/div> <div class=\"schema-faq-section\" id=\"faq-question-1690207229724\"><strong class=\"schema-faq-question\">Welche L\u00e4nge sollte der G\u00fcrtel haben?<\/strong> <p class=\"schema-faq-answer\">Genau richtig. Sie k\u00f6nnen die richtigen Werte ermitteln, indem Sie Ihren Taillenumfang messen. Der G\u00fcrtel ist in der Regel etwas l\u00e4nger als der Umfang, damit Sie ihn in die \u00d6se der Hose stecken k\u00f6nnen. H\u00fcten Sie sich vor einem zu langen G\u00fcrtel, der schlackern k\u00f6nnte.<\/p> <\/div> <div class=\"schema-faq-section\" id=\"faq-question-1690207236250\"><strong class=\"schema-faq-question\">Worauf ist beim Tragen eines G\u00fcrtels zu achten?<\/strong> <p class=\"schema-faq-answer\">Untersch\u00e4tzen Sie die Straffung nicht. Eine zu starke Straffung l\u00e4sst den Bauch gr\u00f6\u00dfer erscheinen.<\/p> <\/div> <\/div>","protected":false},"excerpt":{"rendered":"<p>Ein Herreng\u00fcrtel ist ein begehrter Teil der Herrenhose, so wie der Damenschal zum Sommerkleid. Manche m\u00f6gen denken, dass die Wahl des G\u00fcrtels nicht sehr wichtig ist, aber das Gegenteil ist der Fall. Dies gilt umso mehr f\u00fcr formelle Kleidung, bei der Sie dieses Element sichtbar zur Geltung bringen. Bei der Wahl eines Herreng\u00fcrtels sollten Sie einige wichtige Aspekte ber\u00fccksichtigen ... <\/p>","protected":false},"author":2,"featured_media":1222,"comment_status":"closed","ping_status":"closed","sticky":false,"template":"","format":"standard","meta":{"footnotes":""},"categories":[671],"tags":[740,1428,697,1430,1429,1411,1426,1425,1409,1427],"class_list":["post-1221","post","type-post","status-publish","format-standard","has-post-thumbnail","hentry","category-moda","tag-barva","tag-barva-opasku","tag-casual","tag-delka","tag-delka-opasku","tag-kuze","tag-opasek","tag-pansky-opasek","tag-pasek","tag-spona"],"yoast_head":"<!-- This site is optimized with the Yoast SEO plugin v27.4 - https:\/\/yoast.com\/product\/yoast-seo-wordpress\/ -->\n<title>P\u00e1nsk\u00fd opasek mus\u00ed b\u00fdt spr\u00e1vn\u011b dlouh\u00fd - REGBU.COM<\/title>\n<meta name=\"description\" content=\"Vsa\u010fte na ten spr\u00e1vn\u00fd p\u00e1nsk\u00fd opasek vhodn\u00fd pro konkr\u00e9tn\u00ed spole\u010denskou ud\u00e1lost. Prozrad\u00edme V\u00e1m, jak ho vybrat.\" \/>\n<meta name=\"robots\" content=\"index, follow, max-snippet:-1, max-image-preview:large, max-video-preview:-1\" \/>\n<link rel=\"canonical\" href=\"https:\/\/regbu.com\/de\/herren-gurtel-muss-richtige-lange-sein\/\" \/>\n<meta property=\"og:locale\" content=\"de_DE\" \/>\n<meta property=\"og:type\" content=\"article\" \/>\n<meta property=\"og:title\" content=\"P\u00e1nsk\u00fd opasek mus\u00ed b\u00fdt spr\u00e1vn\u011b dlouh\u00fd - REGBU.COM\" \/>\n<meta property=\"og:description\" content=\"Vsa\u010fte na ten spr\u00e1vn\u00fd p\u00e1nsk\u00fd opasek vhodn\u00fd pro konkr\u00e9tn\u00ed spole\u010denskou ud\u00e1lost. Prozrad\u00edme V\u00e1m, jak ho vybrat.\" \/>\n<meta property=\"og:url\" content=\"https:\/\/regbu.com\/de\/herren-gurtel-muss-richtige-lange-sein\/\" \/>\n<meta property=\"og:site_name\" content=\"REGBU.COM\" \/>\n<meta property=\"article:published_time\" content=\"2023-07-23T13:59:52+00:00\" \/>\n<meta property=\"article:modified_time\" content=\"2025-09-05T05:40:49+00:00\" \/>\n<meta property=\"og:image\" content=\"https:\/\/regbu.com\/wp-content\/uploads\/2023\/07\/pansky-opasek-musi-byt-spravne-dlouhy.jpg\" \/>\n\t<meta property=\"og:image:width\" content=\"1200\" \/>\n\t<meta property=\"og:image:height\" content=\"676\" \/>\n\t<meta property=\"og:image:type\" content=\"image\/jpeg\" \/>\n<meta name=\"author\" content=\"George Martin\" \/>\n<meta name=\"twitter:card\" content=\"summary_large_image\" \/>\n<meta name=\"twitter:label1\" content=\"Verfasst von\" \/>\n\t<meta name=\"twitter:data1\" content=\"George Martin\" \/>\n\t<meta name=\"twitter:label2\" content=\"Gesch\u00e4tzte Lesezeit\" \/>\n\t<meta name=\"twitter:data2\" content=\"2\u00a0Minuten\" \/>\n<script type=\"application\/ld+json\" class=\"yoast-schema-graph\">{\"@context\":\"https:\\\/\\\/schema.org\",\"@graph\":[{\"@type\":\"Article\",\"@id\":\"https:\\\/\\\/regbu.com\\\/de\\\/herren-gurtel-muss-richtige-lange-sein\\\/#article\",\"isPartOf\":{\"@id\":\"https:\\\/\\\/regbu.com\\\/de\\\/herren-gurtel-muss-richtige-lange-sein\\\/\"},\"author\":{\"name\":\"George Martin\",\"@id\":\"https:\\\/\\\/regbu.com\\\/en\\\/#\\\/schema\\\/person\\\/94ea9deda2629771b8a9ced002f6784e\"},\"headline\":\"P\u00e1nsk\u00fd opasek mus\u00ed b\u00fdt spr\u00e1vn\u011b dlouh\u00fd\",\"datePublished\":\"2023-07-23T13:59:52+00:00\",\"dateModified\":\"2025-09-05T05:40:49+00:00\",\"mainEntityOfPage\":{\"@id\":\"https:\\\/\\\/regbu.com\\\/de\\\/herren-gurtel-muss-richtige-lange-sein\\\/\"},\"wordCount\":477,\"image\":{\"@id\":\"https:\\\/\\\/regbu.com\\\/de\\\/herren-gurtel-muss-richtige-lange-sein\\\/#primaryimage\"},\"thumbnailUrl\":\"https:\\\/\\\/regbu.com\\\/wp-content\\\/uploads\\\/2023\\\/07\\\/pansky-opasek-musi-byt-spravne-dlouhy.jpg\",\"keywords\":[\"barva\",\"barva opasku\",\"Casual\",\"d\u00e9lka\",\"d\u00e9lka opasku\",\"k\u016f\u017ee\",\"opasek\",\"p\u00e1nsk\u00fd opasek\",\"p\u00e1sek\",\"spona\"],\"articleSection\":[\"M\u00f3da\"],\"inLanguage\":\"de\"},{\"@type\":[\"WebPage\",\"FAQPage\"],\"@id\":\"https:\\\/\\\/regbu.com\\\/de\\\/herren-gurtel-muss-richtige-lange-sein\\\/\",\"url\":\"https:\\\/\\\/regbu.com\\\/de\\\/herren-gurtel-muss-richtige-lange-sein\\\/\",\"name\":\"P\u00e1nsk\u00fd opasek mus\u00ed b\u00fdt spr\u00e1vn\u011b dlouh\u00fd - REGBU.COM\",\"isPartOf\":{\"@id\":\"https:\\\/\\\/regbu.com\\\/en\\\/#website\"},\"primaryImageOfPage\":{\"@id\":\"https:\\\/\\\/regbu.com\\\/de\\\/herren-gurtel-muss-richtige-lange-sein\\\/#primaryimage\"},\"image\":{\"@id\":\"https:\\\/\\\/regbu.com\\\/de\\\/herren-gurtel-muss-richtige-lange-sein\\\/#primaryimage\"},\"thumbnailUrl\":\"https:\\\/\\\/regbu.com\\\/wp-content\\\/uploads\\\/2023\\\/07\\\/pansky-opasek-musi-byt-spravne-dlouhy.jpg\",\"datePublished\":\"2023-07-23T13:59:52+00:00\",\"dateModified\":\"2025-09-05T05:40:49+00:00\",\"author\":{\"@id\":\"https:\\\/\\\/regbu.com\\\/en\\\/#\\\/schema\\\/person\\\/94ea9deda2629771b8a9ced002f6784e\"},\"description\":\"Vsa\u010fte na ten spr\u00e1vn\u00fd p\u00e1nsk\u00fd opasek vhodn\u00fd pro konkr\u00e9tn\u00ed spole\u010denskou ud\u00e1lost. Prozrad\u00edme V\u00e1m, jak ho vybrat.\",\"breadcrumb\":{\"@id\":\"https:\\\/\\\/regbu.com\\\/de\\\/herren-gurtel-muss-richtige-lange-sein\\\/#breadcrumb\"},\"mainEntity\":[{\"@id\":\"https:\\\/\\\/regbu.com\\\/de\\\/herren-gurtel-muss-richtige-lange-sein\\\/#faq-question-1690207207819\"},{\"@id\":\"https:\\\/\\\/regbu.com\\\/de\\\/herren-gurtel-muss-richtige-lange-sein\\\/#faq-question-1690207213888\"},{\"@id\":\"https:\\\/\\\/regbu.com\\\/de\\\/herren-gurtel-muss-richtige-lange-sein\\\/#faq-question-1690207221535\"},{\"@id\":\"https:\\\/\\\/regbu.com\\\/de\\\/herren-gurtel-muss-richtige-lange-sein\\\/#faq-question-1690207229724\"},{\"@id\":\"https:\\\/\\\/regbu.com\\\/de\\\/herren-gurtel-muss-richtige-lange-sein\\\/#faq-question-1690207236250\"}],\"inLanguage\":\"de\",\"potentialAction\":[{\"@type\":\"ReadAction\",\"target\":[\"https:\\\/\\\/regbu.com\\\/de\\\/herren-gurtel-muss-richtige-lange-sein\\\/\"]}]},{\"@type\":\"ImageObject\",\"inLanguage\":\"de\",\"@id\":\"https:\\\/\\\/regbu.com\\\/de\\\/herren-gurtel-muss-richtige-lange-sein\\\/#primaryimage\",\"url\":\"https:\\\/\\\/regbu.com\\\/wp-content\\\/uploads\\\/2023\\\/07\\\/pansky-opasek-musi-byt-spravne-dlouhy.jpg\",\"contentUrl\":\"https:\\\/\\\/regbu.com\\\/wp-content\\\/uploads\\\/2023\\\/07\\\/pansky-opasek-musi-byt-spravne-dlouhy.jpg\",\"width\":1200,\"height\":676,\"caption\":\"P\u00e1nsk\u00fd opasek mus\u00ed b\u00fdt spr\u00e1vn\u011b dlouh\u00fd\"},{\"@type\":\"BreadcrumbList\",\"@id\":\"https:\\\/\\\/regbu.com\\\/de\\\/herren-gurtel-muss-richtige-lange-sein\\\/#breadcrumb\",\"itemListElement\":[{\"@type\":\"ListItem\",\"position\":1,\"name\":\"Home\",\"item\":\"https:\\\/\\\/regbu.com\\\/en\\\/\"},{\"@type\":\"ListItem\",\"position\":2,\"name\":\"P\u00e1nsk\u00fd opasek mus\u00ed b\u00fdt spr\u00e1vn\u011b dlouh\u00fd\"}]},{\"@type\":\"WebSite\",\"@id\":\"https:\\\/\\\/regbu.com\\\/en\\\/#website\",\"url\":\"https:\\\/\\\/regbu.com\\\/en\\\/\",\"name\":\"REGBU.COM\",\"description\":\"\",\"potentialAction\":[{\"@type\":\"SearchAction\",\"target\":{\"@type\":\"EntryPoint\",\"urlTemplate\":\"https:\\\/\\\/regbu.com\\\/en\\\/?s={search_term_string}\"},\"query-input\":{\"@type\":\"PropertyValueSpecification\",\"valueRequired\":true,\"valueName\":\"search_term_string\"}}],\"inLanguage\":\"de\"},{\"@type\":\"Person\",\"@id\":\"https:\\\/\\\/regbu.com\\\/en\\\/#\\\/schema\\\/person\\\/94ea9deda2629771b8a9ced002f6784e\",\"name\":\"George Martin\",\"url\":\"https:\\\/\\\/regbu.com\\\/de\\\/author\\\/george-martin\\\/\"},{\"@type\":\"Question\",\"@id\":\"https:\\\/\\\/regbu.com\\\/de\\\/herren-gurtel-muss-richtige-lange-sein\\\/#faq-question-1690207207819\",\"position\":1,\"url\":\"https:\\\/\\\/regbu.com\\\/de\\\/herren-gurtel-muss-richtige-lange-sein\\\/#faq-question-1690207207819\",\"name\":\"Jakou zvolit barvu opasku?\",\"answerCount\":1,\"acceptedAnswer\":{\"@type\":\"Answer\",\"text\":\"Barevn\u00e9 proveden\u00ed p\u00e1nsk\u00e9ho opasku by m\u011blo korespondovat s ostatn\u00edmi ko\u017een\u00fdmi dopl\u0148ky Va\u0161eho o\u0161acen\u00ed. Typick\u00fdm p\u0159\u00edkladem je podobn\u00e1 barva spole\u010densk\u00fdch bot.\",\"inLanguage\":\"de\"},\"inLanguage\":\"de\"},{\"@type\":\"Question\",\"@id\":\"https:\\\/\\\/regbu.com\\\/de\\\/herren-gurtel-muss-richtige-lange-sein\\\/#faq-question-1690207213888\",\"position\":2,\"url\":\"https:\\\/\\\/regbu.com\\\/de\\\/herren-gurtel-muss-richtige-lange-sein\\\/#faq-question-1690207213888\",\"name\":\"Jak je to s barvou spony na opasku?\",\"answerCount\":1,\"acceptedAnswer\":{\"@type\":\"Answer\",\"text\":\"U spony si pohl\u00eddejte jedin\u00e9. Jej\u00ed barva byla b\u00fdt toto\u017en\u00e1 s ostatn\u00edmi dopl\u0148ky v podob\u011b kovov\u00e9ho \u0159em\u00ednku od hodinek, \u0159et\u00edzk\u016f a n\u00e1ramk\u016f na ruce.\",\"inLanguage\":\"de\"},\"inLanguage\":\"de\"},{\"@type\":\"Question\",\"@id\":\"https:\\\/\\\/regbu.com\\\/de\\\/herren-gurtel-muss-richtige-lange-sein\\\/#faq-question-1690207221535\",\"position\":3,\"url\":\"https:\\\/\\\/regbu.com\\\/de\\\/herren-gurtel-muss-richtige-lange-sein\\\/#faq-question-1690207221535\",\"name\":\"Jak vyp\u00edchnout origin\u00e1ln\u00ed p\u00e1sek?\",\"answerCount\":1,\"acceptedAnswer\":{\"@type\":\"Answer\",\"text\":\"Jeho nev\u0161edn\u00ed barvu zkombinujte s jednobarevnou ko\u0161il\u00ed a hladk\u00fdmi kalhotami.\",\"inLanguage\":\"de\"},\"inLanguage\":\"de\"},{\"@type\":\"Question\",\"@id\":\"https:\\\/\\\/regbu.com\\\/de\\\/herren-gurtel-muss-richtige-lange-sein\\\/#faq-question-1690207229724\",\"position\":4,\"url\":\"https:\\\/\\\/regbu.com\\\/de\\\/herren-gurtel-muss-richtige-lange-sein\\\/#faq-question-1690207229724\",\"name\":\"Jak\u00e1 m\u00e1 b\u00fdt d\u00e9lka opasku?\",\"answerCount\":1,\"acceptedAnswer\":{\"@type\":\"Answer\",\"text\":\"Tak akor\u00e1t. Ke spr\u00e1vn\u00fdm hodnot\u00e1m se dopracujete, kdy\u017e si zm\u011b\u0159\u00edte obvod pasu. Opasek b\u00fdv\u00e1 o n\u011bco del\u0161\u00ed, ne\u017e je obvod, abyste ho zasunuli do oka u kalhot. Pozor na p\u0159\u00edli\u0161 dlouh\u00fd opasek, kter\u00fd by mohl plandat.\",\"inLanguage\":\"de\"},\"inLanguage\":\"de\"},{\"@type\":\"Question\",\"@id\":\"https:\\\/\\\/regbu.com\\\/de\\\/herren-gurtel-muss-richtige-lange-sein\\\/#faq-question-1690207236250\",\"position\":5,\"url\":\"https:\\\/\\\/regbu.com\\\/de\\\/herren-gurtel-muss-richtige-lange-sein\\\/#faq-question-1690207236250\",\"name\":\"Co si pohl\u00eddat p\u0159i no\u0161en\u00ed opasku?\",\"answerCount\":1,\"acceptedAnswer\":{\"@type\":\"Answer\",\"text\":\"Nepodce\u0148ujte jeho uta\u017een\u00ed. P\u0159\u00edli\u0161n\u00e9 uta\u017een\u00ed toti\u017e zv\u00fdraz\u0148uje v\u011bt\u0161\u00ed b\u0159icho.\",\"inLanguage\":\"de\"},\"inLanguage\":\"de\"}]}<\/script>\n<!-- \/ Yoast SEO plugin. -->","yoast_head_json":{"title":"Der G\u00fcrtel f\u00fcr M\u00e4nner muss die richtige L\u00e4nge haben - REGBU.COM","description":"Setzen Sie auf den richtigen Herreng\u00fcrtel, der zu einem bestimmten gesellschaftlichen Anlass passt. Wir sagen Ihnen, wie Sie ihn ausw\u00e4hlen.","robots":{"index":"index","follow":"follow","max-snippet":"max-snippet:-1","max-image-preview":"max-image-preview:large","max-video-preview":"max-video-preview:-1"},"canonical":"https:\/\/regbu.com\/de\/herren-gurtel-muss-richtige-lange-sein\/","og_locale":"de_DE","og_type":"article","og_title":"P\u00e1nsk\u00fd opasek mus\u00ed b\u00fdt spr\u00e1vn\u011b dlouh\u00fd - REGBU.COM","og_description":"Vsa\u010fte na ten spr\u00e1vn\u00fd p\u00e1nsk\u00fd opasek vhodn\u00fd pro konkr\u00e9tn\u00ed spole\u010denskou ud\u00e1lost. Prozrad\u00edme V\u00e1m, jak ho vybrat.","og_url":"https:\/\/regbu.com\/de\/herren-gurtel-muss-richtige-lange-sein\/","og_site_name":"REGBU.COM","article_published_time":"2023-07-23T13:59:52+00:00","article_modified_time":"2025-09-05T05:40:49+00:00","og_image":[{"width":1200,"height":676,"url":"https:\/\/regbu.com\/wp-content\/uploads\/2023\/07\/pansky-opasek-musi-byt-spravne-dlouhy.jpg","type":"image\/jpeg"}],"author":"George Martin","twitter_card":"summary_large_image","twitter_misc":{"Verfasst von":"George Martin","Gesch\u00e4tzte Lesezeit":"2\u00a0Minuten"},"schema":{"@context":"https:\/\/schema.org","@graph":[{"@type":"Article","@id":"https:\/\/regbu.com\/de\/herren-gurtel-muss-richtige-lange-sein\/#article","isPartOf":{"@id":"https:\/\/regbu.com\/de\/herren-gurtel-muss-richtige-lange-sein\/"},"author":{"name":"George Martin","@id":"https:\/\/regbu.com\/en\/#\/schema\/person\/94ea9deda2629771b8a9ced002f6784e"},"headline":"P\u00e1nsk\u00fd opasek mus\u00ed b\u00fdt spr\u00e1vn\u011b dlouh\u00fd","datePublished":"2023-07-23T13:59:52+00:00","dateModified":"2025-09-05T05:40:49+00:00","mainEntityOfPage":{"@id":"https:\/\/regbu.com\/de\/herren-gurtel-muss-richtige-lange-sein\/"},"wordCount":477,"image":{"@id":"https:\/\/regbu.com\/de\/herren-gurtel-muss-richtige-lange-sein\/#primaryimage"},"thumbnailUrl":"https:\/\/regbu.com\/wp-content\/uploads\/2023\/07\/pansky-opasek-musi-byt-spravne-dlouhy.jpg","keywords":["barva","barva opasku","Casual","d\u00e9lka","d\u00e9lka opasku","k\u016f\u017ee","opasek","p\u00e1nsk\u00fd opasek","p\u00e1sek","spona"],"articleSection":["M\u00f3da"],"inLanguage":"de"},{"@type":["WebPage","FAQPage"],"@id":"https:\/\/regbu.com\/de\/herren-gurtel-muss-richtige-lange-sein\/","url":"https:\/\/regbu.com\/de\/herren-gurtel-muss-richtige-lange-sein\/","name":"Der G\u00fcrtel f\u00fcr M\u00e4nner muss die richtige L\u00e4nge haben - REGBU.COM","isPartOf":{"@id":"https:\/\/regbu.com\/en\/#website"},"primaryImageOfPage":{"@id":"https:\/\/regbu.com\/de\/herren-gurtel-muss-richtige-lange-sein\/#primaryimage"},"image":{"@id":"https:\/\/regbu.com\/de\/herren-gurtel-muss-richtige-lange-sein\/#primaryimage"},"thumbnailUrl":"https:\/\/regbu.com\/wp-content\/uploads\/2023\/07\/pansky-opasek-musi-byt-spravne-dlouhy.jpg","datePublished":"2023-07-23T13:59:52+00:00","dateModified":"2025-09-05T05:40:49+00:00","author":{"@id":"https:\/\/regbu.com\/en\/#\/schema\/person\/94ea9deda2629771b8a9ced002f6784e"},"description":"Setzen Sie auf den richtigen Herreng\u00fcrtel, der zu einem bestimmten gesellschaftlichen Anlass passt. Wir sagen Ihnen, wie Sie ihn ausw\u00e4hlen.","breadcrumb":{"@id":"https:\/\/regbu.com\/de\/herren-gurtel-muss-richtige-lange-sein\/#breadcrumb"},"mainEntity":[{"@id":"https:\/\/regbu.com\/de\/herren-gurtel-muss-richtige-lange-sein\/#faq-question-1690207207819"},{"@id":"https:\/\/regbu.com\/de\/herren-gurtel-muss-richtige-lange-sein\/#faq-question-1690207213888"},{"@id":"https:\/\/regbu.com\/de\/herren-gurtel-muss-richtige-lange-sein\/#faq-question-1690207221535"},{"@id":"https:\/\/regbu.com\/de\/herren-gurtel-muss-richtige-lange-sein\/#faq-question-1690207229724"},{"@id":"https:\/\/regbu.com\/de\/herren-gurtel-muss-richtige-lange-sein\/#faq-question-1690207236250"}],"inLanguage":"de","potentialAction":[{"@type":"ReadAction","target":["https:\/\/regbu.com\/de\/herren-gurtel-muss-richtige-lange-sein\/"]}]},{"@type":"ImageObject","inLanguage":"de","@id":"https:\/\/regbu.com\/de\/herren-gurtel-muss-richtige-lange-sein\/#primaryimage","url":"https:\/\/regbu.com\/wp-content\/uploads\/2023\/07\/pansky-opasek-musi-byt-spravne-dlouhy.jpg","contentUrl":"https:\/\/regbu.com\/wp-content\/uploads\/2023\/07\/pansky-opasek-musi-byt-spravne-dlouhy.jpg","width":1200,"height":676,"caption":"P\u00e1nsk\u00fd opasek mus\u00ed b\u00fdt spr\u00e1vn\u011b dlouh\u00fd"},{"@type":"BreadcrumbList","@id":"https:\/\/regbu.com\/de\/herren-gurtel-muss-richtige-lange-sein\/#breadcrumb","itemListElement":[{"@type":"ListItem","position":1,"name":"Home","item":"https:\/\/regbu.com\/en\/"},{"@type":"ListItem","position":2,"name":"P\u00e1nsk\u00fd opasek mus\u00ed b\u00fdt spr\u00e1vn\u011b dlouh\u00fd"}]},{"@type":"WebSite","@id":"https:\/\/regbu.com\/en\/#website","url":"https:\/\/regbu.com\/en\/","name":"REGBU.COM","description":"","potentialAction":[{"@type":"SearchAction","target":{"@type":"EntryPoint","urlTemplate":"https:\/\/regbu.com\/en\/?s={search_term_string}"},"query-input":{"@type":"PropertyValueSpecification","valueRequired":true,"valueName":"search_term_string"}}],"inLanguage":"de"},{"@type":"Person","@id":"https:\/\/regbu.com\/en\/#\/schema\/person\/94ea9deda2629771b8a9ced002f6784e","name":"George Martin","url":"https:\/\/regbu.com\/de\/author\/george-martin\/"},{"@type":"Question","@id":"https:\/\/regbu.com\/de\/herren-gurtel-muss-richtige-lange-sein\/#faq-question-1690207207819","position":1,"url":"https:\/\/regbu.com\/de\/herren-gurtel-muss-richtige-lange-sein\/#faq-question-1690207207819","name":"Welche Farbe des G\u00fcrtels soll ich w\u00e4hlen?","answerCount":1,"acceptedAnswer":{"@type":"Answer","text":"Barevn\u00e9 proveden\u00ed p\u00e1nsk\u00e9ho opasku by m\u011blo korespondovat s ostatn\u00edmi ko\u017een\u00fdmi dopl\u0148ky Va\u0161eho o\u0161acen\u00ed. Typick\u00fdm p\u0159\u00edkladem je podobn\u00e1 barva spole\u010densk\u00fdch bot.","inLanguage":"de"},"inLanguage":"de"},{"@type":"Question","@id":"https:\/\/regbu.com\/de\/herren-gurtel-muss-richtige-lange-sein\/#faq-question-1690207213888","position":2,"url":"https:\/\/regbu.com\/de\/herren-gurtel-muss-richtige-lange-sein\/#faq-question-1690207213888","name":"Was ist mit der Farbe der G\u00fcrtelschnalle?","answerCount":1,"acceptedAnswer":{"@type":"Answer","text":"U spony si pohl\u00eddejte jedin\u00e9. Jej\u00ed barva byla b\u00fdt toto\u017en\u00e1 s ostatn\u00edmi dopl\u0148ky v podob\u011b kovov\u00e9ho \u0159em\u00ednku od hodinek, \u0159et\u00edzk\u016f a n\u00e1ramk\u016f na ruce.","inLanguage":"de"},"inLanguage":"de"},{"@type":"Question","@id":"https:\/\/regbu.com\/de\/herren-gurtel-muss-richtige-lange-sein\/#faq-question-1690207221535","position":3,"url":"https:\/\/regbu.com\/de\/herren-gurtel-muss-richtige-lange-sein\/#faq-question-1690207221535","name":"Wie stanzt man den Originalg\u00fcrtel aus?","answerCount":1,"acceptedAnswer":{"@type":"Answer","text":"Jeho nev\u0161edn\u00ed barvu zkombinujte s jednobarevnou ko\u0161il\u00ed a hladk\u00fdmi kalhotami.","inLanguage":"de"},"inLanguage":"de"},{"@type":"Question","@id":"https:\/\/regbu.com\/de\/herren-gurtel-muss-richtige-lange-sein\/#faq-question-1690207229724","position":4,"url":"https:\/\/regbu.com\/de\/herren-gurtel-muss-richtige-lange-sein\/#faq-question-1690207229724","name":"Welche L\u00e4nge sollte der G\u00fcrtel haben?","answerCount":1,"acceptedAnswer":{"@type":"Answer","text":"Tak akor\u00e1t. Ke spr\u00e1vn\u00fdm hodnot\u00e1m se dopracujete, kdy\u017e si zm\u011b\u0159\u00edte obvod pasu. Opasek b\u00fdv\u00e1 o n\u011bco del\u0161\u00ed, ne\u017e je obvod, abyste ho zasunuli do oka u kalhot. Pozor na p\u0159\u00edli\u0161 dlouh\u00fd opasek, kter\u00fd by mohl plandat.","inLanguage":"de"},"inLanguage":"de"},{"@type":"Question","@id":"https:\/\/regbu.com\/de\/herren-gurtel-muss-richtige-lange-sein\/#faq-question-1690207236250","position":5,"url":"https:\/\/regbu.com\/de\/herren-gurtel-muss-richtige-lange-sein\/#faq-question-1690207236250","name":"Worauf ist beim Tragen eines G\u00fcrtels zu achten?","answerCount":1,"acceptedAnswer":{"@type":"Answer","text":"Nepodce\u0148ujte jeho uta\u017een\u00ed. P\u0159\u00edli\u0161n\u00e9 uta\u017een\u00ed toti\u017e zv\u00fdraz\u0148uje v\u011bt\u0161\u00ed b\u0159icho.","inLanguage":"de"},"inLanguage":"de"}]}},"_links":{"self":[{"href":"https:\/\/regbu.com\/de\/wp-json\/wp\/v2\/posts\/1221","targetHints":{"allow":["GET"]}}],"collection":[{"href":"https:\/\/regbu.com\/de\/wp-json\/wp\/v2\/posts"}],"about":[{"href":"https:\/\/regbu.com\/de\/wp-json\/wp\/v2\/types\/post"}],"author":[{"embeddable":true,"href":"https:\/\/regbu.com\/de\/wp-json\/wp\/v2\/users\/2"}],"replies":[{"embeddable":true,"href":"https:\/\/regbu.com\/de\/wp-json\/wp\/v2\/comments?post=1221"}],"version-history":[{"count":2,"href":"https:\/\/regbu.com\/de\/wp-json\/wp\/v2\/posts\/1221\/revisions"}],"predecessor-version":[{"id":1232,"href":"https:\/\/regbu.com\/de\/wp-json\/wp\/v2\/posts\/1221\/revisions\/1232"}],"wp:featuredmedia":[{"embeddable":true,"href":"https:\/\/regbu.com\/de\/wp-json\/wp\/v2\/media\/1222"}],"wp:attachment":[{"href":"https:\/\/regbu.com\/de\/wp-json\/wp\/v2\/media?parent=1221"}],"wp:term":[{"taxonomy":"category","embeddable":true,"href":"https:\/\/regbu.com\/de\/wp-json\/wp\/v2\/categories?post=1221"},{"taxonomy":"post_tag","embeddable":true,"href":"https:\/\/regbu.com\/de\/wp-json\/wp\/v2\/tags?post=1221"}],"curies":[{"name":"wp","href":"https:\/\/api.w.org\/{rel}","templated":true}]}}