{"id":98,"date":"2022-01-03T07:42:39","date_gmt":"2022-01-03T06:42:39","guid":{"rendered":"https:\/\/regbu.com\/?p=98"},"modified":"2025-09-05T07:43:15","modified_gmt":"2025-09-05T05:43:15","slug":"kapr-s-bramborovym-salatem-kdykoliv-behem-roku","status":"publish","type":"post","link":"https:\/\/regbu.com\/da\/karpe-med-kartoffel-salat-en-tid-om-aret\/","title":{"rendered":"Karpe med kartoffelsalat p\u00e5 alle tider af \u00e5ret"},"content":{"rendered":"<p>Har du lyst til at nyde nogle af de tjekkiske kulinariske klassikere? S\u00e5 satser du p\u00e5 <strong><a href=\"https:\/\/regbu.com\/da\/frugt-nudler-er-en-favorit-sodgodbid\/\">frugtboller<\/a><\/strong>. Hvis du foretr\u00e6kker fisk, er det oplagte valg karpe med kartoffelsalat. En ret, der er ved at blive popul\u00e6r blandt tjekkerne <strong>is\u00e6r omkring jul<\/strong>. Men du kan nyde karpe tilberedt p\u00e5 denne m\u00e5de p\u00e5 alle tider af \u00e5ret, som opskriften nedenfor vil overbevise dig om.<\/p>\n\n\n\n<h2 class=\"wp-block-heading\">Hvad skal du bruge?<\/h2>\n\n\n\n<p>N\u00e5r karpe med kartoffelsalat bliver dit m\u00e5l, skal du forberede ingredienserne. Ud over ferskvandsfisken skal du ogs\u00e5 bruge ingredienserne til selve salaten. I nedenst\u00e5ende tabel kan du se, hvad du ikke b\u00f8r glemme.<\/p>\n\n\n\n<figure class=\"wp-block-table\"><table><tbody><tr><td><strong>R\u00e5varer til karper<\/strong><\/td><td><strong>Antal<\/strong><\/td><\/tr><tr><td>Karpe<\/td><td>4 hestesko<\/td><\/tr><tr><td>Glat mel<\/td><td>Til indpakning<\/td><\/tr><tr><td>\u00c6g<\/td><td>2 stk.<\/td><\/tr><tr><td>Strouhanka<\/td><td>Til indpakning<\/td><\/tr><tr><td>Vegetabilsk olie<\/td><td>Til stegning<\/td><\/tr><tr><td><strong>Ingredienser til kartoffelsalat<\/strong><\/td><td><strong>Antal<\/strong><\/td><\/tr><tr><td>Kartofler<\/td><td>600 g<\/td><\/tr><tr><td>\u00c6g<\/td><td>4 stk.<\/td><\/tr><tr><td>Guler\u00f8dder<\/td><td>150 g<\/td><\/tr><tr><td>\u00c6rter<\/td><td>100 g<\/td><\/tr><tr><td>Mayonnaise<\/td><td>250 ml<\/td><\/tr><tr><td>Citron<\/td><td>1 stk.<\/td><\/tr><tr><td>Creme fraiche<\/td><td>250 ml<\/td><\/tr><tr><td>Selleri<\/td><td>4 stilke<\/td><\/tr><\/tbody><\/table><figcaption>Ved du, hvad du har brug for til karpe med kartoffelsalat?<\/figcaption><\/figure>\n\n\n\n<p>For at f\u00e5 karpen med kartoffelsalat til at smage l\u00e6kkert, m\u00e5 du ikke glemme saltet. Alt efter hvad du kan lide, kan du ogs\u00e5 bruge finthakket l\u00f8g og lignende ingredienser.<\/p>\n\n\n\n<h3 class=\"wp-block-heading\">Karpe med kartoffelsalat - Detaljeret forberedelse<\/h3>\n\n\n\n<p>F\u00f8rst skal du <strong>forberede kartoffelsalat <\/strong>og derefter resten. Kog og skr\u00e6l kartoflerne. Hak derefter selleri og guler\u00f8dder fint og lad dem koge i kogende vand. Hak kartoflerne fint sammen med de kogte \u00e6g, og begynd at blande ingredienserne, helst i en stor sk\u00e5l. Smag det hele til med salt og peber. R\u00f8r mayonnaise og fl\u00f8de i. Tils\u00e6t til sidst citronsaft. Kartoffelsalaten skal blandes grundigt endnu en gang og st\u00e5 til side.<\/p>\n\n\n\n<p>Det er ogs\u00e5 nemt at forberede karpen. Krydr fisken med salt og peber, og begynd at pakke den ind. Samt <strong><a href=\"https:\/\/regbu.com\/da\/pork-steak-detailed-preparation-fra-og-fra-til-fra\/\">svineschnitzel<\/a><\/strong> bruge mel, \u00e6g og til sidst br\u00f8dkrummer. Den klassiske tredobbelte indpakning, som i sagens natur h\u00f8rer til denne type ret. Begynd derefter at stege, indtil karpen er gyldenbrun. F\u00f8r servering <strong>placer karperne p\u00e5 papirservietter<\/strong>for at f\u00e5 den overskydende olie ud af den. Endelig kan denne l\u00e6kre ret serveres. Glem ikke, at kartoffelsalaten serveres kold.<\/p>","protected":false},"excerpt":{"rendered":"<p>Har du lyst til at nyde nogle af de tjekkiske kulinariske klassikere? S\u00e5 satser du p\u00e5 frugtknolde. Hvis du foretr\u00e6kker fisk, er det oplagte valg karpe med kartoffelsalat. En ret, der er popul\u00e6r blandt tjekkerne, is\u00e6r omkring jul. Men du kan nyde karpe tilberedt p\u00e5 denne m\u00e5de p\u00e5 alle tider af \u00e5ret, som du vil se nedenfor... <\/p>","protected":false},"author":2,"featured_media":99,"comment_status":"closed","ping_status":"closed","sticky":false,"template":"","format":"standard","meta":{"footnotes":""},"categories":[12],"tags":[70,39,17,71,72,73,74,75,51,76],"class_list":["post-98","post","type-post","status-publish","format-standard","has-post-thumbnail","hentry","category-vareni","tag-bramborovy-salat","tag-brambory","tag-jidlo","tag-kapr","tag-kapr-s-bramborovym-salatem","tag-ryba","tag-salat","tag-smazena-ryba","tag-smazeni","tag-smazeny-kapr"],"yoast_head":"<!-- This site is optimized with the Yoast SEO plugin v27.5 - https:\/\/yoast.com\/product\/yoast-seo-wordpress\/ -->\n<title>Kapr s bramborov\u00fdm sal\u00e1tem kdykoliv b\u011bhem roku - REGBU.COM<\/title>\n<meta name=\"description\" content=\"Kapr s bramborov\u00fdm sal\u00e1tem je ryze v\u00e1no\u010dn\u00edm \u010desk\u00fdm pokrmem. P\u0159ipravit si ho ale m\u016f\u017eete kdykoliv b\u011bhem roku. Vyzkou\u0161ejte nov\u00fd recept.\" \/>\n<meta name=\"robots\" content=\"index, follow, max-snippet:-1, max-image-preview:large, max-video-preview:-1\" \/>\n<link rel=\"canonical\" href=\"https:\/\/regbu.com\/da\/karpe-med-kartoffel-salat-en-tid-om-aret\/\" \/>\n<meta property=\"og:locale\" content=\"da_DK\" \/>\n<meta property=\"og:type\" content=\"article\" \/>\n<meta property=\"og:title\" content=\"Kapr s bramborov\u00fdm sal\u00e1tem kdykoliv b\u011bhem roku - REGBU.COM\" \/>\n<meta property=\"og:description\" content=\"Kapr s bramborov\u00fdm sal\u00e1tem je ryze v\u00e1no\u010dn\u00edm \u010desk\u00fdm pokrmem. P\u0159ipravit si ho ale m\u016f\u017eete kdykoliv b\u011bhem roku. Vyzkou\u0161ejte nov\u00fd recept.\" \/>\n<meta property=\"og:url\" content=\"https:\/\/regbu.com\/da\/karpe-med-kartoffel-salat-en-tid-om-aret\/\" \/>\n<meta property=\"og:site_name\" content=\"REGBU.COM\" \/>\n<meta property=\"article:published_time\" content=\"2022-01-03T06:42:39+00:00\" \/>\n<meta property=\"article:modified_time\" content=\"2025-09-05T05:43:15+00:00\" \/>\n<meta property=\"og:image\" content=\"https:\/\/regbu.com\/wp-content\/uploads\/2022\/01\/kapr-s-bramborovym-salazem-kdykoliv-behem-dne.jpg\" \/>\n\t<meta property=\"og:image:width\" content=\"1200\" \/>\n\t<meta property=\"og:image:height\" content=\"679\" \/>\n\t<meta property=\"og:image:type\" content=\"image\/jpeg\" \/>\n<meta name=\"author\" content=\"George Martin\" \/>\n<meta name=\"twitter:card\" content=\"summary_large_image\" \/>\n<meta name=\"twitter:label1\" content=\"Skrevet af\" \/>\n\t<meta name=\"twitter:data1\" content=\"George Martin\" \/>\n\t<meta name=\"twitter:label2\" content=\"Estimeret l\u00e6setid\" \/>\n\t<meta name=\"twitter:data2\" content=\"2 minutter\" \/>\n<script type=\"application\/ld+json\" class=\"yoast-schema-graph\">{\"@context\":\"https:\\\/\\\/schema.org\",\"@graph\":[{\"@type\":\"Article\",\"@id\":\"https:\\\/\\\/regbu.com\\\/kapr-s-bramborovym-salatem-kdykoliv-behem-roku\\\/#article\",\"isPartOf\":{\"@id\":\"https:\\\/\\\/regbu.com\\\/kapr-s-bramborovym-salatem-kdykoliv-behem-roku\\\/\"},\"author\":{\"name\":\"George Martin\",\"@id\":\"https:\\\/\\\/regbu.com\\\/en\\\/#\\\/schema\\\/person\\\/94ea9deda2629771b8a9ced002f6784e\"},\"headline\":\"Kapr s bramborov\u00fdm sal\u00e1tem kdykoliv b\u011bhem roku\",\"datePublished\":\"2022-01-03T06:42:39+00:00\",\"dateModified\":\"2025-09-05T05:43:15+00:00\",\"mainEntityOfPage\":{\"@id\":\"https:\\\/\\\/regbu.com\\\/kapr-s-bramborovym-salatem-kdykoliv-behem-roku\\\/\"},\"wordCount\":448,\"image\":{\"@id\":\"https:\\\/\\\/regbu.com\\\/kapr-s-bramborovym-salatem-kdykoliv-behem-roku\\\/#primaryimage\"},\"thumbnailUrl\":\"https:\\\/\\\/regbu.com\\\/wp-content\\\/uploads\\\/2022\\\/01\\\/kapr-s-bramborovym-salazem-kdykoliv-behem-dne.jpg\",\"keywords\":[\"bramborov\u00fd sal\u00e1t\",\"brambory\",\"j\u00eddlo\",\"kapr\",\"kapr s bramborov\u00fdm sal\u00e1tem\",\"ryba\",\"sal\u00e1t\",\"sma\u017een\u00e1 ryba\",\"sma\u017een\u00ed\",\"sma\u017een\u00fd kapr\"],\"articleSection\":[\"Va\u0159en\u00ed\"],\"inLanguage\":\"da-DK\"},{\"@type\":\"WebPage\",\"@id\":\"https:\\\/\\\/regbu.com\\\/kapr-s-bramborovym-salatem-kdykoliv-behem-roku\\\/\",\"url\":\"https:\\\/\\\/regbu.com\\\/kapr-s-bramborovym-salatem-kdykoliv-behem-roku\\\/\",\"name\":\"Kapr s bramborov\u00fdm sal\u00e1tem kdykoliv b\u011bhem roku - REGBU.COM\",\"isPartOf\":{\"@id\":\"https:\\\/\\\/regbu.com\\\/en\\\/#website\"},\"primaryImageOfPage\":{\"@id\":\"https:\\\/\\\/regbu.com\\\/kapr-s-bramborovym-salatem-kdykoliv-behem-roku\\\/#primaryimage\"},\"image\":{\"@id\":\"https:\\\/\\\/regbu.com\\\/kapr-s-bramborovym-salatem-kdykoliv-behem-roku\\\/#primaryimage\"},\"thumbnailUrl\":\"https:\\\/\\\/regbu.com\\\/wp-content\\\/uploads\\\/2022\\\/01\\\/kapr-s-bramborovym-salazem-kdykoliv-behem-dne.jpg\",\"datePublished\":\"2022-01-03T06:42:39+00:00\",\"dateModified\":\"2025-09-05T05:43:15+00:00\",\"author\":{\"@id\":\"https:\\\/\\\/regbu.com\\\/en\\\/#\\\/schema\\\/person\\\/94ea9deda2629771b8a9ced002f6784e\"},\"description\":\"Kapr s bramborov\u00fdm sal\u00e1tem je ryze v\u00e1no\u010dn\u00edm \u010desk\u00fdm pokrmem. P\u0159ipravit si ho ale m\u016f\u017eete kdykoliv b\u011bhem roku. Vyzkou\u0161ejte nov\u00fd recept.\",\"breadcrumb\":{\"@id\":\"https:\\\/\\\/regbu.com\\\/kapr-s-bramborovym-salatem-kdykoliv-behem-roku\\\/#breadcrumb\"},\"inLanguage\":\"da-DK\",\"potentialAction\":[{\"@type\":\"ReadAction\",\"target\":[\"https:\\\/\\\/regbu.com\\\/kapr-s-bramborovym-salatem-kdykoliv-behem-roku\\\/\"]}]},{\"@type\":\"ImageObject\",\"inLanguage\":\"da-DK\",\"@id\":\"https:\\\/\\\/regbu.com\\\/kapr-s-bramborovym-salatem-kdykoliv-behem-roku\\\/#primaryimage\",\"url\":\"https:\\\/\\\/regbu.com\\\/wp-content\\\/uploads\\\/2022\\\/01\\\/kapr-s-bramborovym-salazem-kdykoliv-behem-dne.jpg\",\"contentUrl\":\"https:\\\/\\\/regbu.com\\\/wp-content\\\/uploads\\\/2022\\\/01\\\/kapr-s-bramborovym-salazem-kdykoliv-behem-dne.jpg\",\"width\":1200,\"height\":679,\"caption\":\"Kapr s bramborov\u00fdm sal\u00e1tem kdykoliv b\u011bhem roku\"},{\"@type\":\"BreadcrumbList\",\"@id\":\"https:\\\/\\\/regbu.com\\\/kapr-s-bramborovym-salatem-kdykoliv-behem-roku\\\/#breadcrumb\",\"itemListElement\":[{\"@type\":\"ListItem\",\"position\":1,\"name\":\"Home\",\"item\":\"https:\\\/\\\/regbu.com\\\/en\\\/\"},{\"@type\":\"ListItem\",\"position\":2,\"name\":\"Kapr s bramborov\u00fdm sal\u00e1tem kdykoliv b\u011bhem roku\"}]},{\"@type\":\"WebSite\",\"@id\":\"https:\\\/\\\/regbu.com\\\/en\\\/#website\",\"url\":\"https:\\\/\\\/regbu.com\\\/en\\\/\",\"name\":\"REGBU.COM\",\"description\":\"\",\"potentialAction\":[{\"@type\":\"SearchAction\",\"target\":{\"@type\":\"EntryPoint\",\"urlTemplate\":\"https:\\\/\\\/regbu.com\\\/en\\\/?s={search_term_string}\"},\"query-input\":{\"@type\":\"PropertyValueSpecification\",\"valueRequired\":true,\"valueName\":\"search_term_string\"}}],\"inLanguage\":\"da-DK\"},{\"@type\":\"Person\",\"@id\":\"https:\\\/\\\/regbu.com\\\/en\\\/#\\\/schema\\\/person\\\/94ea9deda2629771b8a9ced002f6784e\",\"name\":\"George Martin\",\"url\":\"https:\\\/\\\/regbu.com\\\/da\\\/author\\\/george-martin\\\/\"}]}<\/script>\n<!-- \/ Yoast SEO plugin. -->","yoast_head_json":{"title":"Karpe med kartoffelsalat p\u00e5 alle tider af \u00e5ret - REGBU.COM","description":"Karpe med kartoffelsalat er en ren tjekkisk juleret. Men du kan tilberede den p\u00e5 alle tider af \u00e5ret. Pr\u00f8v den nye opskrift.","robots":{"index":"index","follow":"follow","max-snippet":"max-snippet:-1","max-image-preview":"max-image-preview:large","max-video-preview":"max-video-preview:-1"},"canonical":"https:\/\/regbu.com\/da\/karpe-med-kartoffel-salat-en-tid-om-aret\/","og_locale":"da_DK","og_type":"article","og_title":"Kapr s bramborov\u00fdm sal\u00e1tem kdykoliv b\u011bhem roku - REGBU.COM","og_description":"Kapr s bramborov\u00fdm sal\u00e1tem je ryze v\u00e1no\u010dn\u00edm \u010desk\u00fdm pokrmem. P\u0159ipravit si ho ale m\u016f\u017eete kdykoliv b\u011bhem roku. Vyzkou\u0161ejte nov\u00fd recept.","og_url":"https:\/\/regbu.com\/da\/karpe-med-kartoffel-salat-en-tid-om-aret\/","og_site_name":"REGBU.COM","article_published_time":"2022-01-03T06:42:39+00:00","article_modified_time":"2025-09-05T05:43:15+00:00","og_image":[{"width":1200,"height":679,"url":"https:\/\/regbu.com\/wp-content\/uploads\/2022\/01\/kapr-s-bramborovym-salazem-kdykoliv-behem-dne.jpg","type":"image\/jpeg"}],"author":"George Martin","twitter_card":"summary_large_image","twitter_misc":{"Skrevet af":"George Martin","Estimeret l\u00e6setid":"2 minutter"},"schema":{"@context":"https:\/\/schema.org","@graph":[{"@type":"Article","@id":"https:\/\/regbu.com\/kapr-s-bramborovym-salatem-kdykoliv-behem-roku\/#article","isPartOf":{"@id":"https:\/\/regbu.com\/kapr-s-bramborovym-salatem-kdykoliv-behem-roku\/"},"author":{"name":"George Martin","@id":"https:\/\/regbu.com\/en\/#\/schema\/person\/94ea9deda2629771b8a9ced002f6784e"},"headline":"Kapr s bramborov\u00fdm sal\u00e1tem kdykoliv b\u011bhem roku","datePublished":"2022-01-03T06:42:39+00:00","dateModified":"2025-09-05T05:43:15+00:00","mainEntityOfPage":{"@id":"https:\/\/regbu.com\/kapr-s-bramborovym-salatem-kdykoliv-behem-roku\/"},"wordCount":448,"image":{"@id":"https:\/\/regbu.com\/kapr-s-bramborovym-salatem-kdykoliv-behem-roku\/#primaryimage"},"thumbnailUrl":"https:\/\/regbu.com\/wp-content\/uploads\/2022\/01\/kapr-s-bramborovym-salazem-kdykoliv-behem-dne.jpg","keywords":["bramborov\u00fd sal\u00e1t","brambory","j\u00eddlo","kapr","kapr s bramborov\u00fdm sal\u00e1tem","ryba","sal\u00e1t","sma\u017een\u00e1 ryba","sma\u017een\u00ed","sma\u017een\u00fd kapr"],"articleSection":["Va\u0159en\u00ed"],"inLanguage":"da-DK"},{"@type":"WebPage","@id":"https:\/\/regbu.com\/kapr-s-bramborovym-salatem-kdykoliv-behem-roku\/","url":"https:\/\/regbu.com\/kapr-s-bramborovym-salatem-kdykoliv-behem-roku\/","name":"Karpe med kartoffelsalat p\u00e5 alle tider af \u00e5ret - REGBU.COM","isPartOf":{"@id":"https:\/\/regbu.com\/en\/#website"},"primaryImageOfPage":{"@id":"https:\/\/regbu.com\/kapr-s-bramborovym-salatem-kdykoliv-behem-roku\/#primaryimage"},"image":{"@id":"https:\/\/regbu.com\/kapr-s-bramborovym-salatem-kdykoliv-behem-roku\/#primaryimage"},"thumbnailUrl":"https:\/\/regbu.com\/wp-content\/uploads\/2022\/01\/kapr-s-bramborovym-salazem-kdykoliv-behem-dne.jpg","datePublished":"2022-01-03T06:42:39+00:00","dateModified":"2025-09-05T05:43:15+00:00","author":{"@id":"https:\/\/regbu.com\/en\/#\/schema\/person\/94ea9deda2629771b8a9ced002f6784e"},"description":"Karpe med kartoffelsalat er en ren tjekkisk juleret. Men du kan tilberede den p\u00e5 alle tider af \u00e5ret. Pr\u00f8v den nye opskrift.","breadcrumb":{"@id":"https:\/\/regbu.com\/kapr-s-bramborovym-salatem-kdykoliv-behem-roku\/#breadcrumb"},"inLanguage":"da-DK","potentialAction":[{"@type":"ReadAction","target":["https:\/\/regbu.com\/kapr-s-bramborovym-salatem-kdykoliv-behem-roku\/"]}]},{"@type":"ImageObject","inLanguage":"da-DK","@id":"https:\/\/regbu.com\/kapr-s-bramborovym-salatem-kdykoliv-behem-roku\/#primaryimage","url":"https:\/\/regbu.com\/wp-content\/uploads\/2022\/01\/kapr-s-bramborovym-salazem-kdykoliv-behem-dne.jpg","contentUrl":"https:\/\/regbu.com\/wp-content\/uploads\/2022\/01\/kapr-s-bramborovym-salazem-kdykoliv-behem-dne.jpg","width":1200,"height":679,"caption":"Kapr s bramborov\u00fdm sal\u00e1tem kdykoliv b\u011bhem roku"},{"@type":"BreadcrumbList","@id":"https:\/\/regbu.com\/kapr-s-bramborovym-salatem-kdykoliv-behem-roku\/#breadcrumb","itemListElement":[{"@type":"ListItem","position":1,"name":"Home","item":"https:\/\/regbu.com\/en\/"},{"@type":"ListItem","position":2,"name":"Kapr s bramborov\u00fdm sal\u00e1tem kdykoliv b\u011bhem roku"}]},{"@type":"WebSite","@id":"https:\/\/regbu.com\/en\/#website","url":"https:\/\/regbu.com\/en\/","name":"REGBU.COM","description":"","potentialAction":[{"@type":"SearchAction","target":{"@type":"EntryPoint","urlTemplate":"https:\/\/regbu.com\/en\/?s={search_term_string}"},"query-input":{"@type":"PropertyValueSpecification","valueRequired":true,"valueName":"search_term_string"}}],"inLanguage":"da-DK"},{"@type":"Person","@id":"https:\/\/regbu.com\/en\/#\/schema\/person\/94ea9deda2629771b8a9ced002f6784e","name":"George Martin","url":"https:\/\/regbu.com\/da\/author\/george-martin\/"}]}},"_links":{"self":[{"href":"https:\/\/regbu.com\/da\/wp-json\/wp\/v2\/posts\/98","targetHints":{"allow":["GET"]}}],"collection":[{"href":"https:\/\/regbu.com\/da\/wp-json\/wp\/v2\/posts"}],"about":[{"href":"https:\/\/regbu.com\/da\/wp-json\/wp\/v2\/types\/post"}],"author":[{"embeddable":true,"href":"https:\/\/regbu.com\/da\/wp-json\/wp\/v2\/users\/2"}],"replies":[{"embeddable":true,"href":"https:\/\/regbu.com\/da\/wp-json\/wp\/v2\/comments?post=98"}],"version-history":[{"count":3,"href":"https:\/\/regbu.com\/da\/wp-json\/wp\/v2\/posts\/98\/revisions"}],"predecessor-version":[{"id":123,"href":"https:\/\/regbu.com\/da\/wp-json\/wp\/v2\/posts\/98\/revisions\/123"}],"wp:featuredmedia":[{"embeddable":true,"href":"https:\/\/regbu.com\/da\/wp-json\/wp\/v2\/media\/99"}],"wp:attachment":[{"href":"https:\/\/regbu.com\/da\/wp-json\/wp\/v2\/media?parent=98"}],"wp:term":[{"taxonomy":"category","embeddable":true,"href":"https:\/\/regbu.com\/da\/wp-json\/wp\/v2\/categories?post=98"},{"taxonomy":"post_tag","embeddable":true,"href":"https:\/\/regbu.com\/da\/wp-json\/wp\/v2\/tags?post=98"}],"curies":[{"name":"wp","href":"https:\/\/api.w.org\/{rel}","templated":true}]}}