{"id":941,"date":"2023-06-21T16:06:16","date_gmt":"2023-06-21T14:06:16","guid":{"rendered":"https:\/\/regbu.com\/?p=941"},"modified":"2025-09-05T07:42:09","modified_gmt":"2025-09-05T05:42:09","slug":"dovolena-na-kole-na-co-nezapomenout","status":"publish","type":"post","link":"https:\/\/regbu.com\/da\/ferie-i-skolen-hvad-man-ikke-skal-glemme\/","title":{"rendered":"Cykelferie - hvad skal man huske?"},"content":{"rendered":"<p>En cykelferie er lige s\u00e5 eventyrlig og sjov som en sejlferie. Den eneste forskel er, at du i dette tilf\u00e6lde ikke vil v\u00e6re interesseret i at <strong><a href=\"https:\/\/regbu.com\/da\/guide-udstyr-fra-og-fra-til\/\">b\u00e5dudstyr<\/a><\/strong>men du vil v\u00e6re p\u00e5 udkig efter udstyr, der passer til cyklen. Det afh\u00e6nger selvf\u00f8lgelig af mange forskellige faktorer.<\/p>\n\n\n\n<ul class=\"wp-block-list\">\n<li>Hvilken cykel vil du k\u00f8re p\u00e5?<\/li>\n\n\n\n<li>Hvilken slags steder fisker du?<\/li>\n\n\n\n<li>Hvor l\u00e6nge skal du v\u00e6re v\u00e6k?<\/li>\n<\/ul>\n\n\n\n<p>Baseret p\u00e5 disse tre svar kan du begynde at lave din liste over det vigtigste. En cykelferie kan bogstaveligt talt blive uforglemmelig med det rigtige og komplette udstyr.<\/p>\n\n\n\n<h2 class=\"wp-block-heading\">Start med det helt grundl\u00e6ggende<\/h2>\n\n\n\n<p>N\u00e5r man rejser p\u00e5 cykel, er der to grupper af ting, man skal bruge. Den f\u00f8rste er det udstyr, der er forbundet med selve cyklen. Den anden <strong>t\u00f8j og tilh\u00f8rende tilbeh\u00f8r<\/strong>. Du har helt sikkert brug for lim og ekstra r\u00f8r til hjulet. Du skal helt sikkert ikke g\u00e5 nogen steder uden disse grundl\u00e6ggende ting. Men der er mere end nok af lignende ting.<\/p>\n\n\n\n<figure class=\"wp-block-table\"><table><tbody><tr><td><strong>Emneord<\/strong><\/td><td><strong>Oplysninger<\/strong><\/td><\/tr><tr><td>Pumpe<\/td><td>Rejseversion<\/td><\/tr><tr><td>Sm\u00f8remiddel<\/td><td>Grundl\u00e6ggende<\/td><\/tr><tr><td>Slot<\/td><td>K\u00e6de eller reb<\/td><\/tr><tr><td>Belysning<\/td><td>Frem og tilbage<\/td><\/tr><\/tbody><\/table><figcaption class=\"wp-element-caption\">Vigtigt udstyr at huske, n\u00e5r du cykler p\u00e5 ferie.<\/figcaption><\/figure>\n\n\n\n<p>Hvis du skal p\u00e5 cykelferie, skal du s\u00f8rge for ikke at glemme det n\u00f8dvendige v\u00e6rkt\u00f8j til eventuelle reparationer. Normalt kan man klare sig med et basiss\u00e6t, som kan k\u00f8bes i enhver cykelforretning. Endelig anbefales en drikkeflaske.<\/p>\n\n\n\n<h3 class=\"wp-block-heading\">Cykelferie - hvad skal jeg medbringe?<\/h3>\n\n\n\n<p>Hvis du skal cykle i lang tid og skal tilbagel\u00e6gge mange kilometer, er du n\u00f8dt til at pakke alt, hvad du har brug for. For at g\u00f8re dette. <em>Du skal bruge en pose, der er stor nok<\/em>. De kan ikke kun monteres p\u00e5 bagageb\u00e6reren, men ogs\u00e5 p\u00e5 forageb\u00e6reren. Undtagelsen er ramme- eller styrtasker, hvor du kan opbevare din mobiltelefon med navigation eller et papirkort.<\/p>\n\n\n\n<p>En l\u00e6ngere cykelferie kr\u00e6ver selvf\u00f8lgelig visse ting. Hvis du ikke skal sove p\u00e5 g\u00e6stehus, s\u00e5 pak en lille cykeltaske. <strong>telt, sovepose og madras<\/strong>. Funktionelt undert\u00f8j, ogs\u00e5 ekstra, er ogs\u00e5 et must. Glem ikke en regnfrakke, basale toiletsager og energikilder. M\u00e5ske i form af en powerbank. Solcreme eller creme til bleudsl\u00e6t og \u00f8mme f\u00f8dder vil ogs\u00e5 v\u00e6re praktisk.<\/p>","protected":false},"excerpt":{"rendered":"<p>En cykelferie er lige s\u00e5 eventyrlig og sjov som en sejlerferie. Den eneste forskel er, at du i dette tilf\u00e6lde ikke vil v\u00e6re interesseret i padleudstyr, men i at finde det rigtige udstyr til din cykel. Det afh\u00e6nger selvf\u00f8lgelig af mange forskellige faktorer. Baseret p\u00e5 disse tre svar kan du begynde at lave en liste over det n\u00f8dvendige ... <\/p>","protected":false},"author":2,"featured_media":942,"comment_status":"closed","ping_status":"closed","sticky":false,"template":"","format":"standard","meta":{"footnotes":""},"categories":[8],"tags":[823,912,900,907,909,913,831,911,910,824,908,770],"class_list":["post-941","post","type-post","status-publish","format-standard","has-post-thumbnail","hentry","category-cestovani","tag-boty","tag-brasny","tag-dovolena","tag-dovolena-na-kole","tag-duse","tag-helma","tag-kolo","tag-lahev","tag-lepeni","tag-obleceni","tag-pumpicka","tag-vybaveni"],"yoast_head":"<!-- This site is optimized with the Yoast SEO plugin v27.5 - https:\/\/yoast.com\/product\/yoast-seo-wordpress\/ -->\n<title>Dovolen\u00e1 na kole \u2013 Na co nezapomenout? - REGBU.COM<\/title>\n<meta name=\"description\" content=\"V\u00edte, co v\u0161echno obn\u00e1\u0161\u00ed dovolen\u00e1 na kole z pohledu nezbytn\u00e9ho vybaven\u00ed? Prozrad\u00edme V\u00e1m, co si vz\u00edt s sebou.\" \/>\n<meta name=\"robots\" content=\"index, follow, max-snippet:-1, max-image-preview:large, max-video-preview:-1\" \/>\n<link rel=\"canonical\" href=\"https:\/\/regbu.com\/da\/ferie-i-skolen-hvad-man-ikke-skal-glemme\/\" \/>\n<meta property=\"og:locale\" content=\"da_DK\" \/>\n<meta property=\"og:type\" content=\"article\" \/>\n<meta property=\"og:title\" content=\"Dovolen\u00e1 na kole \u2013 Na co nezapomenout? - REGBU.COM\" \/>\n<meta property=\"og:description\" content=\"V\u00edte, co v\u0161echno obn\u00e1\u0161\u00ed dovolen\u00e1 na kole z pohledu nezbytn\u00e9ho vybaven\u00ed? Prozrad\u00edme V\u00e1m, co si vz\u00edt s sebou.\" \/>\n<meta property=\"og:url\" content=\"https:\/\/regbu.com\/da\/ferie-i-skolen-hvad-man-ikke-skal-glemme\/\" \/>\n<meta property=\"og:site_name\" content=\"REGBU.COM\" \/>\n<meta property=\"article:published_time\" content=\"2023-06-21T14:06:16+00:00\" \/>\n<meta property=\"article:modified_time\" content=\"2025-09-05T05:42:09+00:00\" \/>\n<meta property=\"og:image\" content=\"https:\/\/regbu.com\/wp-content\/uploads\/2023\/06\/dovolena-na-kole-na-co-nezapomenout.jpg\" \/>\n\t<meta property=\"og:image:width\" content=\"1200\" \/>\n\t<meta property=\"og:image:height\" content=\"675\" \/>\n\t<meta property=\"og:image:type\" content=\"image\/jpeg\" \/>\n<meta name=\"author\" content=\"George Martin\" \/>\n<meta name=\"twitter:card\" content=\"summary_large_image\" \/>\n<meta name=\"twitter:label1\" content=\"Skrevet af\" \/>\n\t<meta name=\"twitter:data1\" content=\"George Martin\" \/>\n\t<meta name=\"twitter:label2\" content=\"Estimeret l\u00e6setid\" \/>\n\t<meta name=\"twitter:data2\" content=\"2 minutter\" \/>\n<script type=\"application\/ld+json\" class=\"yoast-schema-graph\">{\"@context\":\"https:\\\/\\\/schema.org\",\"@graph\":[{\"@type\":\"Article\",\"@id\":\"https:\\\/\\\/regbu.com\\\/da\\\/ferie-i-skolen-hvad-man-ikke-skal-glemme\\\/#article\",\"isPartOf\":{\"@id\":\"https:\\\/\\\/regbu.com\\\/da\\\/ferie-i-skolen-hvad-man-ikke-skal-glemme\\\/\"},\"author\":{\"name\":\"George Martin\",\"@id\":\"https:\\\/\\\/regbu.com\\\/en\\\/#\\\/schema\\\/person\\\/94ea9deda2629771b8a9ced002f6784e\"},\"headline\":\"Dovolen\u00e1 na kole \u2013 Na co nezapomenout?\",\"datePublished\":\"2023-06-21T14:06:16+00:00\",\"dateModified\":\"2025-09-05T05:42:09+00:00\",\"mainEntityOfPage\":{\"@id\":\"https:\\\/\\\/regbu.com\\\/da\\\/ferie-i-skolen-hvad-man-ikke-skal-glemme\\\/\"},\"wordCount\":456,\"image\":{\"@id\":\"https:\\\/\\\/regbu.com\\\/da\\\/ferie-i-skolen-hvad-man-ikke-skal-glemme\\\/#primaryimage\"},\"thumbnailUrl\":\"https:\\\/\\\/regbu.com\\\/wp-content\\\/uploads\\\/2023\\\/06\\\/dovolena-na-kole-na-co-nezapomenout.jpg\",\"keywords\":[\"boty\",\"bra\u0161ny\",\"dovolen\u00e1\",\"dovolen\u00e1 na kole\",\"du\u0161e\",\"helma\",\"kolo\",\"l\u00e1hev\",\"lepen\u00ed\",\"oble\u010den\u00ed\",\"pumpi\u010dka\",\"vybaven\u00ed\"],\"articleSection\":[\"Cestov\u00e1n\u00ed\"],\"inLanguage\":\"da-DK\"},{\"@type\":\"WebPage\",\"@id\":\"https:\\\/\\\/regbu.com\\\/da\\\/ferie-i-skolen-hvad-man-ikke-skal-glemme\\\/\",\"url\":\"https:\\\/\\\/regbu.com\\\/da\\\/ferie-i-skolen-hvad-man-ikke-skal-glemme\\\/\",\"name\":\"Dovolen\u00e1 na kole \u2013 Na co nezapomenout? - REGBU.COM\",\"isPartOf\":{\"@id\":\"https:\\\/\\\/regbu.com\\\/en\\\/#website\"},\"primaryImageOfPage\":{\"@id\":\"https:\\\/\\\/regbu.com\\\/da\\\/ferie-i-skolen-hvad-man-ikke-skal-glemme\\\/#primaryimage\"},\"image\":{\"@id\":\"https:\\\/\\\/regbu.com\\\/da\\\/ferie-i-skolen-hvad-man-ikke-skal-glemme\\\/#primaryimage\"},\"thumbnailUrl\":\"https:\\\/\\\/regbu.com\\\/wp-content\\\/uploads\\\/2023\\\/06\\\/dovolena-na-kole-na-co-nezapomenout.jpg\",\"datePublished\":\"2023-06-21T14:06:16+00:00\",\"dateModified\":\"2025-09-05T05:42:09+00:00\",\"author\":{\"@id\":\"https:\\\/\\\/regbu.com\\\/en\\\/#\\\/schema\\\/person\\\/94ea9deda2629771b8a9ced002f6784e\"},\"description\":\"V\u00edte, co v\u0161echno obn\u00e1\u0161\u00ed dovolen\u00e1 na kole z pohledu nezbytn\u00e9ho vybaven\u00ed? Prozrad\u00edme V\u00e1m, co si vz\u00edt s sebou.\",\"breadcrumb\":{\"@id\":\"https:\\\/\\\/regbu.com\\\/da\\\/ferie-i-skolen-hvad-man-ikke-skal-glemme\\\/#breadcrumb\"},\"inLanguage\":\"da-DK\",\"potentialAction\":[{\"@type\":\"ReadAction\",\"target\":[\"https:\\\/\\\/regbu.com\\\/da\\\/ferie-i-skolen-hvad-man-ikke-skal-glemme\\\/\"]}]},{\"@type\":\"ImageObject\",\"inLanguage\":\"da-DK\",\"@id\":\"https:\\\/\\\/regbu.com\\\/da\\\/ferie-i-skolen-hvad-man-ikke-skal-glemme\\\/#primaryimage\",\"url\":\"https:\\\/\\\/regbu.com\\\/wp-content\\\/uploads\\\/2023\\\/06\\\/dovolena-na-kole-na-co-nezapomenout.jpg\",\"contentUrl\":\"https:\\\/\\\/regbu.com\\\/wp-content\\\/uploads\\\/2023\\\/06\\\/dovolena-na-kole-na-co-nezapomenout.jpg\",\"width\":1200,\"height\":675,\"caption\":\"Dovolen\u00e1 na kole \u2013 Na co nezapomenout?\"},{\"@type\":\"BreadcrumbList\",\"@id\":\"https:\\\/\\\/regbu.com\\\/da\\\/ferie-i-skolen-hvad-man-ikke-skal-glemme\\\/#breadcrumb\",\"itemListElement\":[{\"@type\":\"ListItem\",\"position\":1,\"name\":\"Home\",\"item\":\"https:\\\/\\\/regbu.com\\\/en\\\/\"},{\"@type\":\"ListItem\",\"position\":2,\"name\":\"Dovolen\u00e1 na kole \u2013 Na co nezapomenout?\"}]},{\"@type\":\"WebSite\",\"@id\":\"https:\\\/\\\/regbu.com\\\/en\\\/#website\",\"url\":\"https:\\\/\\\/regbu.com\\\/en\\\/\",\"name\":\"REGBU.COM\",\"description\":\"\",\"potentialAction\":[{\"@type\":\"SearchAction\",\"target\":{\"@type\":\"EntryPoint\",\"urlTemplate\":\"https:\\\/\\\/regbu.com\\\/en\\\/?s={search_term_string}\"},\"query-input\":{\"@type\":\"PropertyValueSpecification\",\"valueRequired\":true,\"valueName\":\"search_term_string\"}}],\"inLanguage\":\"da-DK\"},{\"@type\":\"Person\",\"@id\":\"https:\\\/\\\/regbu.com\\\/en\\\/#\\\/schema\\\/person\\\/94ea9deda2629771b8a9ced002f6784e\",\"name\":\"George Martin\",\"url\":\"https:\\\/\\\/regbu.com\\\/da\\\/author\\\/george-martin\\\/\"}]}<\/script>\n<!-- \/ Yoast SEO plugin. -->","yoast_head_json":{"title":"Cykelferie - Hvad m\u00e5 man ikke glemme? - REGBU.COM","description":"Ved du, hvad en cykelferie indeb\u00e6rer af vigtigt udstyr? Vi fort\u00e6ller dig, hvad du skal tage med dig.","robots":{"index":"index","follow":"follow","max-snippet":"max-snippet:-1","max-image-preview":"max-image-preview:large","max-video-preview":"max-video-preview:-1"},"canonical":"https:\/\/regbu.com\/da\/ferie-i-skolen-hvad-man-ikke-skal-glemme\/","og_locale":"da_DK","og_type":"article","og_title":"Dovolen\u00e1 na kole \u2013 Na co nezapomenout? - REGBU.COM","og_description":"V\u00edte, co v\u0161echno obn\u00e1\u0161\u00ed dovolen\u00e1 na kole z pohledu nezbytn\u00e9ho vybaven\u00ed? Prozrad\u00edme V\u00e1m, co si vz\u00edt s sebou.","og_url":"https:\/\/regbu.com\/da\/ferie-i-skolen-hvad-man-ikke-skal-glemme\/","og_site_name":"REGBU.COM","article_published_time":"2023-06-21T14:06:16+00:00","article_modified_time":"2025-09-05T05:42:09+00:00","og_image":[{"width":1200,"height":675,"url":"https:\/\/regbu.com\/wp-content\/uploads\/2023\/06\/dovolena-na-kole-na-co-nezapomenout.jpg","type":"image\/jpeg"}],"author":"George Martin","twitter_card":"summary_large_image","twitter_misc":{"Skrevet af":"George Martin","Estimeret l\u00e6setid":"2 minutter"},"schema":{"@context":"https:\/\/schema.org","@graph":[{"@type":"Article","@id":"https:\/\/regbu.com\/da\/ferie-i-skolen-hvad-man-ikke-skal-glemme\/#article","isPartOf":{"@id":"https:\/\/regbu.com\/da\/ferie-i-skolen-hvad-man-ikke-skal-glemme\/"},"author":{"name":"George Martin","@id":"https:\/\/regbu.com\/en\/#\/schema\/person\/94ea9deda2629771b8a9ced002f6784e"},"headline":"Dovolen\u00e1 na kole \u2013 Na co nezapomenout?","datePublished":"2023-06-21T14:06:16+00:00","dateModified":"2025-09-05T05:42:09+00:00","mainEntityOfPage":{"@id":"https:\/\/regbu.com\/da\/ferie-i-skolen-hvad-man-ikke-skal-glemme\/"},"wordCount":456,"image":{"@id":"https:\/\/regbu.com\/da\/ferie-i-skolen-hvad-man-ikke-skal-glemme\/#primaryimage"},"thumbnailUrl":"https:\/\/regbu.com\/wp-content\/uploads\/2023\/06\/dovolena-na-kole-na-co-nezapomenout.jpg","keywords":["boty","bra\u0161ny","dovolen\u00e1","dovolen\u00e1 na kole","du\u0161e","helma","kolo","l\u00e1hev","lepen\u00ed","oble\u010den\u00ed","pumpi\u010dka","vybaven\u00ed"],"articleSection":["Cestov\u00e1n\u00ed"],"inLanguage":"da-DK"},{"@type":"WebPage","@id":"https:\/\/regbu.com\/da\/ferie-i-skolen-hvad-man-ikke-skal-glemme\/","url":"https:\/\/regbu.com\/da\/ferie-i-skolen-hvad-man-ikke-skal-glemme\/","name":"Cykelferie - Hvad m\u00e5 man ikke glemme? - REGBU.COM","isPartOf":{"@id":"https:\/\/regbu.com\/en\/#website"},"primaryImageOfPage":{"@id":"https:\/\/regbu.com\/da\/ferie-i-skolen-hvad-man-ikke-skal-glemme\/#primaryimage"},"image":{"@id":"https:\/\/regbu.com\/da\/ferie-i-skolen-hvad-man-ikke-skal-glemme\/#primaryimage"},"thumbnailUrl":"https:\/\/regbu.com\/wp-content\/uploads\/2023\/06\/dovolena-na-kole-na-co-nezapomenout.jpg","datePublished":"2023-06-21T14:06:16+00:00","dateModified":"2025-09-05T05:42:09+00:00","author":{"@id":"https:\/\/regbu.com\/en\/#\/schema\/person\/94ea9deda2629771b8a9ced002f6784e"},"description":"Ved du, hvad en cykelferie indeb\u00e6rer af vigtigt udstyr? Vi fort\u00e6ller dig, hvad du skal tage med dig.","breadcrumb":{"@id":"https:\/\/regbu.com\/da\/ferie-i-skolen-hvad-man-ikke-skal-glemme\/#breadcrumb"},"inLanguage":"da-DK","potentialAction":[{"@type":"ReadAction","target":["https:\/\/regbu.com\/da\/ferie-i-skolen-hvad-man-ikke-skal-glemme\/"]}]},{"@type":"ImageObject","inLanguage":"da-DK","@id":"https:\/\/regbu.com\/da\/ferie-i-skolen-hvad-man-ikke-skal-glemme\/#primaryimage","url":"https:\/\/regbu.com\/wp-content\/uploads\/2023\/06\/dovolena-na-kole-na-co-nezapomenout.jpg","contentUrl":"https:\/\/regbu.com\/wp-content\/uploads\/2023\/06\/dovolena-na-kole-na-co-nezapomenout.jpg","width":1200,"height":675,"caption":"Dovolen\u00e1 na kole \u2013 Na co nezapomenout?"},{"@type":"BreadcrumbList","@id":"https:\/\/regbu.com\/da\/ferie-i-skolen-hvad-man-ikke-skal-glemme\/#breadcrumb","itemListElement":[{"@type":"ListItem","position":1,"name":"Home","item":"https:\/\/regbu.com\/en\/"},{"@type":"ListItem","position":2,"name":"Dovolen\u00e1 na kole \u2013 Na co nezapomenout?"}]},{"@type":"WebSite","@id":"https:\/\/regbu.com\/en\/#website","url":"https:\/\/regbu.com\/en\/","name":"REGBU.COM","description":"","potentialAction":[{"@type":"SearchAction","target":{"@type":"EntryPoint","urlTemplate":"https:\/\/regbu.com\/en\/?s={search_term_string}"},"query-input":{"@type":"PropertyValueSpecification","valueRequired":true,"valueName":"search_term_string"}}],"inLanguage":"da-DK"},{"@type":"Person","@id":"https:\/\/regbu.com\/en\/#\/schema\/person\/94ea9deda2629771b8a9ced002f6784e","name":"George Martin","url":"https:\/\/regbu.com\/da\/author\/george-martin\/"}]}},"_links":{"self":[{"href":"https:\/\/regbu.com\/da\/wp-json\/wp\/v2\/posts\/941","targetHints":{"allow":["GET"]}}],"collection":[{"href":"https:\/\/regbu.com\/da\/wp-json\/wp\/v2\/posts"}],"about":[{"href":"https:\/\/regbu.com\/da\/wp-json\/wp\/v2\/types\/post"}],"author":[{"embeddable":true,"href":"https:\/\/regbu.com\/da\/wp-json\/wp\/v2\/users\/2"}],"replies":[{"embeddable":true,"href":"https:\/\/regbu.com\/da\/wp-json\/wp\/v2\/comments?post=941"}],"version-history":[{"count":2,"href":"https:\/\/regbu.com\/da\/wp-json\/wp\/v2\/posts\/941\/revisions"}],"predecessor-version":[{"id":960,"href":"https:\/\/regbu.com\/da\/wp-json\/wp\/v2\/posts\/941\/revisions\/960"}],"wp:featuredmedia":[{"embeddable":true,"href":"https:\/\/regbu.com\/da\/wp-json\/wp\/v2\/media\/942"}],"wp:attachment":[{"href":"https:\/\/regbu.com\/da\/wp-json\/wp\/v2\/media?parent=941"}],"wp:term":[{"taxonomy":"category","embeddable":true,"href":"https:\/\/regbu.com\/da\/wp-json\/wp\/v2\/categories?post=941"},{"taxonomy":"post_tag","embeddable":true,"href":"https:\/\/regbu.com\/da\/wp-json\/wp\/v2\/tags?post=941"}],"curies":[{"name":"wp","href":"https:\/\/api.w.org\/{rel}","templated":true}]}}