{"id":864,"date":"2023-06-19T18:30:35","date_gmt":"2023-06-19T16:30:35","guid":{"rendered":"https:\/\/regbu.com\/?p=864"},"modified":"2025-09-05T07:42:15","modified_gmt":"2025-09-05T05:42:15","slug":"modni-ikony-na-ktere-se-nezapomina","status":"publish","type":"post","link":"https:\/\/regbu.com\/da\/mode-ikoner-der-aldrig-blev-glemt\/","title":{"rendered":"Modeikoner, der ikke m\u00e5 g\u00e5 i glemmebogen"},"content":{"rendered":"<p>Modeikoner, s\u00e5dan kaldes kvinder, der p\u00e5virker hele verden med deres t\u00f8j. Uanset hvad disse damer havde <strong><a href=\"https:\/\/regbu.com\/da\/du-vaelger-af-tegn-type\/\">frisurer<\/a><\/strong>Deres t\u00f8j var tidl\u00f8st og form\u00e5ede at ramme mange mennesker. V\u00e6r med til at mindes de ber\u00f8mte kvinder, der havde meget at give til moden som helhed.<\/p>\n\n\n\n<ul class=\"wp-block-list\">\n<li>Marlene Dietrich<\/li>\n\n\n\n<li>Audrey Hepburn<\/li>\n\n\n\n<li>Prinsesse Diana<\/li>\n<\/ul>\n\n\n\n<p>Dette er blot en lille h\u00e5ndfuld af dem, der har gjort sig fortjent til betegnelsen modeikon. Listen omfatter med rette <strong>Coco Chanel<\/strong>. Hun var ikke bange for at inkorporere mandetilbeh\u00f8r i sine outfits, hvilket var meget us\u00e6dvanligt for hendes tid.<\/p>\n\n\n\n<h2 class=\"wp-block-heading\">M\u00f8d verdens modeikoner<\/h2>\n\n\n\n<p>N\u00e5r det kommer til m\u00e6nds p\u00e5kl\u00e6dning, var det Marlene Dietrich, der i sin tid fandt p\u00e5 dem. Hun brugte entusiastisk slips, hatte og herrebukser. Modeikoner omfatter ogs\u00e5 <em>Jacqueline Kennedy<\/em>som igen er forbundet med store briller og \u00e6rmel\u00f8se kjoler. Og hvilke andre damer fortjener denne betegnelse?<\/p>\n\n\n\n<figure class=\"wp-block-table\"><table><tbody><tr><td><strong>Navn<\/strong><\/td><td><strong>Elementer af<\/strong><\/td><\/tr><tr><td>Audrey Hepburn<\/td><td>Elegance, ballerinaer og capribukser<\/td><\/tr><tr><td>Grace Kelly<\/td><td>Satin og korte tr\u00f8jer<\/td><\/tr><tr><td>Coco Chanel<\/td><td>Nautiske striber<\/td><\/tr><tr><td>Madonna<\/td><td>T\u00e6tsiddende trikot<\/td><\/tr><\/tbody><\/table><figcaption class=\"wp-element-caption\">De vigtigste modeikoner fra fortiden og de seneste \u00e5r.<\/figcaption><\/figure>\n\n\n\n<p>Prinsesse Diana er ogs\u00e5 blandt de indflydelsesrige modeikoner. Hun vandt sine fans' hjerter over hele verden, ikke kun p\u00e5 grund af sin opf\u00f8rsel, men ogs\u00e5 p\u00e5 grund af sin t\u00f8jstil. Uanset om det var originale kostumer eller imponerende kjoler. Selvom hun ikke var et rendyrket modeikon, var hun et bevis p\u00e5, hvordan en ganske almindelig person kan p\u00e5virke moden i mange lande.<\/p>\n\n\n\n<h3 class=\"wp-block-heading\">Moderne modeikoner<\/h3>\n\n\n\n<p>Fra historiske modeikoner g\u00e5r vi videre til dem, der har p\u00e5virket masser af kvinder i de senere \u00e5r. Blandt de imagin\u00e6re ikoner for specifik mode er s\u00f8strene Mary-Kate og Ashley Olsen. Den boho-chikke stil er p\u00e5 den anden side iboende <strong>Kate Moss<\/strong>. Modellen berigede sin garderobe med rockelementer og inkorporerede tilbeh\u00f8r som fede sko og meget mere. Og alt dette har p\u00e5virket t\u00f8jstilen hos kvinder over hele verden.<\/p>\n\n\n\n<p>Endelig er det ikke tilr\u00e5deligt at glemme selv et strejf af ekstravagance. F\u00f8dslen af et modeikon ved navn <strong>Lady Gaga<\/strong>. Hun var i stand til at g\u00e5 til de virkelig yderligheder i sin p\u00e5kl\u00e6dning, som i det mindste tiltrak sig opm\u00e6rksomhed, hvor end hun gik.<\/p>","protected":false},"excerpt":{"rendered":"<p>Modeikoner, s\u00e5dan kaldes kvinder, der p\u00e5virker hele verden med deres t\u00f8j. Uanset deres frisurer, figurer og tr\u00e6k var disse damers t\u00f8j tidl\u00f8st og form\u00e5ede at n\u00e5 ud til mange mennesker. L\u00e6s med, n\u00e5r vi mindes de ber\u00f8mte kvinder, der havde meget at give til moden som helhed. Dette er blot en lille h\u00e5ndfuld af dem ... <\/p>","protected":false},"author":2,"featured_media":865,"comment_status":"closed","ping_status":"closed","sticky":false,"template":"","format":"standard","meta":{"footnotes":""},"categories":[671],"tags":[753,755,754,750,752,757,756,751,749,758],"class_list":["post-864","post","type-post","status-publish","format-standard","has-post-thumbnail","hentry","category-moda","tag-audrey-hepburn","tag-coco-chanel","tag-grace-kelly","tag-ikona","tag-ikony","tag-kate-moss","tag-madonna","tag-modni-ikona","tag-modni-ikony","tag-princezna-diana"],"yoast_head":"<!-- This site is optimized with the Yoast SEO plugin v27.5 - https:\/\/yoast.com\/product\/yoast-seo-wordpress\/ -->\n<title>M\u00f3dn\u00ed ikony, na kter\u00e9 se nezapom\u00edn\u00e1 - REGBU.COM<\/title>\n<meta name=\"description\" content=\"Poznejte m\u00f3dn\u00ed ikony let minul\u00fdch, ale tak\u00e9 sou\u010dasn\u00fdch. Zjist\u011bte, kdo ovlivnil m\u00f3dn\u00ed styl ve zna\u010dn\u00e9 m\u00ed\u0159e a na hodn\u011b dlouho.\" \/>\n<meta name=\"robots\" content=\"index, follow, max-snippet:-1, max-image-preview:large, max-video-preview:-1\" \/>\n<link rel=\"canonical\" href=\"https:\/\/regbu.com\/da\/mode-ikoner-der-aldrig-blev-glemt\/\" \/>\n<meta property=\"og:locale\" content=\"da_DK\" \/>\n<meta property=\"og:type\" content=\"article\" \/>\n<meta property=\"og:title\" content=\"M\u00f3dn\u00ed ikony, na kter\u00e9 se nezapom\u00edn\u00e1 - REGBU.COM\" \/>\n<meta property=\"og:description\" content=\"Poznejte m\u00f3dn\u00ed ikony let minul\u00fdch, ale tak\u00e9 sou\u010dasn\u00fdch. Zjist\u011bte, kdo ovlivnil m\u00f3dn\u00ed styl ve zna\u010dn\u00e9 m\u00ed\u0159e a na hodn\u011b dlouho.\" \/>\n<meta property=\"og:url\" content=\"https:\/\/regbu.com\/da\/mode-ikoner-der-aldrig-blev-glemt\/\" \/>\n<meta property=\"og:site_name\" content=\"REGBU.COM\" \/>\n<meta property=\"article:published_time\" content=\"2023-06-19T16:30:35+00:00\" \/>\n<meta property=\"article:modified_time\" content=\"2025-09-05T05:42:15+00:00\" \/>\n<meta property=\"og:image\" content=\"https:\/\/regbu.com\/wp-content\/uploads\/2023\/06\/modni-ikony-na-ktere-se-nezapomina.jpg\" \/>\n\t<meta property=\"og:image:width\" content=\"1200\" \/>\n\t<meta property=\"og:image:height\" content=\"678\" \/>\n\t<meta property=\"og:image:type\" content=\"image\/jpeg\" \/>\n<meta name=\"author\" content=\"George Martin\" \/>\n<meta name=\"twitter:card\" content=\"summary_large_image\" \/>\n<meta name=\"twitter:label1\" content=\"Skrevet af\" \/>\n\t<meta name=\"twitter:data1\" content=\"George Martin\" \/>\n\t<meta name=\"twitter:label2\" content=\"Estimeret l\u00e6setid\" \/>\n\t<meta name=\"twitter:data2\" content=\"2 minutter\" \/>\n<script type=\"application\/ld+json\" class=\"yoast-schema-graph\">{\"@context\":\"https:\\\/\\\/schema.org\",\"@graph\":[{\"@type\":\"Article\",\"@id\":\"https:\\\/\\\/regbu.com\\\/da\\\/mode-ikoner-der-aldrig-blev-glemt\\\/#article\",\"isPartOf\":{\"@id\":\"https:\\\/\\\/regbu.com\\\/da\\\/mode-ikoner-der-aldrig-blev-glemt\\\/\"},\"author\":{\"name\":\"George Martin\",\"@id\":\"https:\\\/\\\/regbu.com\\\/en\\\/#\\\/schema\\\/person\\\/94ea9deda2629771b8a9ced002f6784e\"},\"headline\":\"M\u00f3dn\u00ed ikony, na kter\u00e9 se nezapom\u00edn\u00e1\",\"datePublished\":\"2023-06-19T16:30:35+00:00\",\"dateModified\":\"2025-09-05T05:42:15+00:00\",\"mainEntityOfPage\":{\"@id\":\"https:\\\/\\\/regbu.com\\\/da\\\/mode-ikoner-der-aldrig-blev-glemt\\\/\"},\"wordCount\":467,\"image\":{\"@id\":\"https:\\\/\\\/regbu.com\\\/da\\\/mode-ikoner-der-aldrig-blev-glemt\\\/#primaryimage\"},\"thumbnailUrl\":\"https:\\\/\\\/regbu.com\\\/wp-content\\\/uploads\\\/2023\\\/06\\\/modni-ikony-na-ktere-se-nezapomina.jpg\",\"keywords\":[\"Audrey Hepburn\",\"Coco Chanel\",\"Grace Kelly\",\"ikona\",\"ikony\",\"Kate Moss\",\"Madonna\",\"m\u00f3dn\u00ed ikona\",\"m\u00f3dn\u00ed ikony\",\"princezna Diana\"],\"articleSection\":[\"M\u00f3da\"],\"inLanguage\":\"da-DK\"},{\"@type\":\"WebPage\",\"@id\":\"https:\\\/\\\/regbu.com\\\/da\\\/mode-ikoner-der-aldrig-blev-glemt\\\/\",\"url\":\"https:\\\/\\\/regbu.com\\\/da\\\/mode-ikoner-der-aldrig-blev-glemt\\\/\",\"name\":\"M\u00f3dn\u00ed ikony, na kter\u00e9 se nezapom\u00edn\u00e1 - REGBU.COM\",\"isPartOf\":{\"@id\":\"https:\\\/\\\/regbu.com\\\/en\\\/#website\"},\"primaryImageOfPage\":{\"@id\":\"https:\\\/\\\/regbu.com\\\/da\\\/mode-ikoner-der-aldrig-blev-glemt\\\/#primaryimage\"},\"image\":{\"@id\":\"https:\\\/\\\/regbu.com\\\/da\\\/mode-ikoner-der-aldrig-blev-glemt\\\/#primaryimage\"},\"thumbnailUrl\":\"https:\\\/\\\/regbu.com\\\/wp-content\\\/uploads\\\/2023\\\/06\\\/modni-ikony-na-ktere-se-nezapomina.jpg\",\"datePublished\":\"2023-06-19T16:30:35+00:00\",\"dateModified\":\"2025-09-05T05:42:15+00:00\",\"author\":{\"@id\":\"https:\\\/\\\/regbu.com\\\/en\\\/#\\\/schema\\\/person\\\/94ea9deda2629771b8a9ced002f6784e\"},\"description\":\"Poznejte m\u00f3dn\u00ed ikony let minul\u00fdch, ale tak\u00e9 sou\u010dasn\u00fdch. Zjist\u011bte, kdo ovlivnil m\u00f3dn\u00ed styl ve zna\u010dn\u00e9 m\u00ed\u0159e a na hodn\u011b dlouho.\",\"breadcrumb\":{\"@id\":\"https:\\\/\\\/regbu.com\\\/da\\\/mode-ikoner-der-aldrig-blev-glemt\\\/#breadcrumb\"},\"inLanguage\":\"da-DK\",\"potentialAction\":[{\"@type\":\"ReadAction\",\"target\":[\"https:\\\/\\\/regbu.com\\\/da\\\/mode-ikoner-der-aldrig-blev-glemt\\\/\"]}]},{\"@type\":\"ImageObject\",\"inLanguage\":\"da-DK\",\"@id\":\"https:\\\/\\\/regbu.com\\\/da\\\/mode-ikoner-der-aldrig-blev-glemt\\\/#primaryimage\",\"url\":\"https:\\\/\\\/regbu.com\\\/wp-content\\\/uploads\\\/2023\\\/06\\\/modni-ikony-na-ktere-se-nezapomina.jpg\",\"contentUrl\":\"https:\\\/\\\/regbu.com\\\/wp-content\\\/uploads\\\/2023\\\/06\\\/modni-ikony-na-ktere-se-nezapomina.jpg\",\"width\":1200,\"height\":678,\"caption\":\"M\u00f3dn\u00ed ikony, na kter\u00e9 se nezapom\u00edn\u00e1\"},{\"@type\":\"BreadcrumbList\",\"@id\":\"https:\\\/\\\/regbu.com\\\/da\\\/mode-ikoner-der-aldrig-blev-glemt\\\/#breadcrumb\",\"itemListElement\":[{\"@type\":\"ListItem\",\"position\":1,\"name\":\"Home\",\"item\":\"https:\\\/\\\/regbu.com\\\/en\\\/\"},{\"@type\":\"ListItem\",\"position\":2,\"name\":\"M\u00f3dn\u00ed ikony, na kter\u00e9 se nezapom\u00edn\u00e1\"}]},{\"@type\":\"WebSite\",\"@id\":\"https:\\\/\\\/regbu.com\\\/en\\\/#website\",\"url\":\"https:\\\/\\\/regbu.com\\\/en\\\/\",\"name\":\"REGBU.COM\",\"description\":\"\",\"potentialAction\":[{\"@type\":\"SearchAction\",\"target\":{\"@type\":\"EntryPoint\",\"urlTemplate\":\"https:\\\/\\\/regbu.com\\\/en\\\/?s={search_term_string}\"},\"query-input\":{\"@type\":\"PropertyValueSpecification\",\"valueRequired\":true,\"valueName\":\"search_term_string\"}}],\"inLanguage\":\"da-DK\"},{\"@type\":\"Person\",\"@id\":\"https:\\\/\\\/regbu.com\\\/en\\\/#\\\/schema\\\/person\\\/94ea9deda2629771b8a9ced002f6784e\",\"name\":\"George Martin\",\"url\":\"https:\\\/\\\/regbu.com\\\/da\\\/author\\\/george-martin\\\/\"}]}<\/script>\n<!-- \/ Yoast SEO plugin. -->","yoast_head_json":{"title":"Modeikoner, der ikke m\u00e5 g\u00e5 i glemmebogen - REGBU.COM","description":"L\u00e6r fortidens, men ogs\u00e5 nutidens modeikoner at kende. Find ud af, hvem der har p\u00e5virket modestilen i h\u00f8j grad og i lang tid.","robots":{"index":"index","follow":"follow","max-snippet":"max-snippet:-1","max-image-preview":"max-image-preview:large","max-video-preview":"max-video-preview:-1"},"canonical":"https:\/\/regbu.com\/da\/mode-ikoner-der-aldrig-blev-glemt\/","og_locale":"da_DK","og_type":"article","og_title":"M\u00f3dn\u00ed ikony, na kter\u00e9 se nezapom\u00edn\u00e1 - REGBU.COM","og_description":"Poznejte m\u00f3dn\u00ed ikony let minul\u00fdch, ale tak\u00e9 sou\u010dasn\u00fdch. Zjist\u011bte, kdo ovlivnil m\u00f3dn\u00ed styl ve zna\u010dn\u00e9 m\u00ed\u0159e a na hodn\u011b dlouho.","og_url":"https:\/\/regbu.com\/da\/mode-ikoner-der-aldrig-blev-glemt\/","og_site_name":"REGBU.COM","article_published_time":"2023-06-19T16:30:35+00:00","article_modified_time":"2025-09-05T05:42:15+00:00","og_image":[{"width":1200,"height":678,"url":"https:\/\/regbu.com\/wp-content\/uploads\/2023\/06\/modni-ikony-na-ktere-se-nezapomina.jpg","type":"image\/jpeg"}],"author":"George Martin","twitter_card":"summary_large_image","twitter_misc":{"Skrevet af":"George Martin","Estimeret l\u00e6setid":"2 minutter"},"schema":{"@context":"https:\/\/schema.org","@graph":[{"@type":"Article","@id":"https:\/\/regbu.com\/da\/mode-ikoner-der-aldrig-blev-glemt\/#article","isPartOf":{"@id":"https:\/\/regbu.com\/da\/mode-ikoner-der-aldrig-blev-glemt\/"},"author":{"name":"George Martin","@id":"https:\/\/regbu.com\/en\/#\/schema\/person\/94ea9deda2629771b8a9ced002f6784e"},"headline":"M\u00f3dn\u00ed ikony, na kter\u00e9 se nezapom\u00edn\u00e1","datePublished":"2023-06-19T16:30:35+00:00","dateModified":"2025-09-05T05:42:15+00:00","mainEntityOfPage":{"@id":"https:\/\/regbu.com\/da\/mode-ikoner-der-aldrig-blev-glemt\/"},"wordCount":467,"image":{"@id":"https:\/\/regbu.com\/da\/mode-ikoner-der-aldrig-blev-glemt\/#primaryimage"},"thumbnailUrl":"https:\/\/regbu.com\/wp-content\/uploads\/2023\/06\/modni-ikony-na-ktere-se-nezapomina.jpg","keywords":["Audrey Hepburn","Coco Chanel","Grace Kelly","ikona","ikony","Kate Moss","Madonna","m\u00f3dn\u00ed ikona","m\u00f3dn\u00ed ikony","princezna Diana"],"articleSection":["M\u00f3da"],"inLanguage":"da-DK"},{"@type":"WebPage","@id":"https:\/\/regbu.com\/da\/mode-ikoner-der-aldrig-blev-glemt\/","url":"https:\/\/regbu.com\/da\/mode-ikoner-der-aldrig-blev-glemt\/","name":"Modeikoner, der ikke m\u00e5 g\u00e5 i glemmebogen - REGBU.COM","isPartOf":{"@id":"https:\/\/regbu.com\/en\/#website"},"primaryImageOfPage":{"@id":"https:\/\/regbu.com\/da\/mode-ikoner-der-aldrig-blev-glemt\/#primaryimage"},"image":{"@id":"https:\/\/regbu.com\/da\/mode-ikoner-der-aldrig-blev-glemt\/#primaryimage"},"thumbnailUrl":"https:\/\/regbu.com\/wp-content\/uploads\/2023\/06\/modni-ikony-na-ktere-se-nezapomina.jpg","datePublished":"2023-06-19T16:30:35+00:00","dateModified":"2025-09-05T05:42:15+00:00","author":{"@id":"https:\/\/regbu.com\/en\/#\/schema\/person\/94ea9deda2629771b8a9ced002f6784e"},"description":"L\u00e6r fortidens, men ogs\u00e5 nutidens modeikoner at kende. Find ud af, hvem der har p\u00e5virket modestilen i h\u00f8j grad og i lang tid.","breadcrumb":{"@id":"https:\/\/regbu.com\/da\/mode-ikoner-der-aldrig-blev-glemt\/#breadcrumb"},"inLanguage":"da-DK","potentialAction":[{"@type":"ReadAction","target":["https:\/\/regbu.com\/da\/mode-ikoner-der-aldrig-blev-glemt\/"]}]},{"@type":"ImageObject","inLanguage":"da-DK","@id":"https:\/\/regbu.com\/da\/mode-ikoner-der-aldrig-blev-glemt\/#primaryimage","url":"https:\/\/regbu.com\/wp-content\/uploads\/2023\/06\/modni-ikony-na-ktere-se-nezapomina.jpg","contentUrl":"https:\/\/regbu.com\/wp-content\/uploads\/2023\/06\/modni-ikony-na-ktere-se-nezapomina.jpg","width":1200,"height":678,"caption":"M\u00f3dn\u00ed ikony, na kter\u00e9 se nezapom\u00edn\u00e1"},{"@type":"BreadcrumbList","@id":"https:\/\/regbu.com\/da\/mode-ikoner-der-aldrig-blev-glemt\/#breadcrumb","itemListElement":[{"@type":"ListItem","position":1,"name":"Home","item":"https:\/\/regbu.com\/en\/"},{"@type":"ListItem","position":2,"name":"M\u00f3dn\u00ed ikony, na kter\u00e9 se nezapom\u00edn\u00e1"}]},{"@type":"WebSite","@id":"https:\/\/regbu.com\/en\/#website","url":"https:\/\/regbu.com\/en\/","name":"REGBU.COM","description":"","potentialAction":[{"@type":"SearchAction","target":{"@type":"EntryPoint","urlTemplate":"https:\/\/regbu.com\/en\/?s={search_term_string}"},"query-input":{"@type":"PropertyValueSpecification","valueRequired":true,"valueName":"search_term_string"}}],"inLanguage":"da-DK"},{"@type":"Person","@id":"https:\/\/regbu.com\/en\/#\/schema\/person\/94ea9deda2629771b8a9ced002f6784e","name":"George Martin","url":"https:\/\/regbu.com\/da\/author\/george-martin\/"}]}},"_links":{"self":[{"href":"https:\/\/regbu.com\/da\/wp-json\/wp\/v2\/posts\/864","targetHints":{"allow":["GET"]}}],"collection":[{"href":"https:\/\/regbu.com\/da\/wp-json\/wp\/v2\/posts"}],"about":[{"href":"https:\/\/regbu.com\/da\/wp-json\/wp\/v2\/types\/post"}],"author":[{"embeddable":true,"href":"https:\/\/regbu.com\/da\/wp-json\/wp\/v2\/users\/2"}],"replies":[{"embeddable":true,"href":"https:\/\/regbu.com\/da\/wp-json\/wp\/v2\/comments?post=864"}],"version-history":[{"count":3,"href":"https:\/\/regbu.com\/da\/wp-json\/wp\/v2\/posts\/864\/revisions"}],"predecessor-version":[{"id":879,"href":"https:\/\/regbu.com\/da\/wp-json\/wp\/v2\/posts\/864\/revisions\/879"}],"wp:featuredmedia":[{"embeddable":true,"href":"https:\/\/regbu.com\/da\/wp-json\/wp\/v2\/media\/865"}],"wp:attachment":[{"href":"https:\/\/regbu.com\/da\/wp-json\/wp\/v2\/media?parent=864"}],"wp:term":[{"taxonomy":"category","embeddable":true,"href":"https:\/\/regbu.com\/da\/wp-json\/wp\/v2\/categories?post=864"},{"taxonomy":"post_tag","embeddable":true,"href":"https:\/\/regbu.com\/da\/wp-json\/wp\/v2\/tags?post=864"}],"curies":[{"name":"wp","href":"https:\/\/api.w.org\/{rel}","templated":true}]}}