{"id":861,"date":"2023-06-19T18:28:21","date_gmt":"2023-06-19T16:28:21","guid":{"rendered":"https:\/\/regbu.com\/?p=861"},"modified":"2025-09-05T07:42:17","modified_gmt":"2025-09-05T05:42:17","slug":"uces-si-zvolte-podle-typu-postavy","status":"publish","type":"post","link":"https:\/\/regbu.com\/da\/du-vaelger-af-tegn-type\/","title":{"rendered":"V\u00e6lg din frisure efter din kropstype"},"content":{"rendered":"<p>Frisuren er en af de ting, som kvinder generelt holder meget af. Og det er ikke s\u00e5 m\u00e6rkeligt, for det er frisuren, der kan lyse dit ansigt op og \u00e6ndre dit generelle udseende. Ligesom du kl\u00e6der dig efter <strong><a href=\"https:\/\/regbu.com\/da\/type-figur-beslutter-om-sommer-land\/\">kropstype<\/a><\/strong>b\u00f8r du rede dit h\u00e5r efter det. Mange af jer er m\u00e5ske ikke engang klar over det, men at blande din figur og den rigtige frisure giver et meget positivt resultat.<\/p>\n\n\n\n<h2 class=\"wp-block-heading\">En frisure, der simpelthen forynger dig<\/h2>\n\n\n\n<p>Har du en figur med yndefulde kurver, der is\u00e6r domineres af store bryster? S\u00e5 beslut dig for, om du vil fremh\u00e6ve eller undertrykke denne fordel. V\u00e6lg derefter. <strong>kort frisure versus lang med b\u00f8lget h\u00e5r<\/strong>. De f\u00f8lgende sp\u00f8rgsm\u00e5l og svar vil ogs\u00e5 fort\u00e6lle dig en masse om frisurer.<\/p>\n\n\n\n<div class=\"schema-faq wp-block-yoast-faq-block\"><div class=\"schema-faq-section\" id=\"faq-question-1687191753296\"><strong class=\"schema-faq-question\">Hvilken frisure til en atletisk figur?<\/strong> <p class=\"schema-faq-answer\">Med denne karakter beh\u00f8ver du sandsynligvis ikke at rynke panden. Enhver h\u00e5rstil vil passe dig. Uanset om det er glat, b\u00f8lget, kort eller langt.<\/p> <\/div> <div class=\"schema-faq-section\" id=\"faq-question-1687191760588\"><strong class=\"schema-faq-question\">Hvilken h\u00e5rstyling bruges til fyldigere kvinder?<\/strong> <p class=\"schema-faq-answer\">Her skal du helt sikkert glemme alt om korte frisurer. Mellemlange skulderlange frisurer virker meget bedre. Underst\u00f8t de fine kr\u00f8ller med en velvalgt farve.<\/p> <\/div> <div class=\"schema-faq-section\" id=\"faq-question-1687191768392\"><strong class=\"schema-faq-question\">Hvordan skal h\u00f8je kvinder rede deres h\u00e5r?<\/strong> <p class=\"schema-faq-answer\">I dette tilf\u00e6lde er det godt at fremh\u00e6ve femininiteten, hvilket du kan g\u00f8re med langt h\u00e5r. Du b\u00f8r ogs\u00e5 overveje en toup\u00e9-frisure.<\/p> <\/div> <div class=\"schema-faq-section\" id=\"faq-question-1687191776217\"><strong class=\"schema-faq-question\">Hvilket h\u00e5r er ikke ideelt til langbenede og slanke kvinder?<\/strong> <p class=\"schema-faq-answer\">Undg\u00e5 korth\u00e5rsfrisurer, som normalt ikke er det rigtige valg. Desuden fremmer de maskulinitet snarere end femininitet.<\/p> <\/div> <div class=\"schema-faq-section\" id=\"faq-question-1687191783717\"><strong class=\"schema-faq-question\">Hvilke h\u00e5rfarver slanker?<\/strong> <p class=\"schema-faq-answer\">Her g\u00e6lder det samme som med t\u00f8j. En m\u00f8rkere farve f\u00e5r dig til at se slankere ud, mens en lys blondine g\u00f8r dig tungere.<\/p> <\/div> <\/div>\n\n\n\n<h3 class=\"wp-block-heading\">Fris\u00f8ren vil altid r\u00e5dgive dig<\/h3>\n\n\n\n<p>Det er sandt, at enhver kvinde er et individuelt v\u00e6sen og har sine egne ideer om det endelige udseende. Disse er ideelt set<strong> med en fris\u00f8r<\/strong>. Du kan derefter kombinere hans r\u00e5d med de regler, der er pr\u00e6senteret ovenfor. En s\u00e5dan professionel vil \u00e5bne dine \u00f8jne og give dig gode r\u00e5d, ikke kun om en bestemt frisure, men ogs\u00e5 om dens farve. Selv sm\u00e5 detaljer spiller en afg\u00f8rende rolle, n\u00e5r man v\u00e6lger h\u00e5rfarve. Man kan n\u00e6vne hudfarve, \u00f8jne og s\u00e5 videre. Og det kr\u00e6ver kort sagt en erfaren professionel.<\/p>","protected":false},"excerpt":{"rendered":"<p>Frisure er en af de ting, som kvinder generelt holder meget af. Og det er ikke s\u00e5 m\u00e6rkeligt, for det er frisuren, der kan lyse dit ansigt op og \u00e6ndre dit generelle udseende. Ligesom du kl\u00e6der dig efter din kropstype, b\u00f8r du ogs\u00e5 style dit h\u00e5r efter den. Mange af jer er m\u00e5ske ikke engang klar over det, men at blande jeres krop og ... <\/p>","protected":false},"author":2,"featured_media":862,"comment_status":"closed","ping_status":"closed","sticky":false,"template":"","format":"standard","meta":{"footnotes":""},"categories":[671],"tags":[746,747,745,743,734,748,733,741,742,744],"class_list":["post-861","post","type-post","status-publish","format-standard","has-post-thumbnail","hentry","category-moda","tag-blond","tag-cerne-vlasy","tag-dlouhe-vlasy","tag-kratky-uces","tag-postava","tag-sithle-zeny","tag-typ-postavy","tag-uces","tag-ucesy","tag-vlasy"],"yoast_head":"<!-- This site is optimized with the Yoast SEO plugin v27.4 - https:\/\/yoast.com\/product\/yoast-seo-wordpress\/ -->\n<title>\u00da\u010des si zvolte podle typu postavy - REGBU.COM<\/title>\n<meta name=\"description\" content=\"Nev\u00edte, jak\u00fd si nechat ud\u011blat \u00fa\u010des? Pak se V\u00e1m s nejv\u011bt\u0161\u0161\u00ed pravd\u011bpodobnost\u00ed stane vod\u00edtkem Va\u0161e vlastn\u00ed postava.\" \/>\n<meta name=\"robots\" content=\"index, follow, max-snippet:-1, max-image-preview:large, max-video-preview:-1\" \/>\n<link rel=\"canonical\" href=\"https:\/\/regbu.com\/da\/du-vaelger-af-tegn-type\/\" \/>\n<meta property=\"og:locale\" content=\"da_DK\" \/>\n<meta property=\"og:type\" content=\"article\" \/>\n<meta property=\"og:title\" content=\"\u00da\u010des si zvolte podle typu postavy - REGBU.COM\" \/>\n<meta property=\"og:description\" content=\"Nev\u00edte, jak\u00fd si nechat ud\u011blat \u00fa\u010des? Pak se V\u00e1m s nejv\u011bt\u0161\u0161\u00ed pravd\u011bpodobnost\u00ed stane vod\u00edtkem Va\u0161e vlastn\u00ed postava.\" \/>\n<meta property=\"og:url\" content=\"https:\/\/regbu.com\/da\/du-vaelger-af-tegn-type\/\" \/>\n<meta property=\"og:site_name\" content=\"REGBU.COM\" \/>\n<meta property=\"article:published_time\" content=\"2023-06-19T16:28:21+00:00\" \/>\n<meta property=\"article:modified_time\" content=\"2025-09-05T05:42:17+00:00\" \/>\n<meta property=\"og:image\" content=\"https:\/\/regbu.com\/wp-content\/uploads\/2023\/06\/uves-si-zvolte-podle-typu-postavy.jpg\" \/>\n\t<meta property=\"og:image:width\" content=\"1200\" \/>\n\t<meta property=\"og:image:height\" content=\"680\" \/>\n\t<meta property=\"og:image:type\" content=\"image\/jpeg\" \/>\n<meta name=\"author\" content=\"George Martin\" \/>\n<meta name=\"twitter:card\" content=\"summary_large_image\" \/>\n<meta name=\"twitter:label1\" content=\"Skrevet af\" \/>\n\t<meta name=\"twitter:data1\" content=\"George Martin\" \/>\n\t<meta name=\"twitter:label2\" content=\"Estimeret l\u00e6setid\" \/>\n\t<meta name=\"twitter:data2\" content=\"2 minutter\" \/>\n<script type=\"application\/ld+json\" class=\"yoast-schema-graph\">{\"@context\":\"https:\\\/\\\/schema.org\",\"@graph\":[{\"@type\":\"Article\",\"@id\":\"https:\\\/\\\/regbu.com\\\/da\\\/du-vaelger-af-tegn-type\\\/#article\",\"isPartOf\":{\"@id\":\"https:\\\/\\\/regbu.com\\\/da\\\/du-vaelger-af-tegn-type\\\/\"},\"author\":{\"name\":\"George Martin\",\"@id\":\"https:\\\/\\\/regbu.com\\\/en\\\/#\\\/schema\\\/person\\\/94ea9deda2629771b8a9ced002f6784e\"},\"headline\":\"\u00da\u010des si zvolte podle typu postavy\",\"datePublished\":\"2023-06-19T16:28:21+00:00\",\"dateModified\":\"2025-09-05T05:42:17+00:00\",\"mainEntityOfPage\":{\"@id\":\"https:\\\/\\\/regbu.com\\\/da\\\/du-vaelger-af-tegn-type\\\/\"},\"wordCount\":427,\"image\":{\"@id\":\"https:\\\/\\\/regbu.com\\\/da\\\/du-vaelger-af-tegn-type\\\/#primaryimage\"},\"thumbnailUrl\":\"https:\\\/\\\/regbu.com\\\/wp-content\\\/uploads\\\/2023\\\/06\\\/uves-si-zvolte-podle-typu-postavy.jpg\",\"keywords\":[\"blond\",\"\u010dern\u00e9 vlasy\",\"dlouh\u00e9 vlasy\",\"kr\u00e1tk\u00fd \u00fa\u010des\",\"postava\",\"\u0161\u00edthl\u00e9 \u017eeny\",\"typ postavy\",\"\u00fa\u010des\",\"\u00fa\u010desy\",\"vlasy\"],\"articleSection\":[\"M\u00f3da\"],\"inLanguage\":\"da-DK\"},{\"@type\":[\"WebPage\",\"FAQPage\"],\"@id\":\"https:\\\/\\\/regbu.com\\\/da\\\/du-vaelger-af-tegn-type\\\/\",\"url\":\"https:\\\/\\\/regbu.com\\\/da\\\/du-vaelger-af-tegn-type\\\/\",\"name\":\"\u00da\u010des si zvolte podle typu postavy - REGBU.COM\",\"isPartOf\":{\"@id\":\"https:\\\/\\\/regbu.com\\\/en\\\/#website\"},\"primaryImageOfPage\":{\"@id\":\"https:\\\/\\\/regbu.com\\\/da\\\/du-vaelger-af-tegn-type\\\/#primaryimage\"},\"image\":{\"@id\":\"https:\\\/\\\/regbu.com\\\/da\\\/du-vaelger-af-tegn-type\\\/#primaryimage\"},\"thumbnailUrl\":\"https:\\\/\\\/regbu.com\\\/wp-content\\\/uploads\\\/2023\\\/06\\\/uves-si-zvolte-podle-typu-postavy.jpg\",\"datePublished\":\"2023-06-19T16:28:21+00:00\",\"dateModified\":\"2025-09-05T05:42:17+00:00\",\"author\":{\"@id\":\"https:\\\/\\\/regbu.com\\\/en\\\/#\\\/schema\\\/person\\\/94ea9deda2629771b8a9ced002f6784e\"},\"description\":\"Nev\u00edte, jak\u00fd si nechat ud\u011blat \u00fa\u010des? Pak se V\u00e1m s nejv\u011bt\u0161\u0161\u00ed pravd\u011bpodobnost\u00ed stane vod\u00edtkem Va\u0161e vlastn\u00ed postava.\",\"breadcrumb\":{\"@id\":\"https:\\\/\\\/regbu.com\\\/da\\\/du-vaelger-af-tegn-type\\\/#breadcrumb\"},\"mainEntity\":[{\"@id\":\"https:\\\/\\\/regbu.com\\\/da\\\/du-vaelger-af-tegn-type\\\/#faq-question-1687191753296\"},{\"@id\":\"https:\\\/\\\/regbu.com\\\/da\\\/du-vaelger-af-tegn-type\\\/#faq-question-1687191760588\"},{\"@id\":\"https:\\\/\\\/regbu.com\\\/da\\\/du-vaelger-af-tegn-type\\\/#faq-question-1687191768392\"},{\"@id\":\"https:\\\/\\\/regbu.com\\\/da\\\/du-vaelger-af-tegn-type\\\/#faq-question-1687191776217\"},{\"@id\":\"https:\\\/\\\/regbu.com\\\/da\\\/du-vaelger-af-tegn-type\\\/#faq-question-1687191783717\"}],\"inLanguage\":\"da-DK\",\"potentialAction\":[{\"@type\":\"ReadAction\",\"target\":[\"https:\\\/\\\/regbu.com\\\/da\\\/du-vaelger-af-tegn-type\\\/\"]}]},{\"@type\":\"ImageObject\",\"inLanguage\":\"da-DK\",\"@id\":\"https:\\\/\\\/regbu.com\\\/da\\\/du-vaelger-af-tegn-type\\\/#primaryimage\",\"url\":\"https:\\\/\\\/regbu.com\\\/wp-content\\\/uploads\\\/2023\\\/06\\\/uves-si-zvolte-podle-typu-postavy.jpg\",\"contentUrl\":\"https:\\\/\\\/regbu.com\\\/wp-content\\\/uploads\\\/2023\\\/06\\\/uves-si-zvolte-podle-typu-postavy.jpg\",\"width\":1200,\"height\":680,\"caption\":\"\u00da\u010des si zvolte podle typu postavy\"},{\"@type\":\"BreadcrumbList\",\"@id\":\"https:\\\/\\\/regbu.com\\\/da\\\/du-vaelger-af-tegn-type\\\/#breadcrumb\",\"itemListElement\":[{\"@type\":\"ListItem\",\"position\":1,\"name\":\"Home\",\"item\":\"https:\\\/\\\/regbu.com\\\/en\\\/\"},{\"@type\":\"ListItem\",\"position\":2,\"name\":\"\u00da\u010des si zvolte podle typu postavy\"}]},{\"@type\":\"WebSite\",\"@id\":\"https:\\\/\\\/regbu.com\\\/en\\\/#website\",\"url\":\"https:\\\/\\\/regbu.com\\\/en\\\/\",\"name\":\"REGBU.COM\",\"description\":\"\",\"potentialAction\":[{\"@type\":\"SearchAction\",\"target\":{\"@type\":\"EntryPoint\",\"urlTemplate\":\"https:\\\/\\\/regbu.com\\\/en\\\/?s={search_term_string}\"},\"query-input\":{\"@type\":\"PropertyValueSpecification\",\"valueRequired\":true,\"valueName\":\"search_term_string\"}}],\"inLanguage\":\"da-DK\"},{\"@type\":\"Person\",\"@id\":\"https:\\\/\\\/regbu.com\\\/en\\\/#\\\/schema\\\/person\\\/94ea9deda2629771b8a9ced002f6784e\",\"name\":\"George Martin\",\"url\":\"https:\\\/\\\/regbu.com\\\/da\\\/author\\\/george-martin\\\/\"},{\"@type\":\"Question\",\"@id\":\"https:\\\/\\\/regbu.com\\\/da\\\/du-vaelger-af-tegn-type\\\/#faq-question-1687191753296\",\"position\":1,\"url\":\"https:\\\/\\\/regbu.com\\\/da\\\/du-vaelger-af-tegn-type\\\/#faq-question-1687191753296\",\"name\":\"Jak\u00fd \u00fa\u010des pro atletickou postavu?\",\"answerCount\":1,\"acceptedAnswer\":{\"@type\":\"Answer\",\"text\":\"S touto postavou si asi nemus\u00edte d\u011blat vr\u00e1sky na \u010dele. Slu\u0161et V\u00e1m bude jak\u00e1koliv \u00faprava vlas\u016f. A\u0165 u\u017e budou rovn\u00e9, vlnit\u00e9, kr\u00e1tk\u00e9 \u010di dlouh\u00e9.\",\"inLanguage\":\"da-DK\"},\"inLanguage\":\"da-DK\"},{\"@type\":\"Question\",\"@id\":\"https:\\\/\\\/regbu.com\\\/da\\\/du-vaelger-af-tegn-type\\\/#faq-question-1687191760588\",\"position\":2,\"url\":\"https:\\\/\\\/regbu.com\\\/da\\\/du-vaelger-af-tegn-type\\\/#faq-question-1687191760588\",\"name\":\"Jak\u00e1 \u00faprava vlas\u016f se pou\u017e\u00edv\u00e1 pro baculat\u011bj\u0161\u00ed \u017eeny?\",\"answerCount\":1,\"acceptedAnswer\":{\"@type\":\"Answer\",\"text\":\"Zde rozhodn\u011b zapome\u0148te na kr\u00e1tk\u00e9 sest\u0159ihy. Mnohem lep\u0161\u00ed se zdaj\u00ed st\u0159edn\u011b dlouh\u00e9 \u00fa\u010desy na ramena. Jemn\u00e9 lokny podpo\u0159te vhodn\u011b zvolenou barvou.\",\"inLanguage\":\"da-DK\"},\"inLanguage\":\"da-DK\"},{\"@type\":\"Question\",\"@id\":\"https:\\\/\\\/regbu.com\\\/da\\\/du-vaelger-af-tegn-type\\\/#faq-question-1687191768392\",\"position\":3,\"url\":\"https:\\\/\\\/regbu.com\\\/da\\\/du-vaelger-af-tegn-type\\\/#faq-question-1687191768392\",\"name\":\"Jak se maj\u00ed \u010desat \u017eeny s vysokou postavou?\",\"answerCount\":1,\"acceptedAnswer\":{\"@type\":\"Answer\",\"text\":\"V tomto p\u0159\u00edpad\u011b je dobr\u00e9 vyp\u00edchnout onu \u017eenskost, co\u017e provedete jak jinak ne\u017e dlouh\u00fdmi vlasy. Uva\u017eovat byste m\u011bli tak\u00e9 o tup\u00edrovan\u00e9m \u00fa\u010desu.\",\"inLanguage\":\"da-DK\"},\"inLanguage\":\"da-DK\"},{\"@type\":\"Question\",\"@id\":\"https:\\\/\\\/regbu.com\\\/da\\\/du-vaelger-af-tegn-type\\\/#faq-question-1687191776217\",\"position\":4,\"url\":\"https:\\\/\\\/regbu.com\\\/da\\\/du-vaelger-af-tegn-type\\\/#faq-question-1687191776217\",\"name\":\"Jak\u00e9 vlasy nejsou ide\u00e1ln\u00ed pro dlouhonoh\u00e9 a \u0161t\u00edhl\u00e9 \u017eeny?\",\"answerCount\":1,\"acceptedAnswer\":{\"@type\":\"Answer\",\"text\":\"Vyvarujte se kr\u00e1tk\u00fdm sest\u0159ih\u016fm, kter\u00e9 obvykle nejsou tou spr\u00e1vnou volbou. Nav\u00edc podporuj\u00ed sp\u00ed\u0161e mu\u017enost ne\u017e \u017eenskost.\",\"inLanguage\":\"da-DK\"},\"inLanguage\":\"da-DK\"},{\"@type\":\"Question\",\"@id\":\"https:\\\/\\\/regbu.com\\\/da\\\/du-vaelger-af-tegn-type\\\/#faq-question-1687191783717\",\"position\":5,\"url\":\"https:\\\/\\\/regbu.com\\\/da\\\/du-vaelger-af-tegn-type\\\/#faq-question-1687191783717\",\"name\":\"Jak\u00e9 barvy vlas\u016f ze\u0161t\u00edhluj\u00ed?\",\"answerCount\":1,\"acceptedAnswer\":{\"@type\":\"Answer\",\"text\":\"Tady plat\u00ed to sam\u00e9, jako u oble\u010den\u00ed. Tmav\u0161\u00ed barva ze\u0161t\u00edhluje, naopak sv\u011btl\u00e1 blond p\u0159id\u00e1v\u00e1.\",\"inLanguage\":\"da-DK\"},\"inLanguage\":\"da-DK\"}]}<\/script>\n<!-- \/ Yoast SEO plugin. -->","yoast_head_json":{"title":"V\u00e6lg din frisure efter din kropstype - REGBU.COM","description":"Ved du ikke, hvilken slags frisure du skal have? S\u00e5 vil din egen figur h\u00f8jst sandsynligt blive din guide.","robots":{"index":"index","follow":"follow","max-snippet":"max-snippet:-1","max-image-preview":"max-image-preview:large","max-video-preview":"max-video-preview:-1"},"canonical":"https:\/\/regbu.com\/da\/du-vaelger-af-tegn-type\/","og_locale":"da_DK","og_type":"article","og_title":"\u00da\u010des si zvolte podle typu postavy - REGBU.COM","og_description":"Nev\u00edte, jak\u00fd si nechat ud\u011blat \u00fa\u010des? Pak se V\u00e1m s nejv\u011bt\u0161\u0161\u00ed pravd\u011bpodobnost\u00ed stane vod\u00edtkem Va\u0161e vlastn\u00ed postava.","og_url":"https:\/\/regbu.com\/da\/du-vaelger-af-tegn-type\/","og_site_name":"REGBU.COM","article_published_time":"2023-06-19T16:28:21+00:00","article_modified_time":"2025-09-05T05:42:17+00:00","og_image":[{"width":1200,"height":680,"url":"https:\/\/regbu.com\/wp-content\/uploads\/2023\/06\/uves-si-zvolte-podle-typu-postavy.jpg","type":"image\/jpeg"}],"author":"George Martin","twitter_card":"summary_large_image","twitter_misc":{"Skrevet af":"George Martin","Estimeret l\u00e6setid":"2 minutter"},"schema":{"@context":"https:\/\/schema.org","@graph":[{"@type":"Article","@id":"https:\/\/regbu.com\/da\/du-vaelger-af-tegn-type\/#article","isPartOf":{"@id":"https:\/\/regbu.com\/da\/du-vaelger-af-tegn-type\/"},"author":{"name":"George Martin","@id":"https:\/\/regbu.com\/en\/#\/schema\/person\/94ea9deda2629771b8a9ced002f6784e"},"headline":"\u00da\u010des si zvolte podle typu postavy","datePublished":"2023-06-19T16:28:21+00:00","dateModified":"2025-09-05T05:42:17+00:00","mainEntityOfPage":{"@id":"https:\/\/regbu.com\/da\/du-vaelger-af-tegn-type\/"},"wordCount":427,"image":{"@id":"https:\/\/regbu.com\/da\/du-vaelger-af-tegn-type\/#primaryimage"},"thumbnailUrl":"https:\/\/regbu.com\/wp-content\/uploads\/2023\/06\/uves-si-zvolte-podle-typu-postavy.jpg","keywords":["blond","\u010dern\u00e9 vlasy","dlouh\u00e9 vlasy","kr\u00e1tk\u00fd \u00fa\u010des","postava","\u0161\u00edthl\u00e9 \u017eeny","typ postavy","\u00fa\u010des","\u00fa\u010desy","vlasy"],"articleSection":["M\u00f3da"],"inLanguage":"da-DK"},{"@type":["WebPage","FAQPage"],"@id":"https:\/\/regbu.com\/da\/du-vaelger-af-tegn-type\/","url":"https:\/\/regbu.com\/da\/du-vaelger-af-tegn-type\/","name":"V\u00e6lg din frisure efter din kropstype - REGBU.COM","isPartOf":{"@id":"https:\/\/regbu.com\/en\/#website"},"primaryImageOfPage":{"@id":"https:\/\/regbu.com\/da\/du-vaelger-af-tegn-type\/#primaryimage"},"image":{"@id":"https:\/\/regbu.com\/da\/du-vaelger-af-tegn-type\/#primaryimage"},"thumbnailUrl":"https:\/\/regbu.com\/wp-content\/uploads\/2023\/06\/uves-si-zvolte-podle-typu-postavy.jpg","datePublished":"2023-06-19T16:28:21+00:00","dateModified":"2025-09-05T05:42:17+00:00","author":{"@id":"https:\/\/regbu.com\/en\/#\/schema\/person\/94ea9deda2629771b8a9ced002f6784e"},"description":"Ved du ikke, hvilken slags frisure du skal have? S\u00e5 vil din egen figur h\u00f8jst sandsynligt blive din guide.","breadcrumb":{"@id":"https:\/\/regbu.com\/da\/du-vaelger-af-tegn-type\/#breadcrumb"},"mainEntity":[{"@id":"https:\/\/regbu.com\/da\/du-vaelger-af-tegn-type\/#faq-question-1687191753296"},{"@id":"https:\/\/regbu.com\/da\/du-vaelger-af-tegn-type\/#faq-question-1687191760588"},{"@id":"https:\/\/regbu.com\/da\/du-vaelger-af-tegn-type\/#faq-question-1687191768392"},{"@id":"https:\/\/regbu.com\/da\/du-vaelger-af-tegn-type\/#faq-question-1687191776217"},{"@id":"https:\/\/regbu.com\/da\/du-vaelger-af-tegn-type\/#faq-question-1687191783717"}],"inLanguage":"da-DK","potentialAction":[{"@type":"ReadAction","target":["https:\/\/regbu.com\/da\/du-vaelger-af-tegn-type\/"]}]},{"@type":"ImageObject","inLanguage":"da-DK","@id":"https:\/\/regbu.com\/da\/du-vaelger-af-tegn-type\/#primaryimage","url":"https:\/\/regbu.com\/wp-content\/uploads\/2023\/06\/uves-si-zvolte-podle-typu-postavy.jpg","contentUrl":"https:\/\/regbu.com\/wp-content\/uploads\/2023\/06\/uves-si-zvolte-podle-typu-postavy.jpg","width":1200,"height":680,"caption":"\u00da\u010des si zvolte podle typu postavy"},{"@type":"BreadcrumbList","@id":"https:\/\/regbu.com\/da\/du-vaelger-af-tegn-type\/#breadcrumb","itemListElement":[{"@type":"ListItem","position":1,"name":"Home","item":"https:\/\/regbu.com\/en\/"},{"@type":"ListItem","position":2,"name":"\u00da\u010des si zvolte podle typu postavy"}]},{"@type":"WebSite","@id":"https:\/\/regbu.com\/en\/#website","url":"https:\/\/regbu.com\/en\/","name":"REGBU.COM","description":"","potentialAction":[{"@type":"SearchAction","target":{"@type":"EntryPoint","urlTemplate":"https:\/\/regbu.com\/en\/?s={search_term_string}"},"query-input":{"@type":"PropertyValueSpecification","valueRequired":true,"valueName":"search_term_string"}}],"inLanguage":"da-DK"},{"@type":"Person","@id":"https:\/\/regbu.com\/en\/#\/schema\/person\/94ea9deda2629771b8a9ced002f6784e","name":"George Martin","url":"https:\/\/regbu.com\/da\/author\/george-martin\/"},{"@type":"Question","@id":"https:\/\/regbu.com\/da\/du-vaelger-af-tegn-type\/#faq-question-1687191753296","position":1,"url":"https:\/\/regbu.com\/da\/du-vaelger-af-tegn-type\/#faq-question-1687191753296","name":"Hvilken frisure til en atletisk figur?","answerCount":1,"acceptedAnswer":{"@type":"Answer","text":"S touto postavou si asi nemus\u00edte d\u011blat vr\u00e1sky na \u010dele. Slu\u0161et V\u00e1m bude jak\u00e1koliv \u00faprava vlas\u016f. A\u0165 u\u017e budou rovn\u00e9, vlnit\u00e9, kr\u00e1tk\u00e9 \u010di dlouh\u00e9.","inLanguage":"da-DK"},"inLanguage":"da-DK"},{"@type":"Question","@id":"https:\/\/regbu.com\/da\/du-vaelger-af-tegn-type\/#faq-question-1687191760588","position":2,"url":"https:\/\/regbu.com\/da\/du-vaelger-af-tegn-type\/#faq-question-1687191760588","name":"Hvilken h\u00e5rstyling bruges til fyldigere kvinder?","answerCount":1,"acceptedAnswer":{"@type":"Answer","text":"Zde rozhodn\u011b zapome\u0148te na kr\u00e1tk\u00e9 sest\u0159ihy. Mnohem lep\u0161\u00ed se zdaj\u00ed st\u0159edn\u011b dlouh\u00e9 \u00fa\u010desy na ramena. Jemn\u00e9 lokny podpo\u0159te vhodn\u011b zvolenou barvou.","inLanguage":"da-DK"},"inLanguage":"da-DK"},{"@type":"Question","@id":"https:\/\/regbu.com\/da\/du-vaelger-af-tegn-type\/#faq-question-1687191768392","position":3,"url":"https:\/\/regbu.com\/da\/du-vaelger-af-tegn-type\/#faq-question-1687191768392","name":"Hvordan skal h\u00f8je kvinder rede deres h\u00e5r?","answerCount":1,"acceptedAnswer":{"@type":"Answer","text":"V tomto p\u0159\u00edpad\u011b je dobr\u00e9 vyp\u00edchnout onu \u017eenskost, co\u017e provedete jak jinak ne\u017e dlouh\u00fdmi vlasy. Uva\u017eovat byste m\u011bli tak\u00e9 o tup\u00edrovan\u00e9m \u00fa\u010desu.","inLanguage":"da-DK"},"inLanguage":"da-DK"},{"@type":"Question","@id":"https:\/\/regbu.com\/da\/du-vaelger-af-tegn-type\/#faq-question-1687191776217","position":4,"url":"https:\/\/regbu.com\/da\/du-vaelger-af-tegn-type\/#faq-question-1687191776217","name":"Hvilket h\u00e5r er ikke ideelt til langbenede og slanke kvinder?","answerCount":1,"acceptedAnswer":{"@type":"Answer","text":"Vyvarujte se kr\u00e1tk\u00fdm sest\u0159ih\u016fm, kter\u00e9 obvykle nejsou tou spr\u00e1vnou volbou. Nav\u00edc podporuj\u00ed sp\u00ed\u0161e mu\u017enost ne\u017e \u017eenskost.","inLanguage":"da-DK"},"inLanguage":"da-DK"},{"@type":"Question","@id":"https:\/\/regbu.com\/da\/du-vaelger-af-tegn-type\/#faq-question-1687191783717","position":5,"url":"https:\/\/regbu.com\/da\/du-vaelger-af-tegn-type\/#faq-question-1687191783717","name":"Hvilke h\u00e5rfarver slanker?","answerCount":1,"acceptedAnswer":{"@type":"Answer","text":"Tady plat\u00ed to sam\u00e9, jako u oble\u010den\u00ed. Tmav\u0161\u00ed barva ze\u0161t\u00edhluje, naopak sv\u011btl\u00e1 blond p\u0159id\u00e1v\u00e1.","inLanguage":"da-DK"},"inLanguage":"da-DK"}]}},"_links":{"self":[{"href":"https:\/\/regbu.com\/da\/wp-json\/wp\/v2\/posts\/861","targetHints":{"allow":["GET"]}}],"collection":[{"href":"https:\/\/regbu.com\/da\/wp-json\/wp\/v2\/posts"}],"about":[{"href":"https:\/\/regbu.com\/da\/wp-json\/wp\/v2\/types\/post"}],"author":[{"embeddable":true,"href":"https:\/\/regbu.com\/da\/wp-json\/wp\/v2\/users\/2"}],"replies":[{"embeddable":true,"href":"https:\/\/regbu.com\/da\/wp-json\/wp\/v2\/comments?post=861"}],"version-history":[{"count":2,"href":"https:\/\/regbu.com\/da\/wp-json\/wp\/v2\/posts\/861\/revisions"}],"predecessor-version":[{"id":878,"href":"https:\/\/regbu.com\/da\/wp-json\/wp\/v2\/posts\/861\/revisions\/878"}],"wp:featuredmedia":[{"embeddable":true,"href":"https:\/\/regbu.com\/da\/wp-json\/wp\/v2\/media\/862"}],"wp:attachment":[{"href":"https:\/\/regbu.com\/da\/wp-json\/wp\/v2\/media?parent=861"}],"wp:term":[{"taxonomy":"category","embeddable":true,"href":"https:\/\/regbu.com\/da\/wp-json\/wp\/v2\/categories?post=861"},{"taxonomy":"post_tag","embeddable":true,"href":"https:\/\/regbu.com\/da\/wp-json\/wp\/v2\/tags?post=861"}],"curies":[{"name":"wp","href":"https:\/\/api.w.org\/{rel}","templated":true}]}}