{"id":858,"date":"2023-06-19T18:21:03","date_gmt":"2023-06-19T16:21:03","guid":{"rendered":"https:\/\/regbu.com\/?p=858"},"modified":"2025-09-05T07:42:18","modified_gmt":"2025-09-05T05:42:18","slug":"typ-postavy-rozhoduje-o-letnich-satech","status":"publish","type":"post","link":"https:\/\/regbu.com\/da\/type-figur-beslutter-om-sommer-land\/","title":{"rendered":"Kropstypen bestemmer sommerkjolen"},"content":{"rendered":"<p>Kropstype er et ret vigtigt kriterium, n\u00e5r man v\u00e6lger t\u00f8j, og det g\u00e6lder i dobbelt forstand for kvinder. Da sommers\u00e6sonen helt klart er domineret af <strong>Kjole<\/strong>vil vi fokusere p\u00e5 deres valg i henhold til den overordnede kvindelige kropstype. Figuren kan antage forskellige former.<\/p>\n\n\n\n<ul class=\"wp-block-list\">\n<li>P\u00e6re<\/li>\n\n\n\n<li>Rektangel<\/li>\n\n\n\n<li>\u00c6ble<\/li>\n<\/ul>\n\n\n\n<p>Nogle kvinder har en krop, der ligner <em>Inverteret trekant<\/em>Andre er timeglas. De kan alle se smukke ud. Du skal bare v\u00e6lge den rigtige kjole i forhold til din specifikke kropstype. S\u00e5 vil den p\u00e5g\u00e6ldende bekl\u00e6dningsgenstand skille sig ud i s\u00e5 h\u00f8j grad som muligt.<\/p>\n\n\n\n<h2 class=\"wp-block-heading\">Sommerkjole til p\u00e6rer<\/h2>\n\n\n\n<p>Er du en af de kvinder, der elsker moderne <strong><a href=\"https:\/\/regbu.com\/da\/mode-stilarter-samtidige-perioder\/\">modestilarter<\/a><\/strong> og har du en p\u00e6reformet kropstype? S\u00e5 har vi et praktisk tip til dig. V\u00e6lg en A-line nederdel, som slutter over kn\u00e6et. Det er en nederdel, der starter ved taljen. Den vil fremh\u00e6ve dine kurver. Du b\u00f8r undg\u00e5 fl\u00e6ser.<\/p>\n\n\n\n<h3 class=\"wp-block-heading\">Kropstype og passende p\u00e5kl\u00e6dning<\/h3>\n\n\n\n<p>Og hvad hvis du har en \u00e6bleformet figur? S\u00e5 glem alt om <strong>A-formede nederdele<\/strong> og g\u00e5 i en helt anden retning. Dit m\u00e5l m\u00e5 v\u00e6re at slanke din figur. S\u00e5 g\u00e5 efter en h\u00f8jere halsudsk\u00e6ring, og underst\u00f8t den nederste del af kjolen med farverige dekorationer. De vil give din figur et perfekt l\u00f8ft.<\/p>\n\n\n\n<div class=\"schema-faq wp-block-yoast-faq-block\"><div class=\"schema-faq-section\" id=\"faq-question-1687191497842\"><strong class=\"schema-faq-question\">Hvilken kjole skal man v\u00e6lge til en rektangul\u00e6r figur?<\/strong> <p class=\"schema-faq-answer\">Kortere kjoler er bedre til denne kropstype. Du b\u00f8r ogs\u00e5 g\u00e5 efter en t\u00e6tsiddende top. Brug samtidig et b\u00e6lte til at fremh\u00e6ve de feminine kurver yderligere.<\/p> <\/div> <div class=\"schema-faq-section\" id=\"faq-question-1687191504587\"><strong class=\"schema-faq-question\">Hvad er den ideelle figur til en sommerkjole?<\/strong> <p class=\"schema-faq-answer\">Ingen bekymringer og dilemmaer, du beh\u00f8ver ikke at besk\u00e6ftige dig med en timeglasfigur. Det er dybest set den ideelle kvindelige figur.<\/p> <\/div> <div class=\"schema-faq-section\" id=\"faq-question-1687191512138\"><strong class=\"schema-faq-question\">Findes der gode kjoler til mindre kvinder?<\/strong> <p class=\"schema-faq-answer\">S\u00f8rg for at fokusere p\u00e5 kjoler med en l\u00e6ngde over kn\u00e6et. V\u00e6lg lodrette m\u00f8nstre for at fremh\u00e6ve din figur visuelt.<\/p> <\/div> <div class=\"schema-faq-section\" id=\"faq-question-1687191520369\"><strong class=\"schema-faq-question\">Hvilken slags kjole passer til en omvendt trekant?<\/strong> <p class=\"schema-faq-answer\">Har du bredere skuldre og st\u00f8rre bryster? S\u00e5 fortvivl ikke, for en v-hals er perfekt til dig. Brug farve til at fors\u00f8ge at indsn\u00e6vre toppen af kjolen. Nederst kan du tillade dig en h\u00f8jere slids.<\/p> <\/div> <div class=\"schema-faq-section\" id=\"faq-question-1687191529353\"><strong class=\"schema-faq-question\">Hvilken farve skal man v\u00e6lge til en sommerkjole?<\/strong> <p class=\"schema-faq-answer\">Bas\u00e9r det p\u00e5 din kropstype. Du kan satse p\u00e5 monokrome kjoler og lyse farver.<\/p> <\/div> <\/div>","protected":false},"excerpt":{"rendered":"<p>Kropstype er et ret vigtigt kriterium, n\u00e5r man v\u00e6lger t\u00f8j, og det g\u00e6lder dobbelt s\u00e5 meget for kvinder. Da sommers\u00e6sonen helt klart er domineret af kjoler, vil vi fokusere p\u00e5 deres valg i henhold til den overordnede kvindelige kropstype. Figuren kan antage forskellige former. Nogle kvinder har en omvendt trekantkrop, andre har en timeglaskrop. Alle ... <\/p>","protected":false},"author":2,"featured_media":859,"comment_status":"closed","ping_status":"closed","sticky":false,"template":"","format":"standard","meta":{"footnotes":""},"categories":[671],"tags":[739,740,737,80,735,716,736,734,730,738,733],"class_list":["post-858","post","type-post","status-publish","format-standard","has-post-thumbnail","hentry","category-moda","tag-ackova-sukne","tag-barva","tag-hruska","tag-jablko","tag-letni-saty","tag-moda","tag-obdelnik","tag-postava","tag-saty","tag-sukne","tag-typ-postavy"],"yoast_head":"<!-- This site is optimized with the Yoast SEO plugin v27.4 - https:\/\/yoast.com\/product\/yoast-seo-wordpress\/ -->\n<title>Typ postavy rozhoduje o letn\u00edch \u0161atech - REGBU.COM<\/title>\n<meta name=\"description\" content=\"Zjist\u011bte, jak\u00fd m\u00e1te typ postavy a pak si podle toho vybrat letn\u00ed \u0161aty. Uvid\u00edte, \u017ee V\u00e1m padnou p\u0159\u00edmo na t\u011blo.\" \/>\n<meta name=\"robots\" content=\"index, follow, max-snippet:-1, max-image-preview:large, max-video-preview:-1\" \/>\n<link rel=\"canonical\" href=\"https:\/\/regbu.com\/da\/type-figur-beslutter-om-sommer-land\/\" \/>\n<meta property=\"og:locale\" content=\"da_DK\" \/>\n<meta property=\"og:type\" content=\"article\" \/>\n<meta property=\"og:title\" content=\"Typ postavy rozhoduje o letn\u00edch \u0161atech - REGBU.COM\" \/>\n<meta property=\"og:description\" content=\"Zjist\u011bte, jak\u00fd m\u00e1te typ postavy a pak si podle toho vybrat letn\u00ed \u0161aty. Uvid\u00edte, \u017ee V\u00e1m padnou p\u0159\u00edmo na t\u011blo.\" \/>\n<meta property=\"og:url\" content=\"https:\/\/regbu.com\/da\/type-figur-beslutter-om-sommer-land\/\" \/>\n<meta property=\"og:site_name\" content=\"REGBU.COM\" \/>\n<meta property=\"article:published_time\" content=\"2023-06-19T16:21:03+00:00\" \/>\n<meta property=\"article:modified_time\" content=\"2025-09-05T05:42:18+00:00\" \/>\n<meta property=\"og:image\" content=\"https:\/\/regbu.com\/wp-content\/uploads\/2023\/06\/typ-postavy-rozhoduje-o-letnich-satech.jpg\" \/>\n\t<meta property=\"og:image:width\" content=\"1200\" \/>\n\t<meta property=\"og:image:height\" content=\"679\" \/>\n\t<meta property=\"og:image:type\" content=\"image\/jpeg\" \/>\n<meta name=\"author\" content=\"George Martin\" \/>\n<meta name=\"twitter:card\" content=\"summary_large_image\" \/>\n<meta name=\"twitter:label1\" content=\"Skrevet af\" \/>\n\t<meta name=\"twitter:data1\" content=\"George Martin\" \/>\n\t<meta name=\"twitter:label2\" content=\"Estimeret l\u00e6setid\" \/>\n\t<meta name=\"twitter:data2\" content=\"2 minutter\" \/>\n<script type=\"application\/ld+json\" class=\"yoast-schema-graph\">{\"@context\":\"https:\\\/\\\/schema.org\",\"@graph\":[{\"@type\":\"Article\",\"@id\":\"https:\\\/\\\/regbu.com\\\/da\\\/type-figur-beslutter-om-sommer-land\\\/#article\",\"isPartOf\":{\"@id\":\"https:\\\/\\\/regbu.com\\\/da\\\/type-figur-beslutter-om-sommer-land\\\/\"},\"author\":{\"name\":\"George Martin\",\"@id\":\"https:\\\/\\\/regbu.com\\\/en\\\/#\\\/schema\\\/person\\\/94ea9deda2629771b8a9ced002f6784e\"},\"headline\":\"Typ postavy rozhoduje o letn\u00edch \u0161atech\",\"datePublished\":\"2023-06-19T16:21:03+00:00\",\"dateModified\":\"2025-09-05T05:42:18+00:00\",\"mainEntityOfPage\":{\"@id\":\"https:\\\/\\\/regbu.com\\\/da\\\/type-figur-beslutter-om-sommer-land\\\/\"},\"wordCount\":458,\"image\":{\"@id\":\"https:\\\/\\\/regbu.com\\\/da\\\/type-figur-beslutter-om-sommer-land\\\/#primaryimage\"},\"thumbnailUrl\":\"https:\\\/\\\/regbu.com\\\/wp-content\\\/uploads\\\/2023\\\/06\\\/typ-postavy-rozhoduje-o-letnich-satech.jpg\",\"keywords\":[\"\u00e1\u010dkov\u00e1 sukn\u011b\",\"barva\",\"hru\u0161ka\",\"jablko\",\"letn\u00ed \u0161aty\",\"m\u00f3da\",\"obd\u00e9ln\u00edk\",\"postava\",\"\u0161aty\",\"sukn\u011b\",\"typ postavy\"],\"articleSection\":[\"M\u00f3da\"],\"inLanguage\":\"da-DK\"},{\"@type\":[\"WebPage\",\"FAQPage\"],\"@id\":\"https:\\\/\\\/regbu.com\\\/da\\\/type-figur-beslutter-om-sommer-land\\\/\",\"url\":\"https:\\\/\\\/regbu.com\\\/da\\\/type-figur-beslutter-om-sommer-land\\\/\",\"name\":\"Typ postavy rozhoduje o letn\u00edch \u0161atech - REGBU.COM\",\"isPartOf\":{\"@id\":\"https:\\\/\\\/regbu.com\\\/en\\\/#website\"},\"primaryImageOfPage\":{\"@id\":\"https:\\\/\\\/regbu.com\\\/da\\\/type-figur-beslutter-om-sommer-land\\\/#primaryimage\"},\"image\":{\"@id\":\"https:\\\/\\\/regbu.com\\\/da\\\/type-figur-beslutter-om-sommer-land\\\/#primaryimage\"},\"thumbnailUrl\":\"https:\\\/\\\/regbu.com\\\/wp-content\\\/uploads\\\/2023\\\/06\\\/typ-postavy-rozhoduje-o-letnich-satech.jpg\",\"datePublished\":\"2023-06-19T16:21:03+00:00\",\"dateModified\":\"2025-09-05T05:42:18+00:00\",\"author\":{\"@id\":\"https:\\\/\\\/regbu.com\\\/en\\\/#\\\/schema\\\/person\\\/94ea9deda2629771b8a9ced002f6784e\"},\"description\":\"Zjist\u011bte, jak\u00fd m\u00e1te typ postavy a pak si podle toho vybrat letn\u00ed \u0161aty. Uvid\u00edte, \u017ee V\u00e1m padnou p\u0159\u00edmo na t\u011blo.\",\"breadcrumb\":{\"@id\":\"https:\\\/\\\/regbu.com\\\/da\\\/type-figur-beslutter-om-sommer-land\\\/#breadcrumb\"},\"mainEntity\":[{\"@id\":\"https:\\\/\\\/regbu.com\\\/da\\\/type-figur-beslutter-om-sommer-land\\\/#faq-question-1687191497842\"},{\"@id\":\"https:\\\/\\\/regbu.com\\\/da\\\/type-figur-beslutter-om-sommer-land\\\/#faq-question-1687191504587\"},{\"@id\":\"https:\\\/\\\/regbu.com\\\/da\\\/type-figur-beslutter-om-sommer-land\\\/#faq-question-1687191512138\"},{\"@id\":\"https:\\\/\\\/regbu.com\\\/da\\\/type-figur-beslutter-om-sommer-land\\\/#faq-question-1687191520369\"},{\"@id\":\"https:\\\/\\\/regbu.com\\\/da\\\/type-figur-beslutter-om-sommer-land\\\/#faq-question-1687191529353\"}],\"inLanguage\":\"da-DK\",\"potentialAction\":[{\"@type\":\"ReadAction\",\"target\":[\"https:\\\/\\\/regbu.com\\\/da\\\/type-figur-beslutter-om-sommer-land\\\/\"]}]},{\"@type\":\"ImageObject\",\"inLanguage\":\"da-DK\",\"@id\":\"https:\\\/\\\/regbu.com\\\/da\\\/type-figur-beslutter-om-sommer-land\\\/#primaryimage\",\"url\":\"https:\\\/\\\/regbu.com\\\/wp-content\\\/uploads\\\/2023\\\/06\\\/typ-postavy-rozhoduje-o-letnich-satech.jpg\",\"contentUrl\":\"https:\\\/\\\/regbu.com\\\/wp-content\\\/uploads\\\/2023\\\/06\\\/typ-postavy-rozhoduje-o-letnich-satech.jpg\",\"width\":1200,\"height\":679,\"caption\":\"Typ postavy rozhoduje o letn\u00edch \u0161atech\"},{\"@type\":\"BreadcrumbList\",\"@id\":\"https:\\\/\\\/regbu.com\\\/da\\\/type-figur-beslutter-om-sommer-land\\\/#breadcrumb\",\"itemListElement\":[{\"@type\":\"ListItem\",\"position\":1,\"name\":\"Home\",\"item\":\"https:\\\/\\\/regbu.com\\\/en\\\/\"},{\"@type\":\"ListItem\",\"position\":2,\"name\":\"Typ postavy rozhoduje o letn\u00edch \u0161atech\"}]},{\"@type\":\"WebSite\",\"@id\":\"https:\\\/\\\/regbu.com\\\/en\\\/#website\",\"url\":\"https:\\\/\\\/regbu.com\\\/en\\\/\",\"name\":\"REGBU.COM\",\"description\":\"\",\"potentialAction\":[{\"@type\":\"SearchAction\",\"target\":{\"@type\":\"EntryPoint\",\"urlTemplate\":\"https:\\\/\\\/regbu.com\\\/en\\\/?s={search_term_string}\"},\"query-input\":{\"@type\":\"PropertyValueSpecification\",\"valueRequired\":true,\"valueName\":\"search_term_string\"}}],\"inLanguage\":\"da-DK\"},{\"@type\":\"Person\",\"@id\":\"https:\\\/\\\/regbu.com\\\/en\\\/#\\\/schema\\\/person\\\/94ea9deda2629771b8a9ced002f6784e\",\"name\":\"George Martin\",\"url\":\"https:\\\/\\\/regbu.com\\\/da\\\/author\\\/george-martin\\\/\"},{\"@type\":\"Question\",\"@id\":\"https:\\\/\\\/regbu.com\\\/da\\\/type-figur-beslutter-om-sommer-land\\\/#faq-question-1687191497842\",\"position\":1,\"url\":\"https:\\\/\\\/regbu.com\\\/da\\\/type-figur-beslutter-om-sommer-land\\\/#faq-question-1687191497842\",\"name\":\"Jak\u00e9 \u0161aty zvolit pro postavu ve tvaru obd\u00e9ln\u00edku?\",\"answerCount\":1,\"acceptedAnswer\":{\"@type\":\"Answer\",\"text\":\"Pro tento typ postavy jsou lep\u0161\u00ed krat\u0161\u00ed \u0161aty. Zac\u00edlit byste m\u011bli tak\u00e9 na upnut\u00fd vr\u0161ek. Z\u00e1rove\u0148 pou\u017eijte p\u00e1sek, \u010d\u00edm\u017e je\u0161t\u011b v\u00edce zv\u00fdrazn\u00edte \u017eensk\u00e9 k\u0159ivky.\",\"inLanguage\":\"da-DK\"},\"inLanguage\":\"da-DK\"},{\"@type\":\"Question\",\"@id\":\"https:\\\/\\\/regbu.com\\\/da\\\/type-figur-beslutter-om-sommer-land\\\/#faq-question-1687191504587\",\"position\":2,\"url\":\"https:\\\/\\\/regbu.com\\\/da\\\/type-figur-beslutter-om-sommer-land\\\/#faq-question-1687191504587\",\"name\":\"Jak\u00e1 je ide\u00e1ln\u00ed postava pro letn\u00ed \u0161aty?\",\"answerCount\":1,\"acceptedAnswer\":{\"@type\":\"Answer\",\"text\":\"\u017d\u00e1dn\u00e9 starosti a dilema nemus\u00edte \u0159e\u0161it s postavou p\u0159es\u00fdpac\u00edch hodin. Jde v podstat\u011b o ide\u00e1ln\u00ed \u017eenskou postavu.\",\"inLanguage\":\"da-DK\"},\"inLanguage\":\"da-DK\"},{\"@type\":\"Question\",\"@id\":\"https:\\\/\\\/regbu.com\\\/da\\\/type-figur-beslutter-om-sommer-land\\\/#faq-question-1687191512138\",\"position\":3,\"url\":\"https:\\\/\\\/regbu.com\\\/da\\\/type-figur-beslutter-om-sommer-land\\\/#faq-question-1687191512138\",\"name\":\"Existuj\u00ed dobr\u00e9 \u0161aty pro men\u0161\u00ed \u017eeny?\",\"answerCount\":1,\"acceptedAnswer\":{\"@type\":\"Answer\",\"text\":\"Ur\u010dit\u011b se zam\u011b\u0159te na \u0161aty s d\u00e9lkou nad kolena. K optick\u00e9mu zv\u00fd\u0161en\u00ed postavy si pomozte volbou svisl\u00fdch vzor\u016f.\",\"inLanguage\":\"da-DK\"},\"inLanguage\":\"da-DK\"},{\"@type\":\"Question\",\"@id\":\"https:\\\/\\\/regbu.com\\\/da\\\/type-figur-beslutter-om-sommer-land\\\/#faq-question-1687191520369\",\"position\":4,\"url\":\"https:\\\/\\\/regbu.com\\\/da\\\/type-figur-beslutter-om-sommer-land\\\/#faq-question-1687191520369\",\"name\":\"Jak\u00e9 \u0161aty jsou vhodn\u00e9 pro obr\u00e1cen\u00fd troj\u00faheln\u00edk?\",\"answerCount\":1,\"acceptedAnswer\":{\"@type\":\"Answer\",\"text\":\"M\u00e1te \u0161ir\u0161\u00ed ramena a v\u011bt\u0161\u00ed prsa? Pak nezoufejte, proto\u017ee pro V\u00e1s je ide\u00e1ln\u00ed v\u00e9\u010dkov\u00fd v\u00fdst\u0159ih. S pomoc\u00ed barvy se sna\u017ete z\u00fa\u017eit vrchn\u00ed \u010d\u00e1st \u0161at\u016f. U spodku si m\u016f\u017eete dovolit vy\u0161\u0161\u00ed rozparek.\",\"inLanguage\":\"da-DK\"},\"inLanguage\":\"da-DK\"},{\"@type\":\"Question\",\"@id\":\"https:\\\/\\\/regbu.com\\\/da\\\/type-figur-beslutter-om-sommer-land\\\/#faq-question-1687191529353\",\"position\":5,\"url\":\"https:\\\/\\\/regbu.com\\\/da\\\/type-figur-beslutter-om-sommer-land\\\/#faq-question-1687191529353\",\"name\":\"Jakou volit barvu pro letn\u00ed \u0161aty?\",\"answerCount\":1,\"acceptedAnswer\":{\"@type\":\"Answer\",\"text\":\"Vych\u00e1zejte z toho, jak\u00fd m\u00e1te typ postavy. Vsadit m\u016f\u017eete na jednobarevn\u00e9 \u0161aty a pestr\u00e9 barvy.\",\"inLanguage\":\"da-DK\"},\"inLanguage\":\"da-DK\"}]}<\/script>\n<!-- \/ Yoast SEO plugin. -->","yoast_head_json":{"title":"Kropstypen bestemmer sommerkjolen - REGBU.COM","description":"Find ud af din kropstype, og v\u00e6lg din sommerkjole derefter. Du vil se, at den sidder som den skal p\u00e5 din krop.","robots":{"index":"index","follow":"follow","max-snippet":"max-snippet:-1","max-image-preview":"max-image-preview:large","max-video-preview":"max-video-preview:-1"},"canonical":"https:\/\/regbu.com\/da\/type-figur-beslutter-om-sommer-land\/","og_locale":"da_DK","og_type":"article","og_title":"Typ postavy rozhoduje o letn\u00edch \u0161atech - REGBU.COM","og_description":"Zjist\u011bte, jak\u00fd m\u00e1te typ postavy a pak si podle toho vybrat letn\u00ed \u0161aty. Uvid\u00edte, \u017ee V\u00e1m padnou p\u0159\u00edmo na t\u011blo.","og_url":"https:\/\/regbu.com\/da\/type-figur-beslutter-om-sommer-land\/","og_site_name":"REGBU.COM","article_published_time":"2023-06-19T16:21:03+00:00","article_modified_time":"2025-09-05T05:42:18+00:00","og_image":[{"width":1200,"height":679,"url":"https:\/\/regbu.com\/wp-content\/uploads\/2023\/06\/typ-postavy-rozhoduje-o-letnich-satech.jpg","type":"image\/jpeg"}],"author":"George Martin","twitter_card":"summary_large_image","twitter_misc":{"Skrevet af":"George Martin","Estimeret l\u00e6setid":"2 minutter"},"schema":{"@context":"https:\/\/schema.org","@graph":[{"@type":"Article","@id":"https:\/\/regbu.com\/da\/type-figur-beslutter-om-sommer-land\/#article","isPartOf":{"@id":"https:\/\/regbu.com\/da\/type-figur-beslutter-om-sommer-land\/"},"author":{"name":"George Martin","@id":"https:\/\/regbu.com\/en\/#\/schema\/person\/94ea9deda2629771b8a9ced002f6784e"},"headline":"Typ postavy rozhoduje o letn\u00edch \u0161atech","datePublished":"2023-06-19T16:21:03+00:00","dateModified":"2025-09-05T05:42:18+00:00","mainEntityOfPage":{"@id":"https:\/\/regbu.com\/da\/type-figur-beslutter-om-sommer-land\/"},"wordCount":458,"image":{"@id":"https:\/\/regbu.com\/da\/type-figur-beslutter-om-sommer-land\/#primaryimage"},"thumbnailUrl":"https:\/\/regbu.com\/wp-content\/uploads\/2023\/06\/typ-postavy-rozhoduje-o-letnich-satech.jpg","keywords":["\u00e1\u010dkov\u00e1 sukn\u011b","barva","hru\u0161ka","jablko","letn\u00ed \u0161aty","m\u00f3da","obd\u00e9ln\u00edk","postava","\u0161aty","sukn\u011b","typ postavy"],"articleSection":["M\u00f3da"],"inLanguage":"da-DK"},{"@type":["WebPage","FAQPage"],"@id":"https:\/\/regbu.com\/da\/type-figur-beslutter-om-sommer-land\/","url":"https:\/\/regbu.com\/da\/type-figur-beslutter-om-sommer-land\/","name":"Kropstypen bestemmer sommerkjolen - REGBU.COM","isPartOf":{"@id":"https:\/\/regbu.com\/en\/#website"},"primaryImageOfPage":{"@id":"https:\/\/regbu.com\/da\/type-figur-beslutter-om-sommer-land\/#primaryimage"},"image":{"@id":"https:\/\/regbu.com\/da\/type-figur-beslutter-om-sommer-land\/#primaryimage"},"thumbnailUrl":"https:\/\/regbu.com\/wp-content\/uploads\/2023\/06\/typ-postavy-rozhoduje-o-letnich-satech.jpg","datePublished":"2023-06-19T16:21:03+00:00","dateModified":"2025-09-05T05:42:18+00:00","author":{"@id":"https:\/\/regbu.com\/en\/#\/schema\/person\/94ea9deda2629771b8a9ced002f6784e"},"description":"Find ud af din kropstype, og v\u00e6lg din sommerkjole derefter. Du vil se, at den sidder som den skal p\u00e5 din krop.","breadcrumb":{"@id":"https:\/\/regbu.com\/da\/type-figur-beslutter-om-sommer-land\/#breadcrumb"},"mainEntity":[{"@id":"https:\/\/regbu.com\/da\/type-figur-beslutter-om-sommer-land\/#faq-question-1687191497842"},{"@id":"https:\/\/regbu.com\/da\/type-figur-beslutter-om-sommer-land\/#faq-question-1687191504587"},{"@id":"https:\/\/regbu.com\/da\/type-figur-beslutter-om-sommer-land\/#faq-question-1687191512138"},{"@id":"https:\/\/regbu.com\/da\/type-figur-beslutter-om-sommer-land\/#faq-question-1687191520369"},{"@id":"https:\/\/regbu.com\/da\/type-figur-beslutter-om-sommer-land\/#faq-question-1687191529353"}],"inLanguage":"da-DK","potentialAction":[{"@type":"ReadAction","target":["https:\/\/regbu.com\/da\/type-figur-beslutter-om-sommer-land\/"]}]},{"@type":"ImageObject","inLanguage":"da-DK","@id":"https:\/\/regbu.com\/da\/type-figur-beslutter-om-sommer-land\/#primaryimage","url":"https:\/\/regbu.com\/wp-content\/uploads\/2023\/06\/typ-postavy-rozhoduje-o-letnich-satech.jpg","contentUrl":"https:\/\/regbu.com\/wp-content\/uploads\/2023\/06\/typ-postavy-rozhoduje-o-letnich-satech.jpg","width":1200,"height":679,"caption":"Typ postavy rozhoduje o letn\u00edch \u0161atech"},{"@type":"BreadcrumbList","@id":"https:\/\/regbu.com\/da\/type-figur-beslutter-om-sommer-land\/#breadcrumb","itemListElement":[{"@type":"ListItem","position":1,"name":"Home","item":"https:\/\/regbu.com\/en\/"},{"@type":"ListItem","position":2,"name":"Typ postavy rozhoduje o letn\u00edch \u0161atech"}]},{"@type":"WebSite","@id":"https:\/\/regbu.com\/en\/#website","url":"https:\/\/regbu.com\/en\/","name":"REGBU.COM","description":"","potentialAction":[{"@type":"SearchAction","target":{"@type":"EntryPoint","urlTemplate":"https:\/\/regbu.com\/en\/?s={search_term_string}"},"query-input":{"@type":"PropertyValueSpecification","valueRequired":true,"valueName":"search_term_string"}}],"inLanguage":"da-DK"},{"@type":"Person","@id":"https:\/\/regbu.com\/en\/#\/schema\/person\/94ea9deda2629771b8a9ced002f6784e","name":"George Martin","url":"https:\/\/regbu.com\/da\/author\/george-martin\/"},{"@type":"Question","@id":"https:\/\/regbu.com\/da\/type-figur-beslutter-om-sommer-land\/#faq-question-1687191497842","position":1,"url":"https:\/\/regbu.com\/da\/type-figur-beslutter-om-sommer-land\/#faq-question-1687191497842","name":"Hvilken kjole skal man v\u00e6lge til en rektangul\u00e6r figur?","answerCount":1,"acceptedAnswer":{"@type":"Answer","text":"Pro tento typ postavy jsou lep\u0161\u00ed krat\u0161\u00ed \u0161aty. Zac\u00edlit byste m\u011bli tak\u00e9 na upnut\u00fd vr\u0161ek. Z\u00e1rove\u0148 pou\u017eijte p\u00e1sek, \u010d\u00edm\u017e je\u0161t\u011b v\u00edce zv\u00fdrazn\u00edte \u017eensk\u00e9 k\u0159ivky.","inLanguage":"da-DK"},"inLanguage":"da-DK"},{"@type":"Question","@id":"https:\/\/regbu.com\/da\/type-figur-beslutter-om-sommer-land\/#faq-question-1687191504587","position":2,"url":"https:\/\/regbu.com\/da\/type-figur-beslutter-om-sommer-land\/#faq-question-1687191504587","name":"Hvad er den ideelle figur til en sommerkjole?","answerCount":1,"acceptedAnswer":{"@type":"Answer","text":"\u017d\u00e1dn\u00e9 starosti a dilema nemus\u00edte \u0159e\u0161it s postavou p\u0159es\u00fdpac\u00edch hodin. Jde v podstat\u011b o ide\u00e1ln\u00ed \u017eenskou postavu.","inLanguage":"da-DK"},"inLanguage":"da-DK"},{"@type":"Question","@id":"https:\/\/regbu.com\/da\/type-figur-beslutter-om-sommer-land\/#faq-question-1687191512138","position":3,"url":"https:\/\/regbu.com\/da\/type-figur-beslutter-om-sommer-land\/#faq-question-1687191512138","name":"Findes der gode kjoler til mindre kvinder?","answerCount":1,"acceptedAnswer":{"@type":"Answer","text":"Ur\u010dit\u011b se zam\u011b\u0159te na \u0161aty s d\u00e9lkou nad kolena. K optick\u00e9mu zv\u00fd\u0161en\u00ed postavy si pomozte volbou svisl\u00fdch vzor\u016f.","inLanguage":"da-DK"},"inLanguage":"da-DK"},{"@type":"Question","@id":"https:\/\/regbu.com\/da\/type-figur-beslutter-om-sommer-land\/#faq-question-1687191520369","position":4,"url":"https:\/\/regbu.com\/da\/type-figur-beslutter-om-sommer-land\/#faq-question-1687191520369","name":"Hvilken slags kjole passer til en omvendt trekant?","answerCount":1,"acceptedAnswer":{"@type":"Answer","text":"M\u00e1te \u0161ir\u0161\u00ed ramena a v\u011bt\u0161\u00ed prsa? Pak nezoufejte, proto\u017ee pro V\u00e1s je ide\u00e1ln\u00ed v\u00e9\u010dkov\u00fd v\u00fdst\u0159ih. S pomoc\u00ed barvy se sna\u017ete z\u00fa\u017eit vrchn\u00ed \u010d\u00e1st \u0161at\u016f. U spodku si m\u016f\u017eete dovolit vy\u0161\u0161\u00ed rozparek.","inLanguage":"da-DK"},"inLanguage":"da-DK"},{"@type":"Question","@id":"https:\/\/regbu.com\/da\/type-figur-beslutter-om-sommer-land\/#faq-question-1687191529353","position":5,"url":"https:\/\/regbu.com\/da\/type-figur-beslutter-om-sommer-land\/#faq-question-1687191529353","name":"Hvilken farve skal man v\u00e6lge til en sommerkjole?","answerCount":1,"acceptedAnswer":{"@type":"Answer","text":"Vych\u00e1zejte z toho, jak\u00fd m\u00e1te typ postavy. Vsadit m\u016f\u017eete na jednobarevn\u00e9 \u0161aty a pestr\u00e9 barvy.","inLanguage":"da-DK"},"inLanguage":"da-DK"}]}},"_links":{"self":[{"href":"https:\/\/regbu.com\/da\/wp-json\/wp\/v2\/posts\/858","targetHints":{"allow":["GET"]}}],"collection":[{"href":"https:\/\/regbu.com\/da\/wp-json\/wp\/v2\/posts"}],"about":[{"href":"https:\/\/regbu.com\/da\/wp-json\/wp\/v2\/types\/post"}],"author":[{"embeddable":true,"href":"https:\/\/regbu.com\/da\/wp-json\/wp\/v2\/users\/2"}],"replies":[{"embeddable":true,"href":"https:\/\/regbu.com\/da\/wp-json\/wp\/v2\/comments?post=858"}],"version-history":[{"count":3,"href":"https:\/\/regbu.com\/da\/wp-json\/wp\/v2\/posts\/858\/revisions"}],"predecessor-version":[{"id":887,"href":"https:\/\/regbu.com\/da\/wp-json\/wp\/v2\/posts\/858\/revisions\/887"}],"wp:featuredmedia":[{"embeddable":true,"href":"https:\/\/regbu.com\/da\/wp-json\/wp\/v2\/media\/859"}],"wp:attachment":[{"href":"https:\/\/regbu.com\/da\/wp-json\/wp\/v2\/media?parent=858"}],"wp:term":[{"taxonomy":"category","embeddable":true,"href":"https:\/\/regbu.com\/da\/wp-json\/wp\/v2\/categories?post=858"},{"taxonomy":"post_tag","embeddable":true,"href":"https:\/\/regbu.com\/da\/wp-json\/wp\/v2\/tags?post=858"}],"curies":[{"name":"wp","href":"https:\/\/api.w.org\/{rel}","templated":true}]}}