{"id":1557,"date":"2023-08-16T10:27:19","date_gmt":"2023-08-16T08:27:19","guid":{"rendered":"https:\/\/regbu.com\/?p=1557"},"modified":"2025-09-05T07:39:26","modified_gmt":"2025-09-05T05:39:26","slug":"michael-jackson-jako-legenda-popu","status":"publish","type":"post","link":"https:\/\/regbu.com\/da\/michael-jackson-som-legende-af-pop\/","title":{"rendered":"Michael Jackson som poplegende"},"content":{"rendered":"<p>Michael Jackson er en poplegende, som nok ikke beh\u00f8ver nogen lang introduktion. Det er det samme som at tale om f.eks. en sanger ved navn <strong><a href=\"https:\/\/regbu.com\/da\/tina-turner-fra-gospel-til-rock\/\">Tina Turner<\/a><\/strong>. Ikke desto mindre vil vi ikke fratage dig de vigtigste ting, der er relateret til denne store mands musikalske karriere.<\/p>\n\n\n\n<ul class=\"wp-block-list\">\n<li>Popsanger<\/li>\n\n\n\n<li>Koreograf<\/li>\n\n\n\n<li>Komponist<\/li>\n\n\n\n<li>Danser<\/li>\n<\/ul>\n\n\n\n<p>Det er sandt, at Jackson <em>er en af de virkelig begavede kunstnere<\/em>. Ud over ovenst\u00e5ende var han ogs\u00e5 producent. Han blev af mange beskrevet som en m\u00e6cen. Faktisk blev han en af musikkens bedst s\u00e6lgende legender.<\/p>\n\n\n\n<h2 class=\"wp-block-heading\">Michael Jackson og hans liv<\/h2>\n\n\n\n<p>De f\u00e6rreste ved, at denne popul\u00e6re sanger kom fra en ret stor familie. Han var et af syv b\u00f8rn. Hvad ang\u00e5r hans musikalske karriere, var hans forbillede ret tidligt Frankie Lymon. Hans f\u00f8rste store succeser kom sammen med hans bror Marlon Jackson. Sammen skabte de en elskv\u00e6rdig <strong>Jackson 5<\/strong>.<\/p>\n\n\n\n<figure class=\"wp-block-table\"><table><tbody><tr><td><strong>Emneord<\/strong><\/td><td><strong>Oplysninger<\/strong><\/td><\/tr><tr><td>F\u00f8dsel<\/td><td>29. august 1958<\/td><\/tr><tr><td>F\u00f8dested<\/td><td>Gary, Indiana<\/td><\/tr><tr><td>D\u00f8dsfald<\/td><td>25. juni 2009<\/td><\/tr><tr><td>D\u00f8dssted<\/td><td>Los Angeles, Californien<\/td><\/tr><\/tbody><\/table><figcaption class=\"wp-element-caption\">Data vedr\u00f8rende Michael Jacksons f\u00f8dsel og d\u00f8d.<\/figcaption><\/figure>\n\n\n\n<p>Hvad ang\u00e5r hans solokarriere, begyndte Michael p\u00e5 den i 1971. Han fik mange menneskers opm\u00e6rksomhed, is\u00e6r med sin unikke ballade Got to Be There. Succesen lod ikke vente p\u00e5 sig, og det ene succesfulde album efter det andet begyndte at udkomme.<\/p>\n\n\n\n<h3 class=\"wp-block-heading\">Livspr\u00e6stationer og andre interessante fakta<\/h3>\n\n\n\n<p>Michael Jackson samarbejdede og indspillede en masse sange med andre ber\u00f8mte kunstnere i sin levetid. Disse inkluderer Diana Ross, Mick Jagger, Akon og andre. Ud over at synge har han medvirket i adskillige film og tv-serier. Typiske eksempler er Save Willy, The Simpsons, <strong>M\u00e5nevandrer<\/strong> og Superman.<\/p>\n\n\n\n<p>P\u00e5 grund af sin store formue var han ogs\u00e5 involveret i humanit\u00e6re aktiviteter. Hvad ang\u00e5r ber\u00f8mte turn\u00e9er, kan vi n\u00e6vne Bad World Tour, Dangerous World Tour, HIStory World Tour og MJ &amp; Friends. Desv\u00e6rre blev den planlagte This Is It-turn\u00e9 ikke l\u00e6ngere realiseret p\u00e5 grund af hans d\u00f8d. Michael Jackson har ogs\u00e5 vundet forskellige priser for sit arbejde. Han har ogs\u00e5 v\u00e6ret i fokus i flere dokumentarfilm.<\/p>","protected":false},"excerpt":{"rendered":"<p>Michael Jackson er en poplegende, som nok ikke beh\u00f8ver nogen lang introduktion. Det er det samme, som hvis vi for eksempel skulle diskutere en sangerinde ved navn Tina Turner. Ikke desto mindre vil vi ikke snyde dig for de vigtigste ting i forbindelse med denne store mands musikalske karriere. Det er sandt, at Jackson er en virkelig begavet kunstner. Ud over ovenst\u00e5ende ... <\/p>","protected":false},"author":2,"featured_media":1558,"comment_status":"closed","ping_status":"closed","sticky":false,"template":"","format":"standard","meta":{"footnotes":""},"categories":[11],"tags":[1966,1964,1963,1962,1969,111,1965,1910,1967,1968],"class_list":["post-1557","post","type-post","status-publish","format-standard","has-post-thumbnail","hentry","category-hudba","tag-choreograf","tag-jackson","tag-michael","tag-michael-jackson","tag-moonwalker","tag-pop","tag-popovy-zpevak","tag-skladatel","tag-tanecnik","tag-the-jackson-5"],"yoast_head":"<!-- This site is optimized with the Yoast SEO plugin v27.5 - https:\/\/yoast.com\/product\/yoast-seo-wordpress\/ -->\n<title>Michael Jackson jako legenda popu - REGBU.COM<\/title>\n<meta name=\"description\" content=\"Michael Jackson u\u017e sice nen\u00ed mezi n\u00e1mi, jako hudebn\u00edk za sebou v\u0161ak zanechal nesmazatelnou stopu. Poznejte ho j\u011b\u0161t\u011b v\u00edce.\" \/>\n<meta name=\"robots\" content=\"index, follow, max-snippet:-1, max-image-preview:large, max-video-preview:-1\" \/>\n<link rel=\"canonical\" href=\"https:\/\/regbu.com\/da\/michael-jackson-som-legende-af-pop\/\" \/>\n<meta property=\"og:locale\" content=\"da_DK\" \/>\n<meta property=\"og:type\" content=\"article\" \/>\n<meta property=\"og:title\" content=\"Michael Jackson jako legenda popu - REGBU.COM\" \/>\n<meta property=\"og:description\" content=\"Michael Jackson u\u017e sice nen\u00ed mezi n\u00e1mi, jako hudebn\u00edk za sebou v\u0161ak zanechal nesmazatelnou stopu. Poznejte ho j\u011b\u0161t\u011b v\u00edce.\" \/>\n<meta property=\"og:url\" content=\"https:\/\/regbu.com\/da\/michael-jackson-som-legende-af-pop\/\" \/>\n<meta property=\"og:site_name\" content=\"REGBU.COM\" \/>\n<meta property=\"article:published_time\" content=\"2023-08-16T08:27:19+00:00\" \/>\n<meta property=\"article:modified_time\" content=\"2025-09-05T05:39:26+00:00\" \/>\n<meta property=\"og:image\" content=\"https:\/\/regbu.com\/wp-content\/uploads\/2023\/08\/michael-jackson-jako-legenda-popu.jpg\" \/>\n\t<meta property=\"og:image:width\" content=\"1200\" \/>\n\t<meta property=\"og:image:height\" content=\"679\" \/>\n\t<meta property=\"og:image:type\" content=\"image\/jpeg\" \/>\n<meta name=\"author\" content=\"George Martin\" \/>\n<meta name=\"twitter:card\" content=\"summary_large_image\" \/>\n<meta name=\"twitter:label1\" content=\"Skrevet af\" \/>\n\t<meta name=\"twitter:data1\" content=\"George Martin\" \/>\n\t<meta name=\"twitter:label2\" content=\"Estimeret l\u00e6setid\" \/>\n\t<meta name=\"twitter:data2\" content=\"2 minutter\" \/>\n<script type=\"application\/ld+json\" class=\"yoast-schema-graph\">{\"@context\":\"https:\\\/\\\/schema.org\",\"@graph\":[{\"@type\":\"Article\",\"@id\":\"https:\\\/\\\/regbu.com\\\/da\\\/michael-jackson-som-legende-af-pop\\\/#article\",\"isPartOf\":{\"@id\":\"https:\\\/\\\/regbu.com\\\/da\\\/michael-jackson-som-legende-af-pop\\\/\"},\"author\":{\"name\":\"George Martin\",\"@id\":\"https:\\\/\\\/regbu.com\\\/en\\\/#\\\/schema\\\/person\\\/94ea9deda2629771b8a9ced002f6784e\"},\"headline\":\"Michael Jackson jako legenda popu\",\"datePublished\":\"2023-08-16T08:27:19+00:00\",\"dateModified\":\"2025-09-05T05:39:26+00:00\",\"mainEntityOfPage\":{\"@id\":\"https:\\\/\\\/regbu.com\\\/da\\\/michael-jackson-som-legende-af-pop\\\/\"},\"wordCount\":413,\"image\":{\"@id\":\"https:\\\/\\\/regbu.com\\\/da\\\/michael-jackson-som-legende-af-pop\\\/#primaryimage\"},\"thumbnailUrl\":\"https:\\\/\\\/regbu.com\\\/wp-content\\\/uploads\\\/2023\\\/08\\\/michael-jackson-jako-legenda-popu.jpg\",\"keywords\":[\"choreograf\",\"jackson\",\"michael\",\"michael jackson\",\"Moonwalker\",\"pop\",\"popov\u00fd zp\u011bv\u00e1k\",\"skladatel\",\"tane\u010dn\u00edk\",\"The Jackson 5\"],\"articleSection\":[\"Hudba\"],\"inLanguage\":\"da-DK\"},{\"@type\":\"WebPage\",\"@id\":\"https:\\\/\\\/regbu.com\\\/da\\\/michael-jackson-som-legende-af-pop\\\/\",\"url\":\"https:\\\/\\\/regbu.com\\\/da\\\/michael-jackson-som-legende-af-pop\\\/\",\"name\":\"Michael Jackson jako legenda popu - REGBU.COM\",\"isPartOf\":{\"@id\":\"https:\\\/\\\/regbu.com\\\/en\\\/#website\"},\"primaryImageOfPage\":{\"@id\":\"https:\\\/\\\/regbu.com\\\/da\\\/michael-jackson-som-legende-af-pop\\\/#primaryimage\"},\"image\":{\"@id\":\"https:\\\/\\\/regbu.com\\\/da\\\/michael-jackson-som-legende-af-pop\\\/#primaryimage\"},\"thumbnailUrl\":\"https:\\\/\\\/regbu.com\\\/wp-content\\\/uploads\\\/2023\\\/08\\\/michael-jackson-jako-legenda-popu.jpg\",\"datePublished\":\"2023-08-16T08:27:19+00:00\",\"dateModified\":\"2025-09-05T05:39:26+00:00\",\"author\":{\"@id\":\"https:\\\/\\\/regbu.com\\\/en\\\/#\\\/schema\\\/person\\\/94ea9deda2629771b8a9ced002f6784e\"},\"description\":\"Michael Jackson u\u017e sice nen\u00ed mezi n\u00e1mi, jako hudebn\u00edk za sebou v\u0161ak zanechal nesmazatelnou stopu. Poznejte ho j\u011b\u0161t\u011b v\u00edce.\",\"breadcrumb\":{\"@id\":\"https:\\\/\\\/regbu.com\\\/da\\\/michael-jackson-som-legende-af-pop\\\/#breadcrumb\"},\"inLanguage\":\"da-DK\",\"potentialAction\":[{\"@type\":\"ReadAction\",\"target\":[\"https:\\\/\\\/regbu.com\\\/da\\\/michael-jackson-som-legende-af-pop\\\/\"]}]},{\"@type\":\"ImageObject\",\"inLanguage\":\"da-DK\",\"@id\":\"https:\\\/\\\/regbu.com\\\/da\\\/michael-jackson-som-legende-af-pop\\\/#primaryimage\",\"url\":\"https:\\\/\\\/regbu.com\\\/wp-content\\\/uploads\\\/2023\\\/08\\\/michael-jackson-jako-legenda-popu.jpg\",\"contentUrl\":\"https:\\\/\\\/regbu.com\\\/wp-content\\\/uploads\\\/2023\\\/08\\\/michael-jackson-jako-legenda-popu.jpg\",\"width\":1200,\"height\":679,\"caption\":\"Michael Jackson jako legenda popu\"},{\"@type\":\"BreadcrumbList\",\"@id\":\"https:\\\/\\\/regbu.com\\\/da\\\/michael-jackson-som-legende-af-pop\\\/#breadcrumb\",\"itemListElement\":[{\"@type\":\"ListItem\",\"position\":1,\"name\":\"Home\",\"item\":\"https:\\\/\\\/regbu.com\\\/en\\\/\"},{\"@type\":\"ListItem\",\"position\":2,\"name\":\"Michael Jackson jako legenda popu\"}]},{\"@type\":\"WebSite\",\"@id\":\"https:\\\/\\\/regbu.com\\\/en\\\/#website\",\"url\":\"https:\\\/\\\/regbu.com\\\/en\\\/\",\"name\":\"REGBU.COM\",\"description\":\"\",\"potentialAction\":[{\"@type\":\"SearchAction\",\"target\":{\"@type\":\"EntryPoint\",\"urlTemplate\":\"https:\\\/\\\/regbu.com\\\/en\\\/?s={search_term_string}\"},\"query-input\":{\"@type\":\"PropertyValueSpecification\",\"valueRequired\":true,\"valueName\":\"search_term_string\"}}],\"inLanguage\":\"da-DK\"},{\"@type\":\"Person\",\"@id\":\"https:\\\/\\\/regbu.com\\\/en\\\/#\\\/schema\\\/person\\\/94ea9deda2629771b8a9ced002f6784e\",\"name\":\"George Martin\",\"url\":\"https:\\\/\\\/regbu.com\\\/da\\\/author\\\/george-martin\\\/\"}]}<\/script>\n<!-- \/ Yoast SEO plugin. -->","yoast_head_json":{"title":"Michael Jackson som poplegende - REGBU.COM","description":"Selvom Michael Jackson ikke l\u00e6ngere er blandt os, efterlod han et uudsletteligt m\u00e6rke som musiker. L\u00e6r ham endnu bedre at kende.","robots":{"index":"index","follow":"follow","max-snippet":"max-snippet:-1","max-image-preview":"max-image-preview:large","max-video-preview":"max-video-preview:-1"},"canonical":"https:\/\/regbu.com\/da\/michael-jackson-som-legende-af-pop\/","og_locale":"da_DK","og_type":"article","og_title":"Michael Jackson jako legenda popu - REGBU.COM","og_description":"Michael Jackson u\u017e sice nen\u00ed mezi n\u00e1mi, jako hudebn\u00edk za sebou v\u0161ak zanechal nesmazatelnou stopu. Poznejte ho j\u011b\u0161t\u011b v\u00edce.","og_url":"https:\/\/regbu.com\/da\/michael-jackson-som-legende-af-pop\/","og_site_name":"REGBU.COM","article_published_time":"2023-08-16T08:27:19+00:00","article_modified_time":"2025-09-05T05:39:26+00:00","og_image":[{"width":1200,"height":679,"url":"https:\/\/regbu.com\/wp-content\/uploads\/2023\/08\/michael-jackson-jako-legenda-popu.jpg","type":"image\/jpeg"}],"author":"George Martin","twitter_card":"summary_large_image","twitter_misc":{"Skrevet af":"George Martin","Estimeret l\u00e6setid":"2 minutter"},"schema":{"@context":"https:\/\/schema.org","@graph":[{"@type":"Article","@id":"https:\/\/regbu.com\/da\/michael-jackson-som-legende-af-pop\/#article","isPartOf":{"@id":"https:\/\/regbu.com\/da\/michael-jackson-som-legende-af-pop\/"},"author":{"name":"George Martin","@id":"https:\/\/regbu.com\/en\/#\/schema\/person\/94ea9deda2629771b8a9ced002f6784e"},"headline":"Michael Jackson jako legenda popu","datePublished":"2023-08-16T08:27:19+00:00","dateModified":"2025-09-05T05:39:26+00:00","mainEntityOfPage":{"@id":"https:\/\/regbu.com\/da\/michael-jackson-som-legende-af-pop\/"},"wordCount":413,"image":{"@id":"https:\/\/regbu.com\/da\/michael-jackson-som-legende-af-pop\/#primaryimage"},"thumbnailUrl":"https:\/\/regbu.com\/wp-content\/uploads\/2023\/08\/michael-jackson-jako-legenda-popu.jpg","keywords":["choreograf","jackson","michael","michael jackson","Moonwalker","pop","popov\u00fd zp\u011bv\u00e1k","skladatel","tane\u010dn\u00edk","The Jackson 5"],"articleSection":["Hudba"],"inLanguage":"da-DK"},{"@type":"WebPage","@id":"https:\/\/regbu.com\/da\/michael-jackson-som-legende-af-pop\/","url":"https:\/\/regbu.com\/da\/michael-jackson-som-legende-af-pop\/","name":"Michael Jackson som poplegende - REGBU.COM","isPartOf":{"@id":"https:\/\/regbu.com\/en\/#website"},"primaryImageOfPage":{"@id":"https:\/\/regbu.com\/da\/michael-jackson-som-legende-af-pop\/#primaryimage"},"image":{"@id":"https:\/\/regbu.com\/da\/michael-jackson-som-legende-af-pop\/#primaryimage"},"thumbnailUrl":"https:\/\/regbu.com\/wp-content\/uploads\/2023\/08\/michael-jackson-jako-legenda-popu.jpg","datePublished":"2023-08-16T08:27:19+00:00","dateModified":"2025-09-05T05:39:26+00:00","author":{"@id":"https:\/\/regbu.com\/en\/#\/schema\/person\/94ea9deda2629771b8a9ced002f6784e"},"description":"Selvom Michael Jackson ikke l\u00e6ngere er blandt os, efterlod han et uudsletteligt m\u00e6rke som musiker. L\u00e6r ham endnu bedre at kende.","breadcrumb":{"@id":"https:\/\/regbu.com\/da\/michael-jackson-som-legende-af-pop\/#breadcrumb"},"inLanguage":"da-DK","potentialAction":[{"@type":"ReadAction","target":["https:\/\/regbu.com\/da\/michael-jackson-som-legende-af-pop\/"]}]},{"@type":"ImageObject","inLanguage":"da-DK","@id":"https:\/\/regbu.com\/da\/michael-jackson-som-legende-af-pop\/#primaryimage","url":"https:\/\/regbu.com\/wp-content\/uploads\/2023\/08\/michael-jackson-jako-legenda-popu.jpg","contentUrl":"https:\/\/regbu.com\/wp-content\/uploads\/2023\/08\/michael-jackson-jako-legenda-popu.jpg","width":1200,"height":679,"caption":"Michael Jackson jako legenda popu"},{"@type":"BreadcrumbList","@id":"https:\/\/regbu.com\/da\/michael-jackson-som-legende-af-pop\/#breadcrumb","itemListElement":[{"@type":"ListItem","position":1,"name":"Home","item":"https:\/\/regbu.com\/en\/"},{"@type":"ListItem","position":2,"name":"Michael Jackson jako legenda popu"}]},{"@type":"WebSite","@id":"https:\/\/regbu.com\/en\/#website","url":"https:\/\/regbu.com\/en\/","name":"REGBU.COM","description":"","potentialAction":[{"@type":"SearchAction","target":{"@type":"EntryPoint","urlTemplate":"https:\/\/regbu.com\/en\/?s={search_term_string}"},"query-input":{"@type":"PropertyValueSpecification","valueRequired":true,"valueName":"search_term_string"}}],"inLanguage":"da-DK"},{"@type":"Person","@id":"https:\/\/regbu.com\/en\/#\/schema\/person\/94ea9deda2629771b8a9ced002f6784e","name":"George Martin","url":"https:\/\/regbu.com\/da\/author\/george-martin\/"}]}},"_links":{"self":[{"href":"https:\/\/regbu.com\/da\/wp-json\/wp\/v2\/posts\/1557","targetHints":{"allow":["GET"]}}],"collection":[{"href":"https:\/\/regbu.com\/da\/wp-json\/wp\/v2\/posts"}],"about":[{"href":"https:\/\/regbu.com\/da\/wp-json\/wp\/v2\/types\/post"}],"author":[{"embeddable":true,"href":"https:\/\/regbu.com\/da\/wp-json\/wp\/v2\/users\/2"}],"replies":[{"embeddable":true,"href":"https:\/\/regbu.com\/da\/wp-json\/wp\/v2\/comments?post=1557"}],"version-history":[{"count":2,"href":"https:\/\/regbu.com\/da\/wp-json\/wp\/v2\/posts\/1557\/revisions"}],"predecessor-version":[{"id":1571,"href":"https:\/\/regbu.com\/da\/wp-json\/wp\/v2\/posts\/1557\/revisions\/1571"}],"wp:featuredmedia":[{"embeddable":true,"href":"https:\/\/regbu.com\/da\/wp-json\/wp\/v2\/media\/1558"}],"wp:attachment":[{"href":"https:\/\/regbu.com\/da\/wp-json\/wp\/v2\/media?parent=1557"}],"wp:term":[{"taxonomy":"category","embeddable":true,"href":"https:\/\/regbu.com\/da\/wp-json\/wp\/v2\/categories?post=1557"},{"taxonomy":"post_tag","embeddable":true,"href":"https:\/\/regbu.com\/da\/wp-json\/wp\/v2\/tags?post=1557"}],"curies":[{"name":"wp","href":"https:\/\/api.w.org\/{rel}","templated":true}]}}