{"id":1499,"date":"2023-08-09T16:09:02","date_gmt":"2023-08-09T14:09:02","guid":{"rendered":"https:\/\/regbu.com\/?p=1499"},"modified":"2025-09-05T07:39:50","modified_gmt":"2025-09-05T05:39:50","slug":"elektromobilita-ma-sveho-krale","status":"publish","type":"post","link":"https:\/\/regbu.com\/da\/elektromobilitet-har-sin-egen-cirkel\/","title":{"rendered":"Elektromobilitet har sin konge"},"content":{"rendered":"<p>Elektromobilitet er et varmt emne og til en vis grad fremtidens musik. Det er i \u00f8vrigt bevist af en af de mest ber\u00f8mte producenter af disse biler, Tesla. Den ejes blandt andet af Elon Musk.<strong>,<\/strong> som ogs\u00e5 har den ber\u00f8mte <strong><a href=\"https:\/\/regbu.com\/da\/koncept-rum-x-vevodi-versmirnym-letum\/\">Space X-koncept<\/a><\/strong>. Dette bilfirma er blevet en pioner p\u00e5 dette omr\u00e5de.<\/p>\n\n\n\n<ul class=\"wp-block-list\">\n<li>Tesla Model S<\/li>\n\n\n\n<li>Tesla Model X<\/li>\n\n\n\n<li>Tesla Model 3<\/li>\n<\/ul>\n\n\n\n<p>Dette er blot en lille smagspr\u00f8ve p\u00e5, hvad der er kommet ud af produktionslinjerne hos dette ber\u00f8mte bilfirma. Det er for det meste sedan-modeller. De er ikke kun designet til erhvervssegmentet, men ogs\u00e5 til privat brug.<\/p>\n\n\n\n<h2 class=\"wp-block-heading\">Teslas historie<\/h2>\n\n\n\n<p>Lad os f\u00f8rst se p\u00e5, hvordan elektromobilitet rent faktisk kom i folks bevidsthed. Tesla, virksomheden, der designer, fremstiller og s\u00e6lger elbiler, var ansvarlig. Hvis du tror, at grundl\u00e6ggeren af virksomheden var <strong>Elon Musk<\/strong>tager du grueligt fejl. Han kom til bagefter.<\/p>\n\n\n\n<figure class=\"wp-block-table\"><table><tbody><tr><td><strong>Emneord<\/strong><\/td><td><strong>Oplysninger<\/strong><\/td><\/tr><tr><td>\u00c5r for stiftelse<\/td><td>2003<\/td><\/tr><tr><td>Stiftere af<\/td><td>Martin Eberhard og Marc Tarpenning<\/td><\/tr><tr><td>Hovedkvarter<\/td><td>Austin, Texas<\/td><\/tr><tr><td>Fabrikker<\/td><td>Freemont, Shanghai og andre<\/td><\/tr><\/tbody><\/table><figcaption class=\"wp-element-caption\">Information relateret til grundl\u00e6ggelsen af Tesla.<\/figcaption><\/figure>\n\n\n\n<p>Kort tid efter at Tesla blev grundlagt, fik virksomheden f\u00f8lgeskab af <a href=\"https:\/\/cs.wikipedia.org\/wiki\/Elon_Musk\">Elon Musk<\/a>, JB Straubel og Ian Wright. Succeserne lod ikke vente p\u00e5 sig, og Tesla Roadster satte gang i tingene i 2008.<\/p>\n\n\n\n<h3 class=\"wp-block-heading\">Elektromobilitet og alt det vigtige<\/h3>\n\n\n\n<p>Vi kan selvf\u00f8lgelig forts\u00e6tte succesen og udviklingen af Teslas elbiler. Der er meget at skrive om. Alle tre succesfulde bilmodeller fra indledningen af denne artikel er blevet efterfulgt af andre. Vi kan for eksempel n\u00e6vne <strong>Tesla Model Y<\/strong>. Den elektriske Tesla Semi-traktor er et kapitel for sig selv.<\/p>\n\n\n\n<p>Sammen med udviklingen af elektromobilitet under ledelse af den ber\u00f8mte virksomhed fremmes ogs\u00e5 udvidelsen af Supercharger-hurtigopladningsstationer. Tesla har ogs\u00e5 fokuseret p\u00e5 husholdningsbatterier, solcelletagsten og mange andre projekter. Efterh\u00e5nden som eftersp\u00f8rgslen vokser, stiger behovet for at producere store m\u00e6ngder batterier naturligvis, hvilket fremg\u00e5r af nye og <em>nye gigafabrikker, ikke kun i USA, men ogs\u00e5 i andre lande rundt om i verden.<\/em>.<\/p>","protected":false},"excerpt":{"rendered":"<p>Elektromobilitet er et varmt emne og til en vis grad fremtidens musik. Det er i \u00f8vrigt bevist af en af de mest ber\u00f8mte producenter af disse biler, Tesla. Den ejes bl.a. af Elon Musk, som ogs\u00e5 har det ber\u00f8mte Space X-koncept under sit b\u00e6lte. Dette bilfirma er blevet s\u00e5dan en imagin\u00e6r pioner p\u00e5 dette omr\u00e5de. Dette er blot en lille smagspr\u00f8ve ... <\/p>","protected":false},"author":2,"featured_media":1500,"comment_status":"closed","ping_status":"closed","sticky":false,"template":"","format":"standard","meta":{"footnotes":""},"categories":[6],"tags":[1847,1849,1830,1856,1850,1854,1851,1852,1855,1848,1853],"class_list":["post-1499","post","type-post","status-publish","format-standard","has-post-thumbnail","hentry","category-technologie","tag-elektromobilita","tag-elektromobily","tag-elon-musk","tag-gigafactory","tag-model","tag-model-3","tag-model-s","tag-model-y","tag-supercharger","tag-tesla","tag-tesla-roadster"],"yoast_head":"<!-- This site is optimized with the Yoast SEO plugin v27.4 - https:\/\/yoast.com\/product\/yoast-seo-wordpress\/ -->\n<title>Elektromobilita m\u00e1 sv\u00e9ho kr\u00e1le - REGBU.COM<\/title>\n<meta name=\"description\" content=\"V\u00edte, co si p\u0159edstavit pod pojmem elektromobilita? A zn\u00e1te jednoho z pr\u016fkopn\u00edk\u016f tohoto novodob\u00e9ho segmentu?\" \/>\n<meta name=\"robots\" content=\"index, follow, max-snippet:-1, max-image-preview:large, max-video-preview:-1\" \/>\n<link rel=\"canonical\" href=\"https:\/\/regbu.com\/da\/elektromobilitet-har-sin-egen-cirkel\/\" \/>\n<meta property=\"og:locale\" content=\"da_DK\" \/>\n<meta property=\"og:type\" content=\"article\" \/>\n<meta property=\"og:title\" content=\"Elektromobilita m\u00e1 sv\u00e9ho kr\u00e1le - REGBU.COM\" \/>\n<meta property=\"og:description\" content=\"V\u00edte, co si p\u0159edstavit pod pojmem elektromobilita? A zn\u00e1te jednoho z pr\u016fkopn\u00edk\u016f tohoto novodob\u00e9ho segmentu?\" \/>\n<meta property=\"og:url\" content=\"https:\/\/regbu.com\/da\/elektromobilitet-har-sin-egen-cirkel\/\" \/>\n<meta property=\"og:site_name\" content=\"REGBU.COM\" \/>\n<meta property=\"article:published_time\" content=\"2023-08-09T14:09:02+00:00\" \/>\n<meta property=\"article:modified_time\" content=\"2025-09-05T05:39:50+00:00\" \/>\n<meta property=\"og:image\" content=\"https:\/\/regbu.com\/wp-content\/uploads\/2023\/08\/elektromobilita-ma-sveho-krale.jpg\" \/>\n\t<meta property=\"og:image:width\" content=\"1200\" \/>\n\t<meta property=\"og:image:height\" content=\"676\" \/>\n\t<meta property=\"og:image:type\" content=\"image\/jpeg\" \/>\n<meta name=\"author\" content=\"George Martin\" \/>\n<meta name=\"twitter:card\" content=\"summary_large_image\" \/>\n<meta name=\"twitter:label1\" content=\"Skrevet af\" \/>\n\t<meta name=\"twitter:data1\" content=\"George Martin\" \/>\n\t<meta name=\"twitter:label2\" content=\"Estimeret l\u00e6setid\" \/>\n\t<meta name=\"twitter:data2\" content=\"2 minutter\" \/>\n<script type=\"application\/ld+json\" class=\"yoast-schema-graph\">{\"@context\":\"https:\\\/\\\/schema.org\",\"@graph\":[{\"@type\":\"Article\",\"@id\":\"https:\\\/\\\/regbu.com\\\/da\\\/elektromobilitet-har-sin-egen-cirkel\\\/#article\",\"isPartOf\":{\"@id\":\"https:\\\/\\\/regbu.com\\\/da\\\/elektromobilitet-har-sin-egen-cirkel\\\/\"},\"author\":{\"name\":\"George Martin\",\"@id\":\"https:\\\/\\\/regbu.com\\\/en\\\/#\\\/schema\\\/person\\\/94ea9deda2629771b8a9ced002f6784e\"},\"headline\":\"Elektromobilita m\u00e1 sv\u00e9ho kr\u00e1le\",\"datePublished\":\"2023-08-09T14:09:02+00:00\",\"dateModified\":\"2025-09-05T05:39:50+00:00\",\"mainEntityOfPage\":{\"@id\":\"https:\\\/\\\/regbu.com\\\/da\\\/elektromobilitet-har-sin-egen-cirkel\\\/\"},\"wordCount\":409,\"image\":{\"@id\":\"https:\\\/\\\/regbu.com\\\/da\\\/elektromobilitet-har-sin-egen-cirkel\\\/#primaryimage\"},\"thumbnailUrl\":\"https:\\\/\\\/regbu.com\\\/wp-content\\\/uploads\\\/2023\\\/08\\\/elektromobilita-ma-sveho-krale.jpg\",\"keywords\":[\"elektromobilita\",\"elektromobily\",\"elon musk\",\"gigafactory\",\"model\",\"model 3\",\"model s\",\"model y\",\"Supercharger\",\"tesla\",\"tesla roadster\"],\"articleSection\":[\"Technologie\"],\"inLanguage\":\"da-DK\"},{\"@type\":\"WebPage\",\"@id\":\"https:\\\/\\\/regbu.com\\\/da\\\/elektromobilitet-har-sin-egen-cirkel\\\/\",\"url\":\"https:\\\/\\\/regbu.com\\\/da\\\/elektromobilitet-har-sin-egen-cirkel\\\/\",\"name\":\"Elektromobilita m\u00e1 sv\u00e9ho kr\u00e1le - REGBU.COM\",\"isPartOf\":{\"@id\":\"https:\\\/\\\/regbu.com\\\/en\\\/#website\"},\"primaryImageOfPage\":{\"@id\":\"https:\\\/\\\/regbu.com\\\/da\\\/elektromobilitet-har-sin-egen-cirkel\\\/#primaryimage\"},\"image\":{\"@id\":\"https:\\\/\\\/regbu.com\\\/da\\\/elektromobilitet-har-sin-egen-cirkel\\\/#primaryimage\"},\"thumbnailUrl\":\"https:\\\/\\\/regbu.com\\\/wp-content\\\/uploads\\\/2023\\\/08\\\/elektromobilita-ma-sveho-krale.jpg\",\"datePublished\":\"2023-08-09T14:09:02+00:00\",\"dateModified\":\"2025-09-05T05:39:50+00:00\",\"author\":{\"@id\":\"https:\\\/\\\/regbu.com\\\/en\\\/#\\\/schema\\\/person\\\/94ea9deda2629771b8a9ced002f6784e\"},\"description\":\"V\u00edte, co si p\u0159edstavit pod pojmem elektromobilita? A zn\u00e1te jednoho z pr\u016fkopn\u00edk\u016f tohoto novodob\u00e9ho segmentu?\",\"breadcrumb\":{\"@id\":\"https:\\\/\\\/regbu.com\\\/da\\\/elektromobilitet-har-sin-egen-cirkel\\\/#breadcrumb\"},\"inLanguage\":\"da-DK\",\"potentialAction\":[{\"@type\":\"ReadAction\",\"target\":[\"https:\\\/\\\/regbu.com\\\/da\\\/elektromobilitet-har-sin-egen-cirkel\\\/\"]}]},{\"@type\":\"ImageObject\",\"inLanguage\":\"da-DK\",\"@id\":\"https:\\\/\\\/regbu.com\\\/da\\\/elektromobilitet-har-sin-egen-cirkel\\\/#primaryimage\",\"url\":\"https:\\\/\\\/regbu.com\\\/wp-content\\\/uploads\\\/2023\\\/08\\\/elektromobilita-ma-sveho-krale.jpg\",\"contentUrl\":\"https:\\\/\\\/regbu.com\\\/wp-content\\\/uploads\\\/2023\\\/08\\\/elektromobilita-ma-sveho-krale.jpg\",\"width\":1200,\"height\":676,\"caption\":\"Elektromobilita m\u00e1 sv\u00e9ho kr\u00e1le\"},{\"@type\":\"BreadcrumbList\",\"@id\":\"https:\\\/\\\/regbu.com\\\/da\\\/elektromobilitet-har-sin-egen-cirkel\\\/#breadcrumb\",\"itemListElement\":[{\"@type\":\"ListItem\",\"position\":1,\"name\":\"Home\",\"item\":\"https:\\\/\\\/regbu.com\\\/en\\\/\"},{\"@type\":\"ListItem\",\"position\":2,\"name\":\"Elektromobilita m\u00e1 sv\u00e9ho kr\u00e1le\"}]},{\"@type\":\"WebSite\",\"@id\":\"https:\\\/\\\/regbu.com\\\/en\\\/#website\",\"url\":\"https:\\\/\\\/regbu.com\\\/en\\\/\",\"name\":\"REGBU.COM\",\"description\":\"\",\"potentialAction\":[{\"@type\":\"SearchAction\",\"target\":{\"@type\":\"EntryPoint\",\"urlTemplate\":\"https:\\\/\\\/regbu.com\\\/en\\\/?s={search_term_string}\"},\"query-input\":{\"@type\":\"PropertyValueSpecification\",\"valueRequired\":true,\"valueName\":\"search_term_string\"}}],\"inLanguage\":\"da-DK\"},{\"@type\":\"Person\",\"@id\":\"https:\\\/\\\/regbu.com\\\/en\\\/#\\\/schema\\\/person\\\/94ea9deda2629771b8a9ced002f6784e\",\"name\":\"George Martin\",\"url\":\"https:\\\/\\\/regbu.com\\\/da\\\/author\\\/george-martin\\\/\"}]}<\/script>\n<!-- \/ Yoast SEO plugin. -->","yoast_head_json":{"title":"Elektromobilitet har sin konge - REGBU.COM","description":"Ved du, hvad der menes med elektromobilitet? Og kender du en af pionererne inden for dette nye segment?","robots":{"index":"index","follow":"follow","max-snippet":"max-snippet:-1","max-image-preview":"max-image-preview:large","max-video-preview":"max-video-preview:-1"},"canonical":"https:\/\/regbu.com\/da\/elektromobilitet-har-sin-egen-cirkel\/","og_locale":"da_DK","og_type":"article","og_title":"Elektromobilita m\u00e1 sv\u00e9ho kr\u00e1le - REGBU.COM","og_description":"V\u00edte, co si p\u0159edstavit pod pojmem elektromobilita? A zn\u00e1te jednoho z pr\u016fkopn\u00edk\u016f tohoto novodob\u00e9ho segmentu?","og_url":"https:\/\/regbu.com\/da\/elektromobilitet-har-sin-egen-cirkel\/","og_site_name":"REGBU.COM","article_published_time":"2023-08-09T14:09:02+00:00","article_modified_time":"2025-09-05T05:39:50+00:00","og_image":[{"width":1200,"height":676,"url":"https:\/\/regbu.com\/wp-content\/uploads\/2023\/08\/elektromobilita-ma-sveho-krale.jpg","type":"image\/jpeg"}],"author":"George Martin","twitter_card":"summary_large_image","twitter_misc":{"Skrevet af":"George Martin","Estimeret l\u00e6setid":"2 minutter"},"schema":{"@context":"https:\/\/schema.org","@graph":[{"@type":"Article","@id":"https:\/\/regbu.com\/da\/elektromobilitet-har-sin-egen-cirkel\/#article","isPartOf":{"@id":"https:\/\/regbu.com\/da\/elektromobilitet-har-sin-egen-cirkel\/"},"author":{"name":"George Martin","@id":"https:\/\/regbu.com\/en\/#\/schema\/person\/94ea9deda2629771b8a9ced002f6784e"},"headline":"Elektromobilita m\u00e1 sv\u00e9ho kr\u00e1le","datePublished":"2023-08-09T14:09:02+00:00","dateModified":"2025-09-05T05:39:50+00:00","mainEntityOfPage":{"@id":"https:\/\/regbu.com\/da\/elektromobilitet-har-sin-egen-cirkel\/"},"wordCount":409,"image":{"@id":"https:\/\/regbu.com\/da\/elektromobilitet-har-sin-egen-cirkel\/#primaryimage"},"thumbnailUrl":"https:\/\/regbu.com\/wp-content\/uploads\/2023\/08\/elektromobilita-ma-sveho-krale.jpg","keywords":["elektromobilita","elektromobily","elon musk","gigafactory","model","model 3","model s","model y","Supercharger","tesla","tesla roadster"],"articleSection":["Technologie"],"inLanguage":"da-DK"},{"@type":"WebPage","@id":"https:\/\/regbu.com\/da\/elektromobilitet-har-sin-egen-cirkel\/","url":"https:\/\/regbu.com\/da\/elektromobilitet-har-sin-egen-cirkel\/","name":"Elektromobilitet har sin konge - REGBU.COM","isPartOf":{"@id":"https:\/\/regbu.com\/en\/#website"},"primaryImageOfPage":{"@id":"https:\/\/regbu.com\/da\/elektromobilitet-har-sin-egen-cirkel\/#primaryimage"},"image":{"@id":"https:\/\/regbu.com\/da\/elektromobilitet-har-sin-egen-cirkel\/#primaryimage"},"thumbnailUrl":"https:\/\/regbu.com\/wp-content\/uploads\/2023\/08\/elektromobilita-ma-sveho-krale.jpg","datePublished":"2023-08-09T14:09:02+00:00","dateModified":"2025-09-05T05:39:50+00:00","author":{"@id":"https:\/\/regbu.com\/en\/#\/schema\/person\/94ea9deda2629771b8a9ced002f6784e"},"description":"Ved du, hvad der menes med elektromobilitet? Og kender du en af pionererne inden for dette nye segment?","breadcrumb":{"@id":"https:\/\/regbu.com\/da\/elektromobilitet-har-sin-egen-cirkel\/#breadcrumb"},"inLanguage":"da-DK","potentialAction":[{"@type":"ReadAction","target":["https:\/\/regbu.com\/da\/elektromobilitet-har-sin-egen-cirkel\/"]}]},{"@type":"ImageObject","inLanguage":"da-DK","@id":"https:\/\/regbu.com\/da\/elektromobilitet-har-sin-egen-cirkel\/#primaryimage","url":"https:\/\/regbu.com\/wp-content\/uploads\/2023\/08\/elektromobilita-ma-sveho-krale.jpg","contentUrl":"https:\/\/regbu.com\/wp-content\/uploads\/2023\/08\/elektromobilita-ma-sveho-krale.jpg","width":1200,"height":676,"caption":"Elektromobilita m\u00e1 sv\u00e9ho kr\u00e1le"},{"@type":"BreadcrumbList","@id":"https:\/\/regbu.com\/da\/elektromobilitet-har-sin-egen-cirkel\/#breadcrumb","itemListElement":[{"@type":"ListItem","position":1,"name":"Home","item":"https:\/\/regbu.com\/en\/"},{"@type":"ListItem","position":2,"name":"Elektromobilita m\u00e1 sv\u00e9ho kr\u00e1le"}]},{"@type":"WebSite","@id":"https:\/\/regbu.com\/en\/#website","url":"https:\/\/regbu.com\/en\/","name":"REGBU.COM","description":"","potentialAction":[{"@type":"SearchAction","target":{"@type":"EntryPoint","urlTemplate":"https:\/\/regbu.com\/en\/?s={search_term_string}"},"query-input":{"@type":"PropertyValueSpecification","valueRequired":true,"valueName":"search_term_string"}}],"inLanguage":"da-DK"},{"@type":"Person","@id":"https:\/\/regbu.com\/en\/#\/schema\/person\/94ea9deda2629771b8a9ced002f6784e","name":"George Martin","url":"https:\/\/regbu.com\/da\/author\/george-martin\/"}]}},"_links":{"self":[{"href":"https:\/\/regbu.com\/da\/wp-json\/wp\/v2\/posts\/1499","targetHints":{"allow":["GET"]}}],"collection":[{"href":"https:\/\/regbu.com\/da\/wp-json\/wp\/v2\/posts"}],"about":[{"href":"https:\/\/regbu.com\/da\/wp-json\/wp\/v2\/types\/post"}],"author":[{"embeddable":true,"href":"https:\/\/regbu.com\/da\/wp-json\/wp\/v2\/users\/2"}],"replies":[{"embeddable":true,"href":"https:\/\/regbu.com\/da\/wp-json\/wp\/v2\/comments?post=1499"}],"version-history":[{"count":3,"href":"https:\/\/regbu.com\/da\/wp-json\/wp\/v2\/posts\/1499\/revisions"}],"predecessor-version":[{"id":1510,"href":"https:\/\/regbu.com\/da\/wp-json\/wp\/v2\/posts\/1499\/revisions\/1510"}],"wp:featuredmedia":[{"embeddable":true,"href":"https:\/\/regbu.com\/da\/wp-json\/wp\/v2\/media\/1500"}],"wp:attachment":[{"href":"https:\/\/regbu.com\/da\/wp-json\/wp\/v2\/media?parent=1499"}],"wp:term":[{"taxonomy":"category","embeddable":true,"href":"https:\/\/regbu.com\/da\/wp-json\/wp\/v2\/categories?post=1499"},{"taxonomy":"post_tag","embeddable":true,"href":"https:\/\/regbu.com\/da\/wp-json\/wp\/v2\/tags?post=1499"}],"curies":[{"name":"wp","href":"https:\/\/api.w.org\/{rel}","templated":true}]}}