{"id":1340,"date":"2023-07-31T14:39:23","date_gmt":"2023-07-31T12:39:23","guid":{"rendered":"https:\/\/regbu.com\/?p=1340"},"modified":"2025-09-05T07:40:32","modified_gmt":"2025-09-05T05:40:32","slug":"kompresni-podkolenky-maji-svuj-vyznam","status":"publish","type":"post","link":"https:\/\/regbu.com\/da\/kompressions-knaebeskyttere-har-deres-betydning\/","title":{"rendered":"Kompressionsstr\u00f8mper har deres egen betydning"},"content":{"rendered":"<p>Kompressionsstr\u00f8mper er noget lidt anderledes end <strong><a href=\"https:\/\/regbu.com\/da\/sports-positioner-hvad-du-behover-atvide\/\">Sportsstr\u00f8mper<\/a><\/strong>. Selvom begge bruges i sport, har de hver is\u00e6r en lidt anden rolle. Som udtrykket \"kompression\" afsl\u00f8rer, spiller kompression en vigtig rolle. Og hvad bruges disse sokker egentlig til?<\/p>\n\n\n\n<ul class=\"wp-block-list\">\n<li>Fremmer blodcirkulationen<\/li>\n\n\n\n<li>Fix en specifik muskel<\/li>\n\n\n\n<li>For\u00f8g ydeevnen<\/li>\n<\/ul>\n\n\n\n<p>Kompressionsstr\u00f8mper af h\u00f8j kvalitet <em>p\u00e5virker ikke kun din pr\u00e6station i en given sport<\/em>, men bidrager efterf\u00f8lgende til bedre muskelrestitution. Takket v\u00e6re det faktum, at der er andre alternativer, kan du ikke kun bruge dem p\u00e5 benene, men ogs\u00e5 p\u00e5 armene.<\/p>\n\n\n\n<h2 class=\"wp-block-heading\">Kompressionsstr\u00f8mper og deres design<\/h2>\n\n\n\n<p>Vi har delvist antydet, at kn\u00e6beskyttere ikke er det eneste, der kan give <strong>den n\u00f8dvendige kompression<\/strong>. Sokkerne b\u00e6res p\u00e5 f\u00f8dderne. Forskellen mellem dem er, at sokkerne er fuldgyldige, inklusive den nederste del i ankel- og fodomr\u00e5det. Der findes b\u00e5de l\u00e6g- og l\u00e5rstr\u00f8mper. Kompressions\u00e6rmerne er et kapitel for sig selv.<\/p>\n\n\n\n<h3 class=\"wp-block-heading\">Vigtige sp\u00f8rgsm\u00e5l og svar<\/h3>\n\n\n\n<p>N\u00e5r du k\u00f8ber kompression <strong>Kn\u00e6beskyttere<\/strong> b\u00f8r du fokusere p\u00e5 et par n\u00f8gleparametre. Kompressionsmetoden i forhold til dine krav og sporten spiller ogs\u00e5 ind. Du kan l\u00e6se flere detaljer i sp\u00f8rgsm\u00e5lene og svarene nedenfor.<\/p>\n\n\n\n<div class=\"schema-faq wp-block-yoast-faq-block\"><div class=\"schema-faq-section\" id=\"faq-question-1690806959232\"><strong class=\"schema-faq-question\">Hvad er fordelene ved kompressionsstr\u00f8mper?<\/strong> <p class=\"schema-faq-answer\">De sikrer akillessenen mere og giver fuldst\u00e6ndig kompression. Det g\u00e6lder b\u00e5de foden og l\u00e6ggen eller kn\u00e6et.<\/p> <\/div> <div class=\"schema-faq-section\" id=\"faq-question-1690806967392\"><strong class=\"schema-faq-question\">Hvad er fordelene ved et calf sleeve?<\/strong> <p class=\"schema-faq-answer\">Den holder ofte bedre end en sok. Man slipper for at skifte str\u00f8mper, og det giver mere frihed til at kl\u00e6de sig p\u00e5.<\/p> <\/div> <div class=\"schema-faq-section\" id=\"faq-question-1690806976722\"><strong class=\"schema-faq-question\">Hvad er gradueret kompression?<\/strong> <p class=\"schema-faq-answer\">Denne type kompression er prim\u00e6rt rettet mod pr\u00e6station og restitution. Denne type str\u00f8mper er de mest almindelige og de mest indsn\u00e6vrende, is\u00e6r i omr\u00e5det over anklen.<\/p> <\/div> <div class=\"schema-faq-section\" id=\"faq-question-1690806986461\"><strong class=\"schema-faq-question\">Hvad er m\u00e5lrettet kompression?<\/strong> <p class=\"schema-faq-answer\">Kompressionsstr\u00f8mper af denne type er beregnet til ekstreme belastninger og sportsgrene. Den er rettet mod en bestemt muskel, som f\u00e5r maksimal kompression.<\/p> <\/div> <div class=\"schema-faq-section\" id=\"faq-question-1690807005493\"><strong class=\"schema-faq-question\">Hvad menes der med medicinsk kompression?<\/strong> <p class=\"schema-faq-answer\">Det er kn\u00e6beskyttere, der overholder den relevante sundhedsstandard, deraf kompressionsklassen. De er for eksempel ideelle i forbindelse med vaskul\u00e6re sygdomme.<\/p> <\/div> <\/div>","protected":false},"excerpt":{"rendered":"<p>Kompressionsstr\u00f8mper er noget lidt andet end sportsstr\u00f8mper. Selv om begge dele bruges i sport, udfylder hvert af disse produkter en lidt anden rolle. Som navnet \"kompression\" afsl\u00f8rer, spiller kompression en vigtig rolle her. Og hvad bruges disse sokker egentlig til? Kvalitetskompressionsstr\u00f8mper p\u00e5virker ikke kun din pr\u00e6station i en given sportsgren, men ogs\u00e5 ... <\/p>","protected":false},"author":2,"featured_media":1341,"comment_status":"closed","ping_status":"closed","sticky":false,"template":"","format":"standard","meta":{"footnotes":""},"categories":[9],"tags":[1599,1597,1595,1598,1601,1602,1603,1596,1600],"class_list":["post-1340","post","type-post","status-publish","format-standard","has-post-thumbnail","hentry","category-sport","tag-fixace","tag-komprese","tag-kompresni-podkolenky","tag-krevni-obeh","tag-navlek","tag-navleky","tag-podkolenka","tag-podkolenky","tag-vykonnost"],"yoast_head":"<!-- This site is optimized with the Yoast SEO plugin v27.4 - https:\/\/yoast.com\/product\/yoast-seo-wordpress\/ -->\n<title>Kompresn\u00ed podkolenky maj\u00ed sv\u016fj v\u00fdznam - REGBU.COM<\/title>\n<meta name=\"description\" content=\"Po\u0159i\u010fte si kompresn\u00ed podkolenky, a\u0165 u\u017e b\u011bh\u00e1te nebo se v\u011bnujete jin\u00fdm pohybov\u00fdm aktivit\u00e1m. Uvid\u00edte, \u017ee V\u00e1m p\u0159ijdou vhod.\" \/>\n<meta name=\"robots\" content=\"index, follow, max-snippet:-1, max-image-preview:large, max-video-preview:-1\" \/>\n<link rel=\"canonical\" href=\"https:\/\/regbu.com\/da\/kompressions-knaebeskyttere-har-deres-betydning\/\" \/>\n<meta property=\"og:locale\" content=\"da_DK\" \/>\n<meta property=\"og:type\" content=\"article\" \/>\n<meta property=\"og:title\" content=\"Kompresn\u00ed podkolenky maj\u00ed sv\u016fj v\u00fdznam - REGBU.COM\" \/>\n<meta property=\"og:description\" content=\"Po\u0159i\u010fte si kompresn\u00ed podkolenky, a\u0165 u\u017e b\u011bh\u00e1te nebo se v\u011bnujete jin\u00fdm pohybov\u00fdm aktivit\u00e1m. Uvid\u00edte, \u017ee V\u00e1m p\u0159ijdou vhod.\" \/>\n<meta property=\"og:url\" content=\"https:\/\/regbu.com\/da\/kompressions-knaebeskyttere-har-deres-betydning\/\" \/>\n<meta property=\"og:site_name\" content=\"REGBU.COM\" \/>\n<meta property=\"article:published_time\" content=\"2023-07-31T12:39:23+00:00\" \/>\n<meta property=\"article:modified_time\" content=\"2025-09-05T05:40:32+00:00\" \/>\n<meta property=\"og:image\" content=\"https:\/\/regbu.com\/wp-content\/uploads\/2023\/07\/kompresni-podkolenky-maji-svuj-vyznam.jpg\" \/>\n\t<meta property=\"og:image:width\" content=\"1200\" \/>\n\t<meta property=\"og:image:height\" content=\"677\" \/>\n\t<meta property=\"og:image:type\" content=\"image\/jpeg\" \/>\n<meta name=\"author\" content=\"George Martin\" \/>\n<meta name=\"twitter:card\" content=\"summary_large_image\" \/>\n<meta name=\"twitter:label1\" content=\"Skrevet af\" \/>\n\t<meta name=\"twitter:data1\" content=\"George Martin\" \/>\n\t<meta name=\"twitter:label2\" content=\"Estimeret l\u00e6setid\" \/>\n\t<meta name=\"twitter:data2\" content=\"2 minutter\" \/>\n<script type=\"application\/ld+json\" class=\"yoast-schema-graph\">{\"@context\":\"https:\\\/\\\/schema.org\",\"@graph\":[{\"@type\":\"Article\",\"@id\":\"https:\\\/\\\/regbu.com\\\/da\\\/kompressions-knaebeskyttere-har-deres-betydning\\\/#article\",\"isPartOf\":{\"@id\":\"https:\\\/\\\/regbu.com\\\/da\\\/kompressions-knaebeskyttere-har-deres-betydning\\\/\"},\"author\":{\"name\":\"George Martin\",\"@id\":\"https:\\\/\\\/regbu.com\\\/en\\\/#\\\/schema\\\/person\\\/94ea9deda2629771b8a9ced002f6784e\"},\"headline\":\"Kompresn\u00ed podkolenky maj\u00ed sv\u016fj v\u00fdznam\",\"datePublished\":\"2023-07-31T12:39:23+00:00\",\"dateModified\":\"2025-09-05T05:40:32+00:00\",\"mainEntityOfPage\":{\"@id\":\"https:\\\/\\\/regbu.com\\\/da\\\/kompressions-knaebeskyttere-har-deres-betydning\\\/\"},\"wordCount\":438,\"image\":{\"@id\":\"https:\\\/\\\/regbu.com\\\/da\\\/kompressions-knaebeskyttere-har-deres-betydning\\\/#primaryimage\"},\"thumbnailUrl\":\"https:\\\/\\\/regbu.com\\\/wp-content\\\/uploads\\\/2023\\\/07\\\/kompresni-podkolenky-maji-svuj-vyznam.jpg\",\"keywords\":[\"fixace\",\"komprese\",\"kompresn\u00ed podkolenky\",\"krevn\u00ed ob\u011bh\",\"n\u00e1vlek\",\"n\u00e1vleky\",\"podkolenka\",\"podkolenky\",\"v\u00fdkonnost\"],\"articleSection\":[\"Sport\"],\"inLanguage\":\"da-DK\"},{\"@type\":[\"WebPage\",\"FAQPage\"],\"@id\":\"https:\\\/\\\/regbu.com\\\/da\\\/kompressions-knaebeskyttere-har-deres-betydning\\\/\",\"url\":\"https:\\\/\\\/regbu.com\\\/da\\\/kompressions-knaebeskyttere-har-deres-betydning\\\/\",\"name\":\"Kompresn\u00ed podkolenky maj\u00ed sv\u016fj v\u00fdznam - REGBU.COM\",\"isPartOf\":{\"@id\":\"https:\\\/\\\/regbu.com\\\/en\\\/#website\"},\"primaryImageOfPage\":{\"@id\":\"https:\\\/\\\/regbu.com\\\/da\\\/kompressions-knaebeskyttere-har-deres-betydning\\\/#primaryimage\"},\"image\":{\"@id\":\"https:\\\/\\\/regbu.com\\\/da\\\/kompressions-knaebeskyttere-har-deres-betydning\\\/#primaryimage\"},\"thumbnailUrl\":\"https:\\\/\\\/regbu.com\\\/wp-content\\\/uploads\\\/2023\\\/07\\\/kompresni-podkolenky-maji-svuj-vyznam.jpg\",\"datePublished\":\"2023-07-31T12:39:23+00:00\",\"dateModified\":\"2025-09-05T05:40:32+00:00\",\"author\":{\"@id\":\"https:\\\/\\\/regbu.com\\\/en\\\/#\\\/schema\\\/person\\\/94ea9deda2629771b8a9ced002f6784e\"},\"description\":\"Po\u0159i\u010fte si kompresn\u00ed podkolenky, a\u0165 u\u017e b\u011bh\u00e1te nebo se v\u011bnujete jin\u00fdm pohybov\u00fdm aktivit\u00e1m. Uvid\u00edte, \u017ee V\u00e1m p\u0159ijdou vhod.\",\"breadcrumb\":{\"@id\":\"https:\\\/\\\/regbu.com\\\/da\\\/kompressions-knaebeskyttere-har-deres-betydning\\\/#breadcrumb\"},\"mainEntity\":[{\"@id\":\"https:\\\/\\\/regbu.com\\\/da\\\/kompressions-knaebeskyttere-har-deres-betydning\\\/#faq-question-1690806959232\"},{\"@id\":\"https:\\\/\\\/regbu.com\\\/da\\\/kompressions-knaebeskyttere-har-deres-betydning\\\/#faq-question-1690806967392\"},{\"@id\":\"https:\\\/\\\/regbu.com\\\/da\\\/kompressions-knaebeskyttere-har-deres-betydning\\\/#faq-question-1690806976722\"},{\"@id\":\"https:\\\/\\\/regbu.com\\\/da\\\/kompressions-knaebeskyttere-har-deres-betydning\\\/#faq-question-1690806986461\"},{\"@id\":\"https:\\\/\\\/regbu.com\\\/da\\\/kompressions-knaebeskyttere-har-deres-betydning\\\/#faq-question-1690807005493\"}],\"inLanguage\":\"da-DK\",\"potentialAction\":[{\"@type\":\"ReadAction\",\"target\":[\"https:\\\/\\\/regbu.com\\\/da\\\/kompressions-knaebeskyttere-har-deres-betydning\\\/\"]}]},{\"@type\":\"ImageObject\",\"inLanguage\":\"da-DK\",\"@id\":\"https:\\\/\\\/regbu.com\\\/da\\\/kompressions-knaebeskyttere-har-deres-betydning\\\/#primaryimage\",\"url\":\"https:\\\/\\\/regbu.com\\\/wp-content\\\/uploads\\\/2023\\\/07\\\/kompresni-podkolenky-maji-svuj-vyznam.jpg\",\"contentUrl\":\"https:\\\/\\\/regbu.com\\\/wp-content\\\/uploads\\\/2023\\\/07\\\/kompresni-podkolenky-maji-svuj-vyznam.jpg\",\"width\":1200,\"height\":677,\"caption\":\"Kompresn\u00ed podkolenky maj\u00ed sv\u016fj v\u00fdznam\"},{\"@type\":\"BreadcrumbList\",\"@id\":\"https:\\\/\\\/regbu.com\\\/da\\\/kompressions-knaebeskyttere-har-deres-betydning\\\/#breadcrumb\",\"itemListElement\":[{\"@type\":\"ListItem\",\"position\":1,\"name\":\"Home\",\"item\":\"https:\\\/\\\/regbu.com\\\/en\\\/\"},{\"@type\":\"ListItem\",\"position\":2,\"name\":\"Kompresn\u00ed podkolenky maj\u00ed sv\u016fj v\u00fdznam\"}]},{\"@type\":\"WebSite\",\"@id\":\"https:\\\/\\\/regbu.com\\\/en\\\/#website\",\"url\":\"https:\\\/\\\/regbu.com\\\/en\\\/\",\"name\":\"REGBU.COM\",\"description\":\"\",\"potentialAction\":[{\"@type\":\"SearchAction\",\"target\":{\"@type\":\"EntryPoint\",\"urlTemplate\":\"https:\\\/\\\/regbu.com\\\/en\\\/?s={search_term_string}\"},\"query-input\":{\"@type\":\"PropertyValueSpecification\",\"valueRequired\":true,\"valueName\":\"search_term_string\"}}],\"inLanguage\":\"da-DK\"},{\"@type\":\"Person\",\"@id\":\"https:\\\/\\\/regbu.com\\\/en\\\/#\\\/schema\\\/person\\\/94ea9deda2629771b8a9ced002f6784e\",\"name\":\"George Martin\",\"url\":\"https:\\\/\\\/regbu.com\\\/da\\\/author\\\/george-martin\\\/\"},{\"@type\":\"Question\",\"@id\":\"https:\\\/\\\/regbu.com\\\/da\\\/kompressions-knaebeskyttere-har-deres-betydning\\\/#faq-question-1690806959232\",\"position\":1,\"url\":\"https:\\\/\\\/regbu.com\\\/da\\\/kompressions-knaebeskyttere-har-deres-betydning\\\/#faq-question-1690806959232\",\"name\":\"Jak\u00e9 v\u00fdhody maj\u00ed kompresn\u00ed podkolenky?\",\"answerCount\":1,\"acceptedAnswer\":{\"@type\":\"Answer\",\"text\":\"V\u00edce zabezpe\u010duj\u00ed Achillovu \u0161lachu a p\u0159in\u00e1\u0161\u00ed kompletn\u00ed kompresi. Ta se t\u00fdk\u00e1 jak chodidla, tak l\u00fdtka, pop\u0159\u00edpad\u011b kolene.\",\"inLanguage\":\"da-DK\"},\"inLanguage\":\"da-DK\"},{\"@type\":\"Question\",\"@id\":\"https:\\\/\\\/regbu.com\\\/da\\\/kompressions-knaebeskyttere-har-deres-betydning\\\/#faq-question-1690806967392\",\"position\":2,\"url\":\"https:\\\/\\\/regbu.com\\\/da\\\/kompressions-knaebeskyttere-har-deres-betydning\\\/#faq-question-1690806967392\",\"name\":\"V \u010dem spo\u010d\u00edvaj\u00ed klady l\u00fdtkov\u00e9ho n\u00e1vleku?\",\"answerCount\":1,\"acceptedAnswer\":{\"@type\":\"Answer\",\"text\":\"Ten dr\u017e\u00ed mnohdy l\u00e9pe ne\u017e podkolenka. Nen\u00ed spojen s v\u00fdm\u011bnou pono\u017eek a p\u0159in\u00e1\u0161\u00ed v\u011bt\u0161\u00ed volnost v r\u00e1mci obl\u00e9k\u00e1n\u00ed.\",\"inLanguage\":\"da-DK\"},\"inLanguage\":\"da-DK\"},{\"@type\":\"Question\",\"@id\":\"https:\\\/\\\/regbu.com\\\/da\\\/kompressions-knaebeskyttere-har-deres-betydning\\\/#faq-question-1690806976722\",\"position\":3,\"url\":\"https:\\\/\\\/regbu.com\\\/da\\\/kompressions-knaebeskyttere-har-deres-betydning\\\/#faq-question-1690806976722\",\"name\":\"Co je to odstup\u0148ovan\u00e1 komprese?\",\"answerCount\":1,\"acceptedAnswer\":{\"@type\":\"Answer\",\"text\":\"Tento typ komprese c\u00edl\u00ed prim\u00e1rn\u011b na v\u00fdkon a regeneraci. Podkolenky tohoto typu jsou nejb\u011b\u017en\u011bj\u0161\u00ed a nejv\u00edce stahuj\u00ed p\u0159edev\u0161\u00edm v oblasti nad kotn\u00edkem.\",\"inLanguage\":\"da-DK\"},\"inLanguage\":\"da-DK\"},{\"@type\":\"Question\",\"@id\":\"https:\\\/\\\/regbu.com\\\/da\\\/kompressions-knaebeskyttere-har-deres-betydning\\\/#faq-question-1690806986461\",\"position\":4,\"url\":\"https:\\\/\\\/regbu.com\\\/da\\\/kompressions-knaebeskyttere-har-deres-betydning\\\/#faq-question-1690806986461\",\"name\":\"\u010c\u00edm se vyzna\u010duje c\u00edlen\u00e1 komprese?\",\"answerCount\":1,\"acceptedAnswer\":{\"@type\":\"Answer\",\"text\":\"Kompresn\u00ed podkolenky tohoto typu jsou zam\u011b\u0159eny na extr\u00e9mn\u00ed z\u00e1t\u011b\u017e a sporty. C\u00edleno je na jeden konkr\u00e9tn\u00ed sval, jemu\u017e se dost\u00e1v\u00e1 maxim\u00e1ln\u00ed komprese.\",\"inLanguage\":\"da-DK\"},\"inLanguage\":\"da-DK\"},{\"@type\":\"Question\",\"@id\":\"https:\\\/\\\/regbu.com\\\/da\\\/kompressions-knaebeskyttere-har-deres-betydning\\\/#faq-question-1690807005493\",\"position\":5,\"url\":\"https:\\\/\\\/regbu.com\\\/da\\\/kompressions-knaebeskyttere-har-deres-betydning\\\/#faq-question-1690807005493\",\"name\":\"Co si p\u0159edstavit pod pojmem zdravotn\u00ed komprese?\",\"answerCount\":1,\"acceptedAnswer\":{\"@type\":\"Answer\",\"text\":\"Jedn\u00e1 se o podkolenky odpov\u00eddaj\u00edc\u00ed p\u0159\u00edslu\u0161n\u00e9 zdravotn\u00ed norm\u011b, pota\u017emo kompresn\u00ed t\u0159\u00edd\u011b. Ide\u00e1ln\u00ed jsou nap\u0159\u00edklad v r\u00e1mci c\u00e9vn\u00edch onemocn\u011bn\u00ed.\",\"inLanguage\":\"da-DK\"},\"inLanguage\":\"da-DK\"}]}<\/script>\n<!-- \/ Yoast SEO plugin. -->","yoast_head_json":{"title":"Kompressionsstr\u00f8mper har deres betydning - REGBU.COM","description":"K\u00f8b kompressionsstr\u00f8mper, uanset om du l\u00f8ber eller dyrker andre fysiske aktiviteter. Du vil opdage, at de er praktiske.","robots":{"index":"index","follow":"follow","max-snippet":"max-snippet:-1","max-image-preview":"max-image-preview:large","max-video-preview":"max-video-preview:-1"},"canonical":"https:\/\/regbu.com\/da\/kompressions-knaebeskyttere-har-deres-betydning\/","og_locale":"da_DK","og_type":"article","og_title":"Kompresn\u00ed podkolenky maj\u00ed sv\u016fj v\u00fdznam - REGBU.COM","og_description":"Po\u0159i\u010fte si kompresn\u00ed podkolenky, a\u0165 u\u017e b\u011bh\u00e1te nebo se v\u011bnujete jin\u00fdm pohybov\u00fdm aktivit\u00e1m. Uvid\u00edte, \u017ee V\u00e1m p\u0159ijdou vhod.","og_url":"https:\/\/regbu.com\/da\/kompressions-knaebeskyttere-har-deres-betydning\/","og_site_name":"REGBU.COM","article_published_time":"2023-07-31T12:39:23+00:00","article_modified_time":"2025-09-05T05:40:32+00:00","og_image":[{"width":1200,"height":677,"url":"https:\/\/regbu.com\/wp-content\/uploads\/2023\/07\/kompresni-podkolenky-maji-svuj-vyznam.jpg","type":"image\/jpeg"}],"author":"George Martin","twitter_card":"summary_large_image","twitter_misc":{"Skrevet af":"George Martin","Estimeret l\u00e6setid":"2 minutter"},"schema":{"@context":"https:\/\/schema.org","@graph":[{"@type":"Article","@id":"https:\/\/regbu.com\/da\/kompressions-knaebeskyttere-har-deres-betydning\/#article","isPartOf":{"@id":"https:\/\/regbu.com\/da\/kompressions-knaebeskyttere-har-deres-betydning\/"},"author":{"name":"George Martin","@id":"https:\/\/regbu.com\/en\/#\/schema\/person\/94ea9deda2629771b8a9ced002f6784e"},"headline":"Kompresn\u00ed podkolenky maj\u00ed sv\u016fj v\u00fdznam","datePublished":"2023-07-31T12:39:23+00:00","dateModified":"2025-09-05T05:40:32+00:00","mainEntityOfPage":{"@id":"https:\/\/regbu.com\/da\/kompressions-knaebeskyttere-har-deres-betydning\/"},"wordCount":438,"image":{"@id":"https:\/\/regbu.com\/da\/kompressions-knaebeskyttere-har-deres-betydning\/#primaryimage"},"thumbnailUrl":"https:\/\/regbu.com\/wp-content\/uploads\/2023\/07\/kompresni-podkolenky-maji-svuj-vyznam.jpg","keywords":["fixace","komprese","kompresn\u00ed podkolenky","krevn\u00ed ob\u011bh","n\u00e1vlek","n\u00e1vleky","podkolenka","podkolenky","v\u00fdkonnost"],"articleSection":["Sport"],"inLanguage":"da-DK"},{"@type":["WebPage","FAQPage"],"@id":"https:\/\/regbu.com\/da\/kompressions-knaebeskyttere-har-deres-betydning\/","url":"https:\/\/regbu.com\/da\/kompressions-knaebeskyttere-har-deres-betydning\/","name":"Kompressionsstr\u00f8mper har deres betydning - REGBU.COM","isPartOf":{"@id":"https:\/\/regbu.com\/en\/#website"},"primaryImageOfPage":{"@id":"https:\/\/regbu.com\/da\/kompressions-knaebeskyttere-har-deres-betydning\/#primaryimage"},"image":{"@id":"https:\/\/regbu.com\/da\/kompressions-knaebeskyttere-har-deres-betydning\/#primaryimage"},"thumbnailUrl":"https:\/\/regbu.com\/wp-content\/uploads\/2023\/07\/kompresni-podkolenky-maji-svuj-vyznam.jpg","datePublished":"2023-07-31T12:39:23+00:00","dateModified":"2025-09-05T05:40:32+00:00","author":{"@id":"https:\/\/regbu.com\/en\/#\/schema\/person\/94ea9deda2629771b8a9ced002f6784e"},"description":"K\u00f8b kompressionsstr\u00f8mper, uanset om du l\u00f8ber eller dyrker andre fysiske aktiviteter. Du vil opdage, at de er praktiske.","breadcrumb":{"@id":"https:\/\/regbu.com\/da\/kompressions-knaebeskyttere-har-deres-betydning\/#breadcrumb"},"mainEntity":[{"@id":"https:\/\/regbu.com\/da\/kompressions-knaebeskyttere-har-deres-betydning\/#faq-question-1690806959232"},{"@id":"https:\/\/regbu.com\/da\/kompressions-knaebeskyttere-har-deres-betydning\/#faq-question-1690806967392"},{"@id":"https:\/\/regbu.com\/da\/kompressions-knaebeskyttere-har-deres-betydning\/#faq-question-1690806976722"},{"@id":"https:\/\/regbu.com\/da\/kompressions-knaebeskyttere-har-deres-betydning\/#faq-question-1690806986461"},{"@id":"https:\/\/regbu.com\/da\/kompressions-knaebeskyttere-har-deres-betydning\/#faq-question-1690807005493"}],"inLanguage":"da-DK","potentialAction":[{"@type":"ReadAction","target":["https:\/\/regbu.com\/da\/kompressions-knaebeskyttere-har-deres-betydning\/"]}]},{"@type":"ImageObject","inLanguage":"da-DK","@id":"https:\/\/regbu.com\/da\/kompressions-knaebeskyttere-har-deres-betydning\/#primaryimage","url":"https:\/\/regbu.com\/wp-content\/uploads\/2023\/07\/kompresni-podkolenky-maji-svuj-vyznam.jpg","contentUrl":"https:\/\/regbu.com\/wp-content\/uploads\/2023\/07\/kompresni-podkolenky-maji-svuj-vyznam.jpg","width":1200,"height":677,"caption":"Kompresn\u00ed podkolenky maj\u00ed sv\u016fj v\u00fdznam"},{"@type":"BreadcrumbList","@id":"https:\/\/regbu.com\/da\/kompressions-knaebeskyttere-har-deres-betydning\/#breadcrumb","itemListElement":[{"@type":"ListItem","position":1,"name":"Home","item":"https:\/\/regbu.com\/en\/"},{"@type":"ListItem","position":2,"name":"Kompresn\u00ed podkolenky maj\u00ed sv\u016fj v\u00fdznam"}]},{"@type":"WebSite","@id":"https:\/\/regbu.com\/en\/#website","url":"https:\/\/regbu.com\/en\/","name":"REGBU.COM","description":"","potentialAction":[{"@type":"SearchAction","target":{"@type":"EntryPoint","urlTemplate":"https:\/\/regbu.com\/en\/?s={search_term_string}"},"query-input":{"@type":"PropertyValueSpecification","valueRequired":true,"valueName":"search_term_string"}}],"inLanguage":"da-DK"},{"@type":"Person","@id":"https:\/\/regbu.com\/en\/#\/schema\/person\/94ea9deda2629771b8a9ced002f6784e","name":"George Martin","url":"https:\/\/regbu.com\/da\/author\/george-martin\/"},{"@type":"Question","@id":"https:\/\/regbu.com\/da\/kompressions-knaebeskyttere-har-deres-betydning\/#faq-question-1690806959232","position":1,"url":"https:\/\/regbu.com\/da\/kompressions-knaebeskyttere-har-deres-betydning\/#faq-question-1690806959232","name":"Hvad er fordelene ved kompressionsstr\u00f8mper?","answerCount":1,"acceptedAnswer":{"@type":"Answer","text":"V\u00edce zabezpe\u010duj\u00ed Achillovu \u0161lachu a p\u0159in\u00e1\u0161\u00ed kompletn\u00ed kompresi. Ta se t\u00fdk\u00e1 jak chodidla, tak l\u00fdtka, pop\u0159\u00edpad\u011b kolene.","inLanguage":"da-DK"},"inLanguage":"da-DK"},{"@type":"Question","@id":"https:\/\/regbu.com\/da\/kompressions-knaebeskyttere-har-deres-betydning\/#faq-question-1690806967392","position":2,"url":"https:\/\/regbu.com\/da\/kompressions-knaebeskyttere-har-deres-betydning\/#faq-question-1690806967392","name":"Hvad er fordelene ved et calf sleeve?","answerCount":1,"acceptedAnswer":{"@type":"Answer","text":"Ten dr\u017e\u00ed mnohdy l\u00e9pe ne\u017e podkolenka. Nen\u00ed spojen s v\u00fdm\u011bnou pono\u017eek a p\u0159in\u00e1\u0161\u00ed v\u011bt\u0161\u00ed volnost v r\u00e1mci obl\u00e9k\u00e1n\u00ed.","inLanguage":"da-DK"},"inLanguage":"da-DK"},{"@type":"Question","@id":"https:\/\/regbu.com\/da\/kompressions-knaebeskyttere-har-deres-betydning\/#faq-question-1690806976722","position":3,"url":"https:\/\/regbu.com\/da\/kompressions-knaebeskyttere-har-deres-betydning\/#faq-question-1690806976722","name":"Hvad er gradueret kompression?","answerCount":1,"acceptedAnswer":{"@type":"Answer","text":"Tento typ komprese c\u00edl\u00ed prim\u00e1rn\u011b na v\u00fdkon a regeneraci. Podkolenky tohoto typu jsou nejb\u011b\u017en\u011bj\u0161\u00ed a nejv\u00edce stahuj\u00ed p\u0159edev\u0161\u00edm v oblasti nad kotn\u00edkem.","inLanguage":"da-DK"},"inLanguage":"da-DK"},{"@type":"Question","@id":"https:\/\/regbu.com\/da\/kompressions-knaebeskyttere-har-deres-betydning\/#faq-question-1690806986461","position":4,"url":"https:\/\/regbu.com\/da\/kompressions-knaebeskyttere-har-deres-betydning\/#faq-question-1690806986461","name":"Hvad er m\u00e5lrettet kompression?","answerCount":1,"acceptedAnswer":{"@type":"Answer","text":"Kompresn\u00ed podkolenky tohoto typu jsou zam\u011b\u0159eny na extr\u00e9mn\u00ed z\u00e1t\u011b\u017e a sporty. C\u00edleno je na jeden konkr\u00e9tn\u00ed sval, jemu\u017e se dost\u00e1v\u00e1 maxim\u00e1ln\u00ed komprese.","inLanguage":"da-DK"},"inLanguage":"da-DK"},{"@type":"Question","@id":"https:\/\/regbu.com\/da\/kompressions-knaebeskyttere-har-deres-betydning\/#faq-question-1690807005493","position":5,"url":"https:\/\/regbu.com\/da\/kompressions-knaebeskyttere-har-deres-betydning\/#faq-question-1690807005493","name":"Hvad menes der med medicinsk kompression?","answerCount":1,"acceptedAnswer":{"@type":"Answer","text":"Jedn\u00e1 se o podkolenky odpov\u00eddaj\u00edc\u00ed p\u0159\u00edslu\u0161n\u00e9 zdravotn\u00ed norm\u011b, pota\u017emo kompresn\u00ed t\u0159\u00edd\u011b. Ide\u00e1ln\u00ed jsou nap\u0159\u00edklad v r\u00e1mci c\u00e9vn\u00edch onemocn\u011bn\u00ed.","inLanguage":"da-DK"},"inLanguage":"da-DK"}]}},"_links":{"self":[{"href":"https:\/\/regbu.com\/da\/wp-json\/wp\/v2\/posts\/1340","targetHints":{"allow":["GET"]}}],"collection":[{"href":"https:\/\/regbu.com\/da\/wp-json\/wp\/v2\/posts"}],"about":[{"href":"https:\/\/regbu.com\/da\/wp-json\/wp\/v2\/types\/post"}],"author":[{"embeddable":true,"href":"https:\/\/regbu.com\/da\/wp-json\/wp\/v2\/users\/2"}],"replies":[{"embeddable":true,"href":"https:\/\/regbu.com\/da\/wp-json\/wp\/v2\/comments?post=1340"}],"version-history":[{"count":2,"href":"https:\/\/regbu.com\/da\/wp-json\/wp\/v2\/posts\/1340\/revisions"}],"predecessor-version":[{"id":1358,"href":"https:\/\/regbu.com\/da\/wp-json\/wp\/v2\/posts\/1340\/revisions\/1358"}],"wp:featuredmedia":[{"embeddable":true,"href":"https:\/\/regbu.com\/da\/wp-json\/wp\/v2\/media\/1341"}],"wp:attachment":[{"href":"https:\/\/regbu.com\/da\/wp-json\/wp\/v2\/media?parent=1340"}],"wp:term":[{"taxonomy":"category","embeddable":true,"href":"https:\/\/regbu.com\/da\/wp-json\/wp\/v2\/categories?post=1340"},{"taxonomy":"post_tag","embeddable":true,"href":"https:\/\/regbu.com\/da\/wp-json\/wp\/v2\/tags?post=1340"}],"curies":[{"name":"wp","href":"https:\/\/api.w.org\/{rel}","templated":true}]}}