{"id":1246,"date":"2023-07-24T07:14:50","date_gmt":"2023-07-24T05:14:50","guid":{"rendered":"https:\/\/regbu.com\/?p=1246"},"modified":"2025-09-05T07:40:39","modified_gmt":"2025-09-05T05:40:39","slug":"jeansy-a-jejich-designove-rozdeleni","status":"publish","type":"post","link":"https:\/\/regbu.com\/da\/jeans-og-deres-design-divisioner\/","title":{"rendered":"Jeans og deres designafdeling"},"content":{"rendered":"<p>Jeans er i dag et helt almindeligt tilbeh\u00f8r i vores garderobe, ligesom <strong><a href=\"https:\/\/regbu.com\/da\/herretojs-tricks-er-rigeligt-liked\/\">Skjorter til m\u00e6nd<\/a><\/strong>. De kan bruges til hverdag og kan blive en integreret del af selv de mest glamour\u00f8se begivenheder. Det vigtige er at v\u00e6lge det rigtige snit, der passer til din figur og simpelthen passer. Og hvad med historien om dette t\u00f8j?<\/p>\n\n\n\n<ul class=\"wp-block-list\">\n<li>F\u00f8rste gang n\u00e6vnt i 1853<\/li>\n\n\n\n<li>Oprindeligt arbejdsbukser<\/li>\n\n\n\n<li>Udvikling i 1950'erne<\/li>\n<\/ul>\n\n\n\n<p>Med tiden er arbejdst\u00f8j bogstaveligt talt blevet et modeikon. Et s\u00e5dant imagin\u00e6rt springbr\u00e6t var <strong>Levi's 501 buksemodel<\/strong>. Bukserne er til en vis grad blevet et symbol p\u00e5 rebelskhed og er blevet foretrukket af mange filmstjerner.<\/p>\n\n\n\n<h2 class=\"wp-block-heading\">Jeans - Fordeling efter snit<\/h2>\n\n\n\n<p>En enkel model er efterf\u00f8lgende blevet til flere forskellige stilarter, som du kan v\u00e6lge imellem i dag. Selve m\u00e6rket fort\u00e6ller dig, hvilket snit du kan forvente. Og det skal bem\u00e6rkes, at noget forskelligt passer til alle. S\u00e5 hvad kendetegner hver model?<\/p>\n\n\n\n<figure class=\"wp-block-table\"><table><tbody><tr><td><strong>Model<\/strong><\/td><td><strong>Karakteristika<\/strong><\/td><\/tr><tr><td>Skins jeans<\/td><td>De vikles rundt om hele benet<\/td><\/tr><tr><td>Slim jeans<\/td><td>Skind med lavere syv<\/td><\/tr><tr><td>Jeans med vidde<\/td><td>Klassiske piccoloer<\/td><\/tr><tr><td>Baggy jeans<\/td><td>Hip hop-bukser<\/td><\/tr><\/tbody><\/table><figcaption class=\"wp-element-caption\">Liste over de mest popul\u00e6re denimbukser.<\/figcaption><\/figure>\n\n\n\n<p>Det var baggy jeans-stilen, der oplevede sin st\u00f8rste storhedstid i 1990'erne. Mange vender dog stadig tilbage til den i dag, fordi den ser stilfuld og ekstravagant ud. Men det er kun en lille smagspr\u00f8ve p\u00e5, hvad moderne jeans har at byde p\u00e5.<\/p>\n\n\n\n<h3 class=\"wp-block-heading\">Pr\u00f8v andre bukseformer<\/h3>\n\n\n\n<p>Hvis du ikke har lyst til nogen af de ovenst\u00e5ende jeans, har vi nogle andre tips til dig. Et typisk eksempel er mom jeans, som sidder l\u00f8sere og har h\u00f8jere ben. Straight jeans er en absolut klassiker. De har lige ben og passer til stort set alt. De er mere eller mindre grundlaget for en let tilspidset stil kaldet <em>almindelige jeans eller tilspidsede jeans<\/em>. De legendariske Levi's 502 jeans er skabt i denne \u00e5nd.<\/p>\n\n\n\n<p>Du kan ogs\u00e5 indarbejde hoftejeans i din garderobe. Hvis du er interesseret i denne stil, skal du g\u00e5 efter m\u00e6rket <strong>Bootcut-jeans<\/strong>. Hvis du foretr\u00e6kker en l\u00f8sere stil, buede ben og en s\u00e6nket talje, skal du fork\u00e6le dig selv med Boyfriend-jeans.<\/p>","protected":false},"excerpt":{"rendered":"<p>Jeans er i dag et helt almindeligt tilbeh\u00f8r i vores garderobe, ligesom T-shirts til m\u00e6nd. De kan bruges til hverdag og kan ogs\u00e5 blive en integreret del af mere glamour\u00f8se begivenheder. Det vigtige er at v\u00e6lge det rigtige snit, der passer til din figur og simpelthen passer. Og hvad med dette t\u00f8js historie? Fra arbejdst\u00f8j til ... <\/p>","protected":false},"author":2,"featured_media":1247,"comment_status":"closed","ping_status":"closed","sticky":false,"template":"","format":"standard","meta":{"footnotes":""},"categories":[671],"tags":[1479,1473,1478,1474,1472,1016,716,824,1476,1477,1475],"class_list":["post-1246","post","type-post","status-publish","format-standard","has-post-thumbnail","hentry","category-moda","tag-baggy-jeans","tag-dziny","tag-flared-jeans","tag-jeans","tag-jeansy","tag-kalhoty","tag-moda","tag-obleceni","tag-skiny-jeans","tag-slim-jeans","tag-strih"],"yoast_head":"<!-- This site is optimized with the Yoast SEO plugin v27.5 - https:\/\/yoast.com\/product\/yoast-seo-wordpress\/ -->\n<title>Jeansy a jejich designov\u00e9 rozd\u011blen\u00ed - REGBU.COM<\/title>\n<meta name=\"description\" content=\"Vyberte si jeansy, kter\u00e9 V\u00e1m sednou nejl\u00e9pe. Mo\u017enost\u00ed je z hlediska volby v\u00edce ne\u017e dost. Prozrad\u00edme V\u00e1m, co je trendy.\" \/>\n<meta name=\"robots\" content=\"index, follow, max-snippet:-1, max-image-preview:large, max-video-preview:-1\" \/>\n<link rel=\"canonical\" href=\"https:\/\/regbu.com\/da\/jeans-og-deres-design-divisioner\/\" \/>\n<meta property=\"og:locale\" content=\"da_DK\" \/>\n<meta property=\"og:type\" content=\"article\" \/>\n<meta property=\"og:title\" content=\"Jeansy a jejich designov\u00e9 rozd\u011blen\u00ed - REGBU.COM\" \/>\n<meta property=\"og:description\" content=\"Vyberte si jeansy, kter\u00e9 V\u00e1m sednou nejl\u00e9pe. Mo\u017enost\u00ed je z hlediska volby v\u00edce ne\u017e dost. Prozrad\u00edme V\u00e1m, co je trendy.\" \/>\n<meta property=\"og:url\" content=\"https:\/\/regbu.com\/da\/jeans-og-deres-design-divisioner\/\" \/>\n<meta property=\"og:site_name\" content=\"REGBU.COM\" \/>\n<meta property=\"article:published_time\" content=\"2023-07-24T05:14:50+00:00\" \/>\n<meta property=\"article:modified_time\" content=\"2025-09-05T05:40:39+00:00\" \/>\n<meta property=\"og:image\" content=\"https:\/\/regbu.com\/wp-content\/uploads\/2023\/07\/jeansy-a-jejich-designove-rozdeleni.jpg\" \/>\n\t<meta property=\"og:image:width\" content=\"1200\" \/>\n\t<meta property=\"og:image:height\" content=\"677\" \/>\n\t<meta property=\"og:image:type\" content=\"image\/jpeg\" \/>\n<meta name=\"author\" content=\"George Martin\" \/>\n<meta name=\"twitter:card\" content=\"summary_large_image\" \/>\n<meta name=\"twitter:label1\" content=\"Skrevet af\" \/>\n\t<meta name=\"twitter:data1\" content=\"George Martin\" \/>\n\t<meta name=\"twitter:label2\" content=\"Estimeret l\u00e6setid\" \/>\n\t<meta name=\"twitter:data2\" content=\"2 minutter\" \/>\n<script type=\"application\/ld+json\" class=\"yoast-schema-graph\">{\"@context\":\"https:\\\/\\\/schema.org\",\"@graph\":[{\"@type\":\"Article\",\"@id\":\"https:\\\/\\\/regbu.com\\\/da\\\/jeans-og-deres-design-divisioner\\\/#article\",\"isPartOf\":{\"@id\":\"https:\\\/\\\/regbu.com\\\/da\\\/jeans-og-deres-design-divisioner\\\/\"},\"author\":{\"name\":\"George Martin\",\"@id\":\"https:\\\/\\\/regbu.com\\\/en\\\/#\\\/schema\\\/person\\\/94ea9deda2629771b8a9ced002f6784e\"},\"headline\":\"Jeansy a jejich designov\u00e9 rozd\u011blen\u00ed\",\"datePublished\":\"2023-07-24T05:14:50+00:00\",\"dateModified\":\"2025-09-05T05:40:39+00:00\",\"mainEntityOfPage\":{\"@id\":\"https:\\\/\\\/regbu.com\\\/da\\\/jeans-og-deres-design-divisioner\\\/\"},\"wordCount\":437,\"image\":{\"@id\":\"https:\\\/\\\/regbu.com\\\/da\\\/jeans-og-deres-design-divisioner\\\/#primaryimage\"},\"thumbnailUrl\":\"https:\\\/\\\/regbu.com\\\/wp-content\\\/uploads\\\/2023\\\/07\\\/jeansy-a-jejich-designove-rozdeleni.jpg\",\"keywords\":[\"baggy jeans\",\"d\u017e\u00edny\",\"flared jeans\",\"jeans\",\"jeansy\",\"kalhoty\",\"m\u00f3da\",\"oble\u010den\u00ed\",\"skiny jeans\",\"slim jeans\",\"st\u0159ih\"],\"articleSection\":[\"M\u00f3da\"],\"inLanguage\":\"da-DK\"},{\"@type\":\"WebPage\",\"@id\":\"https:\\\/\\\/regbu.com\\\/da\\\/jeans-og-deres-design-divisioner\\\/\",\"url\":\"https:\\\/\\\/regbu.com\\\/da\\\/jeans-og-deres-design-divisioner\\\/\",\"name\":\"Jeansy a jejich designov\u00e9 rozd\u011blen\u00ed - REGBU.COM\",\"isPartOf\":{\"@id\":\"https:\\\/\\\/regbu.com\\\/en\\\/#website\"},\"primaryImageOfPage\":{\"@id\":\"https:\\\/\\\/regbu.com\\\/da\\\/jeans-og-deres-design-divisioner\\\/#primaryimage\"},\"image\":{\"@id\":\"https:\\\/\\\/regbu.com\\\/da\\\/jeans-og-deres-design-divisioner\\\/#primaryimage\"},\"thumbnailUrl\":\"https:\\\/\\\/regbu.com\\\/wp-content\\\/uploads\\\/2023\\\/07\\\/jeansy-a-jejich-designove-rozdeleni.jpg\",\"datePublished\":\"2023-07-24T05:14:50+00:00\",\"dateModified\":\"2025-09-05T05:40:39+00:00\",\"author\":{\"@id\":\"https:\\\/\\\/regbu.com\\\/en\\\/#\\\/schema\\\/person\\\/94ea9deda2629771b8a9ced002f6784e\"},\"description\":\"Vyberte si jeansy, kter\u00e9 V\u00e1m sednou nejl\u00e9pe. Mo\u017enost\u00ed je z hlediska volby v\u00edce ne\u017e dost. Prozrad\u00edme V\u00e1m, co je trendy.\",\"breadcrumb\":{\"@id\":\"https:\\\/\\\/regbu.com\\\/da\\\/jeans-og-deres-design-divisioner\\\/#breadcrumb\"},\"inLanguage\":\"da-DK\",\"potentialAction\":[{\"@type\":\"ReadAction\",\"target\":[\"https:\\\/\\\/regbu.com\\\/da\\\/jeans-og-deres-design-divisioner\\\/\"]}]},{\"@type\":\"ImageObject\",\"inLanguage\":\"da-DK\",\"@id\":\"https:\\\/\\\/regbu.com\\\/da\\\/jeans-og-deres-design-divisioner\\\/#primaryimage\",\"url\":\"https:\\\/\\\/regbu.com\\\/wp-content\\\/uploads\\\/2023\\\/07\\\/jeansy-a-jejich-designove-rozdeleni.jpg\",\"contentUrl\":\"https:\\\/\\\/regbu.com\\\/wp-content\\\/uploads\\\/2023\\\/07\\\/jeansy-a-jejich-designove-rozdeleni.jpg\",\"width\":1200,\"height\":677,\"caption\":\"Jeansy a jejich designov\u00e9 rozd\u011blen\u00ed\"},{\"@type\":\"BreadcrumbList\",\"@id\":\"https:\\\/\\\/regbu.com\\\/da\\\/jeans-og-deres-design-divisioner\\\/#breadcrumb\",\"itemListElement\":[{\"@type\":\"ListItem\",\"position\":1,\"name\":\"Home\",\"item\":\"https:\\\/\\\/regbu.com\\\/en\\\/\"},{\"@type\":\"ListItem\",\"position\":2,\"name\":\"Jeansy a jejich designov\u00e9 rozd\u011blen\u00ed\"}]},{\"@type\":\"WebSite\",\"@id\":\"https:\\\/\\\/regbu.com\\\/en\\\/#website\",\"url\":\"https:\\\/\\\/regbu.com\\\/en\\\/\",\"name\":\"REGBU.COM\",\"description\":\"\",\"potentialAction\":[{\"@type\":\"SearchAction\",\"target\":{\"@type\":\"EntryPoint\",\"urlTemplate\":\"https:\\\/\\\/regbu.com\\\/en\\\/?s={search_term_string}\"},\"query-input\":{\"@type\":\"PropertyValueSpecification\",\"valueRequired\":true,\"valueName\":\"search_term_string\"}}],\"inLanguage\":\"da-DK\"},{\"@type\":\"Person\",\"@id\":\"https:\\\/\\\/regbu.com\\\/en\\\/#\\\/schema\\\/person\\\/94ea9deda2629771b8a9ced002f6784e\",\"name\":\"George Martin\",\"url\":\"https:\\\/\\\/regbu.com\\\/da\\\/author\\\/george-martin\\\/\"}]}<\/script>\n<!-- \/ Yoast SEO plugin. -->","yoast_head_json":{"title":"Jeans og deres designafdeling - REGBU.COM","description":"V\u00e6lg de jeans, der passer dig bedst. Der er mere end nok at v\u00e6lge imellem. Vi fort\u00e6ller dig, hvad der trender.","robots":{"index":"index","follow":"follow","max-snippet":"max-snippet:-1","max-image-preview":"max-image-preview:large","max-video-preview":"max-video-preview:-1"},"canonical":"https:\/\/regbu.com\/da\/jeans-og-deres-design-divisioner\/","og_locale":"da_DK","og_type":"article","og_title":"Jeansy a jejich designov\u00e9 rozd\u011blen\u00ed - REGBU.COM","og_description":"Vyberte si jeansy, kter\u00e9 V\u00e1m sednou nejl\u00e9pe. Mo\u017enost\u00ed je z hlediska volby v\u00edce ne\u017e dost. Prozrad\u00edme V\u00e1m, co je trendy.","og_url":"https:\/\/regbu.com\/da\/jeans-og-deres-design-divisioner\/","og_site_name":"REGBU.COM","article_published_time":"2023-07-24T05:14:50+00:00","article_modified_time":"2025-09-05T05:40:39+00:00","og_image":[{"width":1200,"height":677,"url":"https:\/\/regbu.com\/wp-content\/uploads\/2023\/07\/jeansy-a-jejich-designove-rozdeleni.jpg","type":"image\/jpeg"}],"author":"George Martin","twitter_card":"summary_large_image","twitter_misc":{"Skrevet af":"George Martin","Estimeret l\u00e6setid":"2 minutter"},"schema":{"@context":"https:\/\/schema.org","@graph":[{"@type":"Article","@id":"https:\/\/regbu.com\/da\/jeans-og-deres-design-divisioner\/#article","isPartOf":{"@id":"https:\/\/regbu.com\/da\/jeans-og-deres-design-divisioner\/"},"author":{"name":"George Martin","@id":"https:\/\/regbu.com\/en\/#\/schema\/person\/94ea9deda2629771b8a9ced002f6784e"},"headline":"Jeansy a jejich designov\u00e9 rozd\u011blen\u00ed","datePublished":"2023-07-24T05:14:50+00:00","dateModified":"2025-09-05T05:40:39+00:00","mainEntityOfPage":{"@id":"https:\/\/regbu.com\/da\/jeans-og-deres-design-divisioner\/"},"wordCount":437,"image":{"@id":"https:\/\/regbu.com\/da\/jeans-og-deres-design-divisioner\/#primaryimage"},"thumbnailUrl":"https:\/\/regbu.com\/wp-content\/uploads\/2023\/07\/jeansy-a-jejich-designove-rozdeleni.jpg","keywords":["baggy jeans","d\u017e\u00edny","flared jeans","jeans","jeansy","kalhoty","m\u00f3da","oble\u010den\u00ed","skiny jeans","slim jeans","st\u0159ih"],"articleSection":["M\u00f3da"],"inLanguage":"da-DK"},{"@type":"WebPage","@id":"https:\/\/regbu.com\/da\/jeans-og-deres-design-divisioner\/","url":"https:\/\/regbu.com\/da\/jeans-og-deres-design-divisioner\/","name":"Jeans og deres designafdeling - REGBU.COM","isPartOf":{"@id":"https:\/\/regbu.com\/en\/#website"},"primaryImageOfPage":{"@id":"https:\/\/regbu.com\/da\/jeans-og-deres-design-divisioner\/#primaryimage"},"image":{"@id":"https:\/\/regbu.com\/da\/jeans-og-deres-design-divisioner\/#primaryimage"},"thumbnailUrl":"https:\/\/regbu.com\/wp-content\/uploads\/2023\/07\/jeansy-a-jejich-designove-rozdeleni.jpg","datePublished":"2023-07-24T05:14:50+00:00","dateModified":"2025-09-05T05:40:39+00:00","author":{"@id":"https:\/\/regbu.com\/en\/#\/schema\/person\/94ea9deda2629771b8a9ced002f6784e"},"description":"V\u00e6lg de jeans, der passer dig bedst. Der er mere end nok at v\u00e6lge imellem. Vi fort\u00e6ller dig, hvad der trender.","breadcrumb":{"@id":"https:\/\/regbu.com\/da\/jeans-og-deres-design-divisioner\/#breadcrumb"},"inLanguage":"da-DK","potentialAction":[{"@type":"ReadAction","target":["https:\/\/regbu.com\/da\/jeans-og-deres-design-divisioner\/"]}]},{"@type":"ImageObject","inLanguage":"da-DK","@id":"https:\/\/regbu.com\/da\/jeans-og-deres-design-divisioner\/#primaryimage","url":"https:\/\/regbu.com\/wp-content\/uploads\/2023\/07\/jeansy-a-jejich-designove-rozdeleni.jpg","contentUrl":"https:\/\/regbu.com\/wp-content\/uploads\/2023\/07\/jeansy-a-jejich-designove-rozdeleni.jpg","width":1200,"height":677,"caption":"Jeansy a jejich designov\u00e9 rozd\u011blen\u00ed"},{"@type":"BreadcrumbList","@id":"https:\/\/regbu.com\/da\/jeans-og-deres-design-divisioner\/#breadcrumb","itemListElement":[{"@type":"ListItem","position":1,"name":"Home","item":"https:\/\/regbu.com\/en\/"},{"@type":"ListItem","position":2,"name":"Jeansy a jejich designov\u00e9 rozd\u011blen\u00ed"}]},{"@type":"WebSite","@id":"https:\/\/regbu.com\/en\/#website","url":"https:\/\/regbu.com\/en\/","name":"REGBU.COM","description":"","potentialAction":[{"@type":"SearchAction","target":{"@type":"EntryPoint","urlTemplate":"https:\/\/regbu.com\/en\/?s={search_term_string}"},"query-input":{"@type":"PropertyValueSpecification","valueRequired":true,"valueName":"search_term_string"}}],"inLanguage":"da-DK"},{"@type":"Person","@id":"https:\/\/regbu.com\/en\/#\/schema\/person\/94ea9deda2629771b8a9ced002f6784e","name":"George Martin","url":"https:\/\/regbu.com\/da\/author\/george-martin\/"}]}},"_links":{"self":[{"href":"https:\/\/regbu.com\/da\/wp-json\/wp\/v2\/posts\/1246","targetHints":{"allow":["GET"]}}],"collection":[{"href":"https:\/\/regbu.com\/da\/wp-json\/wp\/v2\/posts"}],"about":[{"href":"https:\/\/regbu.com\/da\/wp-json\/wp\/v2\/types\/post"}],"author":[{"embeddable":true,"href":"https:\/\/regbu.com\/da\/wp-json\/wp\/v2\/users\/2"}],"replies":[{"embeddable":true,"href":"https:\/\/regbu.com\/da\/wp-json\/wp\/v2\/comments?post=1246"}],"version-history":[{"count":2,"href":"https:\/\/regbu.com\/da\/wp-json\/wp\/v2\/posts\/1246\/revisions"}],"predecessor-version":[{"id":1257,"href":"https:\/\/regbu.com\/da\/wp-json\/wp\/v2\/posts\/1246\/revisions\/1257"}],"wp:featuredmedia":[{"embeddable":true,"href":"https:\/\/regbu.com\/da\/wp-json\/wp\/v2\/media\/1247"}],"wp:attachment":[{"href":"https:\/\/regbu.com\/da\/wp-json\/wp\/v2\/media?parent=1246"}],"wp:term":[{"taxonomy":"category","embeddable":true,"href":"https:\/\/regbu.com\/da\/wp-json\/wp\/v2\/categories?post=1246"},{"taxonomy":"post_tag","embeddable":true,"href":"https:\/\/regbu.com\/da\/wp-json\/wp\/v2\/tags?post=1246"}],"curies":[{"name":"wp","href":"https:\/\/api.w.org\/{rel}","templated":true}]}}