{"id":1144,"date":"2023-07-18T11:53:59","date_gmt":"2023-07-18T09:53:59","guid":{"rendered":"https:\/\/regbu.com\/?p=1144"},"modified":"2025-09-05T07:41:02","modified_gmt":"2025-09-05T05:41:02","slug":"vidensky-rizek-jako-symbol-rakouska","status":"publish","type":"post","link":"https:\/\/regbu.com\/da\/vidensky-rizek-som-symbol-paa-austrien\/","title":{"rendered":"Wienerschnitzel som symbol p\u00e5 \u00d8strig"},"content":{"rendered":"<p>Wiener Schnitzel beh\u00f8ver nok ikke nogen l\u00e6ngere introduktion. Den er meget velkendt i \u00d8strig, som f.eks. <strong><a href=\"https:\/\/regbu.com\/da\/koprova-omacka-hvordan-ved-du-det-ikke\/\">dildsauce<\/a> <\/strong>i Den Tjekkiske Republik. Men kun f\u00e5 mennesker ved, hvordan man tilbereder en s\u00e5dan delikatesse i henhold til en traditionel opskrift, der er beskrevet i detaljer. Og denne artikel tjener netop det form\u00e5l.<\/p>\n\n\n\n<ul class=\"wp-block-list\">\n<li>Du vil l\u00e6re, hvilket k\u00f8d schnitzlen er lavet af<\/li>\n\n\n\n<li>Du finder de n\u00f8dvendige ingredienser<\/li>\n\n\n\n<li>Vi vil fort\u00e6lle dig om forberedelsesproceduren<\/li>\n<\/ul>\n\n\n\n<p>Denne type schnitzel er en ren wienersag. Konceptet <em>Schnitzel<\/em> er helt hans egen. Ved f\u00f8rste \u00f8jekast en simpel ret, der kan f\u00e5 en umiskendelig smag og er praktisk, hver gang du vil fork\u00e6le dig selv med et stykke paneret k\u00f8d.<\/p>\n\n\n\n<h2 class=\"wp-block-heading\">Kalveben som basis for retten<\/h2>\n\n\n\n<p>N\u00e5r man siger wienerschnitzel, t\u00e6nker man helt sikkert ikke p\u00e5 kylling. Absolut ikke. Denne ret er domineret af kalveben. Men hvad <strong>K\u00f8d af bedre kvalitet<\/strong> du fork\u00e6ler dig selv med, jo bedre er kvaliteten af den mad, du tilbereder. Ud over selve k\u00f8det skal du selvf\u00f8lgelig ogs\u00e5 tilberede de andre ingredienser.<\/p>\n\n\n\n<figure class=\"wp-block-table\"><table><tbody><tr><td><strong>R\u00e5materiale<\/strong><\/td><td><strong>Antal<\/strong><\/td><\/tr><tr><td>Kalveben<\/td><td>1 kg<\/td><\/tr><tr><td>\u00c6g<\/td><td>3 stk.<\/td><\/tr><tr><td>Mel<\/td><td>Til indpakning<\/td><\/tr><tr><td>Strouhanka<\/td><td>Til indpakning<\/td><\/tr><tr><td>Sm\u00f8r<\/td><td>Genoptrykt fra<\/td><\/tr><tr><td>Citron<\/td><td>1 stk.<\/td><\/tr><\/tbody><\/table><figcaption class=\"wp-element-caption\">Hvad skal du bruge til at forberede denne ret?<\/figcaption><\/figure>\n\n\n\n<p>Selvf\u00f8lgelig b\u00f8r du ikke g\u00e5 glip af krydderier i form af salt, n\u00e5r du tilbereder wienerschnitzel. Hvis du beslutter dig for at spise schnitzlen med tilbeh\u00f8r, kan du f.eks. tilberede kartofler med persille.<\/p>\n\n\n\n<h3 class=\"wp-block-heading\">Wienerschnitzel - Tilberedningsprocedure<\/h3>\n\n\n\n<p>Begynd f\u00f8rst med at forberede k\u00f8det. Sk\u00e6r det i centimeterlange skiver. Hvis du sk\u00e6rer dem i halve, f\u00e5r du formen af den ber\u00f8mte sommerfugl, som vil skille sig ud p\u00e5 tallerkenen, n\u00e5r den er pakket ind. Det vigtige er, at k\u00f8det <strong>hakket i en tykkelse p\u00e5 fem millimeter og saltet<\/strong>. Pak det derefter ind p\u00e5 klassisk vis, som du plejer. Det sidste lag br\u00f8dkrummer i k\u00f8det m\u00e5 ikke sylte for meget. En ekspert vil fort\u00e6lle dig, at selv paneret k\u00f8d skal kunne \u00e5nde.<\/p>\n\n\n\n<p>Begynd derefter at stege. Du kan kende den sidste fase p\u00e5 br\u00f8dkrummernes gyldne farve. Steg k\u00f8det ved svag varme, s\u00e5 det bliver gennemstegt og saftigt p\u00e5 samme tid. Dryp et par dr\u00e5ber citron over wienerschnitzlen p\u00e5 tallerkenen. Du kan servere den med de f\u00f8rn\u00e6vnte kartofler og persille. God forn\u00f8jelse.<\/p>","protected":false},"excerpt":{"rendered":"<p>Wiener Schnitzel beh\u00f8ver nok ikke nogen lang introduktion. Den er meget velkendt i \u00d8strig, ligesom dildsauce i Tjekkiet. Men kun f\u00e5 mennesker ved, hvordan man tilbereder denne delikatesse i henhold til den traditionelle opskrift, der er beskrevet i detaljer. Og det er til disse form\u00e5l, at denne artikel tjener. Denne type schnitzel er en rent wiensk aff\u00e6re. Udtrykket Schnitzel er ... <\/p>","protected":false},"author":2,"featured_media":1145,"comment_status":"closed","ping_status":"closed","sticky":false,"template":"","format":"standard","meta":{"footnotes":""},"categories":[12],"tags":[39,1290,25,1287,1291,50,52,1288,1289,1275,1286],"class_list":["post-1144","post","type-post","status-publish","format-standard","has-post-thumbnail","hentry","category-vareni","tag-brambory","tag-kyta","tag-maso","tag-mouka","tag-petrzel","tag-rizek","tag-strouhanka","tag-teleci","tag-teleci-kyta","tag-vejce","tag-vidensky-rizek"],"yoast_head":"<!-- This site is optimized with the Yoast SEO plugin v27.4 - https:\/\/yoast.com\/product\/yoast-seo-wordpress\/ -->\n<title>V\u00edde\u0148sk\u00fd \u0159\u00edzek jako symbol Rakouska - REGBU.COM<\/title>\n<meta name=\"description\" content=\"Nen\u00ed nic snaz\u0161\u00edho, ne\u017e si p\u0159ipravit lahodn\u00fd v\u00edde\u0148sk\u00fd \u0159\u00edzek. Prozrad\u00edme V\u00e1m, jak takov\u00fd porkm snadno a rychle vytvo\u0159it.\" \/>\n<meta name=\"robots\" content=\"index, follow, max-snippet:-1, max-image-preview:large, max-video-preview:-1\" \/>\n<link rel=\"canonical\" href=\"https:\/\/regbu.com\/da\/vidensky-rizek-som-symbol-paa-austrien\/\" \/>\n<meta property=\"og:locale\" content=\"da_DK\" \/>\n<meta property=\"og:type\" content=\"article\" \/>\n<meta property=\"og:title\" content=\"V\u00edde\u0148sk\u00fd \u0159\u00edzek jako symbol Rakouska - REGBU.COM\" \/>\n<meta property=\"og:description\" content=\"Nen\u00ed nic snaz\u0161\u00edho, ne\u017e si p\u0159ipravit lahodn\u00fd v\u00edde\u0148sk\u00fd \u0159\u00edzek. Prozrad\u00edme V\u00e1m, jak takov\u00fd porkm snadno a rychle vytvo\u0159it.\" \/>\n<meta property=\"og:url\" content=\"https:\/\/regbu.com\/da\/vidensky-rizek-som-symbol-paa-austrien\/\" \/>\n<meta property=\"og:site_name\" content=\"REGBU.COM\" \/>\n<meta property=\"article:published_time\" content=\"2023-07-18T09:53:59+00:00\" \/>\n<meta property=\"article:modified_time\" content=\"2025-09-05T05:41:02+00:00\" \/>\n<meta property=\"og:image\" content=\"https:\/\/regbu.com\/wp-content\/uploads\/2023\/07\/vidensky-rizek-jako-symbol-rakouska.jpg\" \/>\n\t<meta property=\"og:image:width\" content=\"1200\" \/>\n\t<meta property=\"og:image:height\" content=\"676\" \/>\n\t<meta property=\"og:image:type\" content=\"image\/jpeg\" \/>\n<meta name=\"author\" content=\"George Martin\" \/>\n<meta name=\"twitter:card\" content=\"summary_large_image\" \/>\n<meta name=\"twitter:label1\" content=\"Skrevet af\" \/>\n\t<meta name=\"twitter:data1\" content=\"George Martin\" \/>\n\t<meta name=\"twitter:label2\" content=\"Estimeret l\u00e6setid\" \/>\n\t<meta name=\"twitter:data2\" content=\"2 minutter\" \/>\n<script type=\"application\/ld+json\" class=\"yoast-schema-graph\">{\"@context\":\"https:\\\/\\\/schema.org\",\"@graph\":[{\"@type\":\"Article\",\"@id\":\"https:\\\/\\\/regbu.com\\\/da\\\/vidensky-rizek-som-symbol-paa-austrien\\\/#article\",\"isPartOf\":{\"@id\":\"https:\\\/\\\/regbu.com\\\/da\\\/vidensky-rizek-som-symbol-paa-austrien\\\/\"},\"author\":{\"name\":\"George Martin\",\"@id\":\"https:\\\/\\\/regbu.com\\\/en\\\/#\\\/schema\\\/person\\\/94ea9deda2629771b8a9ced002f6784e\"},\"headline\":\"V\u00edde\u0148sk\u00fd \u0159\u00edzek jako symbol Rakouska\",\"datePublished\":\"2023-07-18T09:53:59+00:00\",\"dateModified\":\"2025-09-05T05:41:02+00:00\",\"mainEntityOfPage\":{\"@id\":\"https:\\\/\\\/regbu.com\\\/da\\\/vidensky-rizek-som-symbol-paa-austrien\\\/\"},\"wordCount\":450,\"image\":{\"@id\":\"https:\\\/\\\/regbu.com\\\/da\\\/vidensky-rizek-som-symbol-paa-austrien\\\/#primaryimage\"},\"thumbnailUrl\":\"https:\\\/\\\/regbu.com\\\/wp-content\\\/uploads\\\/2023\\\/07\\\/vidensky-rizek-jako-symbol-rakouska.jpg\",\"keywords\":[\"brambory\",\"k\u00fdta\",\"maso\",\"mouka\",\"petr\u017eel\",\"\u0159\u00edzek\",\"strouhanka\",\"telec\u00ed\",\"telec\u00ed k\u00fdta\",\"vejce\",\"v\u00edde\u0148sk\u00fd \u0159\u00edzek\"],\"articleSection\":[\"Va\u0159en\u00ed\"],\"inLanguage\":\"da-DK\"},{\"@type\":\"WebPage\",\"@id\":\"https:\\\/\\\/regbu.com\\\/da\\\/vidensky-rizek-som-symbol-paa-austrien\\\/\",\"url\":\"https:\\\/\\\/regbu.com\\\/da\\\/vidensky-rizek-som-symbol-paa-austrien\\\/\",\"name\":\"V\u00edde\u0148sk\u00fd \u0159\u00edzek jako symbol Rakouska - REGBU.COM\",\"isPartOf\":{\"@id\":\"https:\\\/\\\/regbu.com\\\/en\\\/#website\"},\"primaryImageOfPage\":{\"@id\":\"https:\\\/\\\/regbu.com\\\/da\\\/vidensky-rizek-som-symbol-paa-austrien\\\/#primaryimage\"},\"image\":{\"@id\":\"https:\\\/\\\/regbu.com\\\/da\\\/vidensky-rizek-som-symbol-paa-austrien\\\/#primaryimage\"},\"thumbnailUrl\":\"https:\\\/\\\/regbu.com\\\/wp-content\\\/uploads\\\/2023\\\/07\\\/vidensky-rizek-jako-symbol-rakouska.jpg\",\"datePublished\":\"2023-07-18T09:53:59+00:00\",\"dateModified\":\"2025-09-05T05:41:02+00:00\",\"author\":{\"@id\":\"https:\\\/\\\/regbu.com\\\/en\\\/#\\\/schema\\\/person\\\/94ea9deda2629771b8a9ced002f6784e\"},\"description\":\"Nen\u00ed nic snaz\u0161\u00edho, ne\u017e si p\u0159ipravit lahodn\u00fd v\u00edde\u0148sk\u00fd \u0159\u00edzek. Prozrad\u00edme V\u00e1m, jak takov\u00fd porkm snadno a rychle vytvo\u0159it.\",\"breadcrumb\":{\"@id\":\"https:\\\/\\\/regbu.com\\\/da\\\/vidensky-rizek-som-symbol-paa-austrien\\\/#breadcrumb\"},\"inLanguage\":\"da-DK\",\"potentialAction\":[{\"@type\":\"ReadAction\",\"target\":[\"https:\\\/\\\/regbu.com\\\/da\\\/vidensky-rizek-som-symbol-paa-austrien\\\/\"]}]},{\"@type\":\"ImageObject\",\"inLanguage\":\"da-DK\",\"@id\":\"https:\\\/\\\/regbu.com\\\/da\\\/vidensky-rizek-som-symbol-paa-austrien\\\/#primaryimage\",\"url\":\"https:\\\/\\\/regbu.com\\\/wp-content\\\/uploads\\\/2023\\\/07\\\/vidensky-rizek-jako-symbol-rakouska.jpg\",\"contentUrl\":\"https:\\\/\\\/regbu.com\\\/wp-content\\\/uploads\\\/2023\\\/07\\\/vidensky-rizek-jako-symbol-rakouska.jpg\",\"width\":1200,\"height\":676,\"caption\":\"V\u00edde\u0148sk\u00fd \u0159\u00edzek jako symbol Rakouska\"},{\"@type\":\"BreadcrumbList\",\"@id\":\"https:\\\/\\\/regbu.com\\\/da\\\/vidensky-rizek-som-symbol-paa-austrien\\\/#breadcrumb\",\"itemListElement\":[{\"@type\":\"ListItem\",\"position\":1,\"name\":\"Home\",\"item\":\"https:\\\/\\\/regbu.com\\\/en\\\/\"},{\"@type\":\"ListItem\",\"position\":2,\"name\":\"V\u00edde\u0148sk\u00fd \u0159\u00edzek jako symbol Rakouska\"}]},{\"@type\":\"WebSite\",\"@id\":\"https:\\\/\\\/regbu.com\\\/en\\\/#website\",\"url\":\"https:\\\/\\\/regbu.com\\\/en\\\/\",\"name\":\"REGBU.COM\",\"description\":\"\",\"potentialAction\":[{\"@type\":\"SearchAction\",\"target\":{\"@type\":\"EntryPoint\",\"urlTemplate\":\"https:\\\/\\\/regbu.com\\\/en\\\/?s={search_term_string}\"},\"query-input\":{\"@type\":\"PropertyValueSpecification\",\"valueRequired\":true,\"valueName\":\"search_term_string\"}}],\"inLanguage\":\"da-DK\"},{\"@type\":\"Person\",\"@id\":\"https:\\\/\\\/regbu.com\\\/en\\\/#\\\/schema\\\/person\\\/94ea9deda2629771b8a9ced002f6784e\",\"name\":\"George Martin\",\"url\":\"https:\\\/\\\/regbu.com\\\/da\\\/author\\\/george-martin\\\/\"}]}<\/script>\n<!-- \/ Yoast SEO plugin. -->","yoast_head_json":{"title":"Wienerschnitzel som symbol p\u00e5 \u00d8strig - REGBU.COM","description":"Der er ikke noget nemmere end at tilberede en l\u00e6kker wienerschnitzel. Vi viser dig, hvordan du hurtigt og nemt kan lave s\u00e5dan en fl\u00e6skesteg.","robots":{"index":"index","follow":"follow","max-snippet":"max-snippet:-1","max-image-preview":"max-image-preview:large","max-video-preview":"max-video-preview:-1"},"canonical":"https:\/\/regbu.com\/da\/vidensky-rizek-som-symbol-paa-austrien\/","og_locale":"da_DK","og_type":"article","og_title":"V\u00edde\u0148sk\u00fd \u0159\u00edzek jako symbol Rakouska - REGBU.COM","og_description":"Nen\u00ed nic snaz\u0161\u00edho, ne\u017e si p\u0159ipravit lahodn\u00fd v\u00edde\u0148sk\u00fd \u0159\u00edzek. Prozrad\u00edme V\u00e1m, jak takov\u00fd porkm snadno a rychle vytvo\u0159it.","og_url":"https:\/\/regbu.com\/da\/vidensky-rizek-som-symbol-paa-austrien\/","og_site_name":"REGBU.COM","article_published_time":"2023-07-18T09:53:59+00:00","article_modified_time":"2025-09-05T05:41:02+00:00","og_image":[{"width":1200,"height":676,"url":"https:\/\/regbu.com\/wp-content\/uploads\/2023\/07\/vidensky-rizek-jako-symbol-rakouska.jpg","type":"image\/jpeg"}],"author":"George Martin","twitter_card":"summary_large_image","twitter_misc":{"Skrevet af":"George Martin","Estimeret l\u00e6setid":"2 minutter"},"schema":{"@context":"https:\/\/schema.org","@graph":[{"@type":"Article","@id":"https:\/\/regbu.com\/da\/vidensky-rizek-som-symbol-paa-austrien\/#article","isPartOf":{"@id":"https:\/\/regbu.com\/da\/vidensky-rizek-som-symbol-paa-austrien\/"},"author":{"name":"George Martin","@id":"https:\/\/regbu.com\/en\/#\/schema\/person\/94ea9deda2629771b8a9ced002f6784e"},"headline":"V\u00edde\u0148sk\u00fd \u0159\u00edzek jako symbol Rakouska","datePublished":"2023-07-18T09:53:59+00:00","dateModified":"2025-09-05T05:41:02+00:00","mainEntityOfPage":{"@id":"https:\/\/regbu.com\/da\/vidensky-rizek-som-symbol-paa-austrien\/"},"wordCount":450,"image":{"@id":"https:\/\/regbu.com\/da\/vidensky-rizek-som-symbol-paa-austrien\/#primaryimage"},"thumbnailUrl":"https:\/\/regbu.com\/wp-content\/uploads\/2023\/07\/vidensky-rizek-jako-symbol-rakouska.jpg","keywords":["brambory","k\u00fdta","maso","mouka","petr\u017eel","\u0159\u00edzek","strouhanka","telec\u00ed","telec\u00ed k\u00fdta","vejce","v\u00edde\u0148sk\u00fd \u0159\u00edzek"],"articleSection":["Va\u0159en\u00ed"],"inLanguage":"da-DK"},{"@type":"WebPage","@id":"https:\/\/regbu.com\/da\/vidensky-rizek-som-symbol-paa-austrien\/","url":"https:\/\/regbu.com\/da\/vidensky-rizek-som-symbol-paa-austrien\/","name":"Wienerschnitzel som symbol p\u00e5 \u00d8strig - REGBU.COM","isPartOf":{"@id":"https:\/\/regbu.com\/en\/#website"},"primaryImageOfPage":{"@id":"https:\/\/regbu.com\/da\/vidensky-rizek-som-symbol-paa-austrien\/#primaryimage"},"image":{"@id":"https:\/\/regbu.com\/da\/vidensky-rizek-som-symbol-paa-austrien\/#primaryimage"},"thumbnailUrl":"https:\/\/regbu.com\/wp-content\/uploads\/2023\/07\/vidensky-rizek-jako-symbol-rakouska.jpg","datePublished":"2023-07-18T09:53:59+00:00","dateModified":"2025-09-05T05:41:02+00:00","author":{"@id":"https:\/\/regbu.com\/en\/#\/schema\/person\/94ea9deda2629771b8a9ced002f6784e"},"description":"Der er ikke noget nemmere end at tilberede en l\u00e6kker wienerschnitzel. Vi viser dig, hvordan du hurtigt og nemt kan lave s\u00e5dan en fl\u00e6skesteg.","breadcrumb":{"@id":"https:\/\/regbu.com\/da\/vidensky-rizek-som-symbol-paa-austrien\/#breadcrumb"},"inLanguage":"da-DK","potentialAction":[{"@type":"ReadAction","target":["https:\/\/regbu.com\/da\/vidensky-rizek-som-symbol-paa-austrien\/"]}]},{"@type":"ImageObject","inLanguage":"da-DK","@id":"https:\/\/regbu.com\/da\/vidensky-rizek-som-symbol-paa-austrien\/#primaryimage","url":"https:\/\/regbu.com\/wp-content\/uploads\/2023\/07\/vidensky-rizek-jako-symbol-rakouska.jpg","contentUrl":"https:\/\/regbu.com\/wp-content\/uploads\/2023\/07\/vidensky-rizek-jako-symbol-rakouska.jpg","width":1200,"height":676,"caption":"V\u00edde\u0148sk\u00fd \u0159\u00edzek jako symbol Rakouska"},{"@type":"BreadcrumbList","@id":"https:\/\/regbu.com\/da\/vidensky-rizek-som-symbol-paa-austrien\/#breadcrumb","itemListElement":[{"@type":"ListItem","position":1,"name":"Home","item":"https:\/\/regbu.com\/en\/"},{"@type":"ListItem","position":2,"name":"V\u00edde\u0148sk\u00fd \u0159\u00edzek jako symbol Rakouska"}]},{"@type":"WebSite","@id":"https:\/\/regbu.com\/en\/#website","url":"https:\/\/regbu.com\/en\/","name":"REGBU.COM","description":"","potentialAction":[{"@type":"SearchAction","target":{"@type":"EntryPoint","urlTemplate":"https:\/\/regbu.com\/en\/?s={search_term_string}"},"query-input":{"@type":"PropertyValueSpecification","valueRequired":true,"valueName":"search_term_string"}}],"inLanguage":"da-DK"},{"@type":"Person","@id":"https:\/\/regbu.com\/en\/#\/schema\/person\/94ea9deda2629771b8a9ced002f6784e","name":"George Martin","url":"https:\/\/regbu.com\/da\/author\/george-martin\/"}]}},"_links":{"self":[{"href":"https:\/\/regbu.com\/da\/wp-json\/wp\/v2\/posts\/1144","targetHints":{"allow":["GET"]}}],"collection":[{"href":"https:\/\/regbu.com\/da\/wp-json\/wp\/v2\/posts"}],"about":[{"href":"https:\/\/regbu.com\/da\/wp-json\/wp\/v2\/types\/post"}],"author":[{"embeddable":true,"href":"https:\/\/regbu.com\/da\/wp-json\/wp\/v2\/users\/2"}],"replies":[{"embeddable":true,"href":"https:\/\/regbu.com\/da\/wp-json\/wp\/v2\/comments?post=1144"}],"version-history":[{"count":2,"href":"https:\/\/regbu.com\/da\/wp-json\/wp\/v2\/posts\/1144\/revisions"}],"predecessor-version":[{"id":1151,"href":"https:\/\/regbu.com\/da\/wp-json\/wp\/v2\/posts\/1144\/revisions\/1151"}],"wp:featuredmedia":[{"embeddable":true,"href":"https:\/\/regbu.com\/da\/wp-json\/wp\/v2\/media\/1145"}],"wp:attachment":[{"href":"https:\/\/regbu.com\/da\/wp-json\/wp\/v2\/media?parent=1144"}],"wp:term":[{"taxonomy":"category","embeddable":true,"href":"https:\/\/regbu.com\/da\/wp-json\/wp\/v2\/categories?post=1144"},{"taxonomy":"post_tag","embeddable":true,"href":"https:\/\/regbu.com\/da\/wp-json\/wp\/v2\/tags?post=1144"}],"curies":[{"name":"wp","href":"https:\/\/api.w.org\/{rel}","templated":true}]}}